{"id":109728,"date":"2012-05-28T11:04:20","date_gmt":"2012-05-28T08:04:20","guid":{"rendered":"http:\/\/www.nationalturk.com\/?p=109728"},"modified":"2022-08-26T12:57:58","modified_gmt":"2022-08-26T09:57:58","slug":"uefanin-turkiye-hakkindaki-son-karari-bu-hafta-bekleniyor109728","status":"publish","type":"post","link":"https:\/\/www.nationalturk.com\/tr\/uefanin-turkiye-hakkindaki-son-karari-bu-hafta-bekleniyor109728\/","title":{"rendered":"UEFA&#8217;n\u0131n T\u00fcrkiye Hakk\u0131ndaki Son Karar\u0131 Bu Hafta Bekleniyor"},"content":{"rendered":"<h1><a href=\"http:\/\/www.nationalturk.com\/tr\/wp-content\/uploads\/2012\/05\/\u0130nfantino-Platini.jpg\"><img loading=\"lazy\" decoding=\"async\" class=\"alignnone size-full wp-image-109792\" src=\"http:\/\/www.nationalturk.com\/tr\/wp-content\/uploads\/2012\/05\/\u0130nfantino-Platini.jpg\" alt=\"\" width=\"610\" height=\"320\" title=\"\"><\/a><\/h1>\n<h1>UEFA&#8217;n\u0131n disiplin m\u00fcffeti\u015fleri T\u00fcrkiye hakk\u0131ndaki raporlar\u0131n\u0131 tamamlay\u0131p icra komitesine sundular. G\u00fcndemde \u00e7ok a\u011f\u0131r cezalar var<\/h1>\n<p>emmuz&#8217;dan bu yana T\u00fcrk futbolunun ana g\u00fcndem maddesi olan \u015fike soru\u015fturmas\u0131nda art\u0131k son d\u00f6nemece girildi&#8230;<\/p>\n<p>T\u00fcrkiye Futbol Federasyonu Disiplin Kurulu&#8217;nun a\u00e7\u0131klad\u0131\u011f\u0131 kararlar\u0131n ard\u0131ndan g\u00f6zlerin \u00e7evrildi\u011fi UEFA da bu hafta i\u00e7inde beklenen a\u00e7\u0131klamay\u0131 yapacak. \u00c7ar\u015famba g\u00fcn\u00fcne kadar ger\u00e7ekle\u015ftirilecek kritik toplant\u0131lar\u0131n ard\u0131ndan T\u00fcrkiye&#8217;nin kaderi belirlenecek. \u0130\u015fte kritik haftada ya\u015fanacaklar&#8230;<\/p>\n<h2><strong>M\u00dcFETT\u0130\u015eLER\u0130N RAPORU BEL\u0130RLEY\u0130C\u0130 OLACAK<\/strong><\/h2>\n<p>Ba\u015fkanl\u0131\u011f\u0131n\u0131 Avusturyal\u0131 Dr. Thomas Partl&#8217;\u0131n yapt\u0131\u011f\u0131 10 ki\u015filik UEFA Disiplin Komitesi bug\u00fcn Nyon&#8217;da bir araya gelecek. 8 disiplin m\u00fcfetti\u015finin haz\u0131rlad\u0131\u011f\u0131 rapor, komitenin karar\u0131nda belirleyicilik g\u00f6sterecek. Ayr\u0131ca TFF Etik Kurulu&#8217;nun iki raporu, PFDK&#8217;n\u0131n \u015fike soru\u015fturmas\u0131 hakk\u0131ndaki gerek\u00e7eli karar\u0131, Savc\u0131l\u0131k&#8217;\u0131n haz\u0131rlad\u0131\u011f\u0131 iddianame ve TFF&#8217;nin UEFA&#8217;ya g\u00f6nderdi\u011fi tavsiye mektubu da Disiplin Komitesi&#8217;nin masas\u0131nda olacak.<\/p>\n<p><strong>HERKES B\u00dcY\u00dcK MERAK \u0130\u00c7\u0130NDE BEKL\u0130YOR<\/strong><\/p>\n<p>\u00dcyeler aras\u0131nda Galatasaray&#8217;\u0131n eski y\u0131ld\u0131z\u0131 Gheorghe Popescu&#8217;nun da bulundu\u011fu Disiplin Komitesi \u00e7ar\u015famba g\u00fcn\u00fcne kadar \u00e7ok kritik toplant\u0131lar yapacak. T\u00fcm bilgi ve belgeler incelenecek. Sonras\u0131nda da UEFA&#8217;ya gerek\u00e7eli karar sunulacak. Ard\u0131ndan top UEFA&#8217;da olacak. Avrupa futbolunun patronunun T\u00fcrkiye hakk\u0131nda verece\u011fi karar herkes taraf\u0131ndan b\u00fcy\u00fck bir merakla bekleniyor.<\/p>\n<p><strong>CEZA \u00c7IKARSA G\u00d6ZLER TAHK\u0130M&#8217;DE!<\/strong><\/p>\n<p>Futbol Federasyonu ve \u00f6zellikle Fenerbah\u00e7e cephesinde gergin bir bekleyi\u015f hakim&#8230; UEFA&#8217;n\u0131n PFDK&#8217;n\u0131n \u015fike karar\u0131n\u0131 yeterli g\u00f6rmedi\u011fi ve baz\u0131 kul\u00fcplerimizi Avrupa Kupalar\u0131&#8217;ndan men edece\u011fi ciddi \u015fekilde konu\u015fuluyor. E\u011fer b\u00f6yle bir cezayla kar\u015f\u0131 kar\u015f\u0131ya kal\u0131rsak Tahkim s\u00fcreci ba\u015flayacak. 12 ki\u015fiden olu\u015fan UEFA Tahkim Kurulu, yap\u0131lacak itirazlar\u0131 inceleyecek ve son noktay\u0131 koyacak.<\/p>\n<p><strong>PLAT\u0130N\u0130 KONU\u015eMUYOR!!!<\/strong><\/p>\n<p>UEFA Ba\u015fkan\u0131 Michael Platini d\u00fcn gazetecilerin \u015fike soru\u015fturmas\u0131 hakk\u0131ndaki sorular\u0131n\u0131 yan\u0131ts\u0131z b\u0131rakt\u0131&#8230; Art\u0131k karar s\u00fcrecine girdiklerini ifade eden Platini, &#8220;Bu saatten sonra konu\u015fmak do\u011fru olmaz&#8221; ifadesini kulland\u0131.<\/p>\n<p><strong>ELiNDE NELER VAR<\/strong><\/p>\n<p>Ayd\u0131nlar d\u00f6neminde a\u00e7\u0131klanan 1. Etik Kurulu raporu. Y\u0131ld\u0131r\u0131m Demir\u00f6ren d\u00f6neminde a\u00e7\u0131klanan 2. Etik Kurulu raporu. Savc\u0131l\u0131k iddianamesi ve y\u00fczlerce sayfa tape. PFDK&#8217;n\u0131n gerek\u00e7eli karar\u0131 ve TFF&#8217;nin tavsiye mektubu. UEFA, Medya Takip Merkezi&#8217;nin haz\u0131rlad\u0131\u011f\u0131 binlerce sayfal\u0131k rapor.<\/p>\n<p><strong>Herkesin g\u00f6z\u00fc bu isimlerde!<br \/>\nUEFA TAHK\u0130M KURULU<\/strong><br \/>\nP.T.Marques (Ba\u015fkan) . . . .\u0130spanya<br \/>\nBj\u00f6rn Ahlberg . . . . . . . . . . . . .\u0130sve\u00e7<br \/>\nDr. Levent B\u0131\u00e7akc\u0131 . . . . . . . .T\u00fcrkiye<br \/>\nBarry W. Bright . . . . . . . . .\u0130ngiltere<br \/>\nGoetz Eilers . . . . . . . . . . .Almanya<br \/>\nMario Gallavotti . . . . . . . . . .\u0130talya<br \/>\nIvaylo Ivkov . . . . . . . . .Bulgaristan<br \/>\nM.Joseph Maessen . . . . .Hollanda<br \/>\nAntonio Mortagua . . . . . .Portekiz<br \/>\nPatricia Moyersoen . . . . . . .Fransa<br \/>\nMichel Wuilleret . . . . . . . . . .\u0130svi\u00e7re Olga<br \/>\nZhukovska . . . . . . . .Ukrayna<\/p>\n<p>* Levent B\u0131\u00e7ak\u00e7\u0131, taraf olabilece\u011fi i\u00e7in Tahkim&#8217;de oy kullanamayacak.<\/p>\n<p><strong>D\u0130S\u0130PL\u0130N M\u00dcFETT\u0130\u015eLER\u0130<\/strong><br \/>\nC.Georghiades (Ba\u015fkan) K.Rus Kes.<br \/>\nAnna Bordiugova . . . . . . .Ukrayna<br \/>\nDavid Casserly . . . . . . . . . . .\u0130rlanda<br \/>\nKarl Dhont . . . . . . . . . . . . . .Bel\u00e7ika<br \/>\nPetr Dolezal . . . . . . . . . . .\u00c7ek Cum.<br \/>\nJosef Geisler . . . . . . . . . .Avusturya<br \/>\n\u0130lhan Helvac\u0131 . . . . . . . . . . . .T\u00fcrkiye<br \/>\nJ.Samuel Leuba . . . . . . . . . . .\u0130svi\u00e7re<br \/>\nP.J. van Zunderd . . . . . . .Hollanda<\/p>\n<p>* \u0130lhan Helvac\u0131, bu soru\u015fturmada herhangi bir g\u00f6rev \u00fcstlenmedi.<\/p>\n<!-- Error, Advert is not available at this time due to schedule\/geolocation restrictions! -->\n","protected":false},"excerpt":{"rendered":"<p>UEFA&#8217;n\u0131n disiplin m\u00fcffeti\u015fleri T\u00fcrkiye hakk\u0131ndaki raporlar\u0131n\u0131 tamamlay\u0131p icra komitesine sundular. G\u00fcndemde \u00e7ok a\u011f\u0131r cezalar var<\/p>\n","protected":false},"author":761,"featured_media":109792,"comment_status":"open","ping_status":"open","sticky":false,"template":"","format":"standard","meta":{"_acf_changed":false,"footnotes":""},"categories":[6774,6155,5005,349,6194],"tags":[7801,38452,6477,92427,847,9427,27658,99235,101599,101601,97806,100437,74821,101600,2269],"class_list":["post-109728","post","type-post","status-publish","format-standard","has-post-thumbnail","hentry","category-futbol","category-gundem","category-manset","category-son-dakika","category-spor","tag-pfdk","tag-tahkim-kurulu-tff-pfdk","tag-tff","tag-tff-baskani-yildirim-demiroren","tag-uefa","tag-uefa-baskani-michel-platini","tag-uefa-baskani-platini","tag-uefa-ceza","tag-uefa-ceza-komitesi","tag-uefa-nyon","tag-uefa-sike-belgeleri","tag-uefa-sike-dosyasi","tag-uefa-sike-karari","tag-uefa-tahkim-kurulu","tag-yildirim-demiroren"],"acf":[],"_links":{"self":[{"href":"https:\/\/www.nationalturk.com\/tr\/wp-json\/wp\/v2\/posts\/109728","targetHints":{"allow":["GET"]}}],"collection":[{"href":"https:\/\/www.nationalturk.com\/tr\/wp-json\/wp\/v2\/posts"}],"about":[{"href":"https:\/\/www.nationalturk.com\/tr\/wp-json\/wp\/v2\/types\/post"}],"author":[{"embeddable":true,"href":"https:\/\/www.nationalturk.com\/tr\/wp-json\/wp\/v2\/users\/761"}],"replies":[{"embeddable":true,"href":"https:\/\/www.nationalturk.com\/tr\/wp-json\/wp\/v2\/comments?post=109728"}],"version-history":[{"count":0,"href":"https:\/\/www.nationalturk.com\/tr\/wp-json\/wp\/v2\/posts\/109728\/revisions"}],"wp:featuredmedia":[{"embeddable":true,"href":"https:\/\/www.nationalturk.com\/tr\/wp-json\/wp\/v2\/media\/109792"}],"wp:attachment":[{"href":"https:\/\/www.nationalturk.com\/tr\/wp-json\/wp\/v2\/media?parent=109728"}],"wp:term":[{"taxonomy":"category","embeddable":true,"href":"https:\/\/www.nationalturk.com\/tr\/wp-json\/wp\/v2\/categories?post=109728"},{"taxonomy":"post_tag","embeddable":true,"href":"https:\/\/www.nationalturk.com\/tr\/wp-json\/wp\/v2\/tags?post=109728"}],"curies":[{"name":"wp","href":"https:\/\/api.w.org\/{rel}","templated":true}]}}