{"id":109812,"date":"2012-05-30T12:20:22","date_gmt":"2012-05-30T09:20:22","guid":{"rendered":"http:\/\/www.nationalturk.com\/?p=109812"},"modified":"2012-05-30T15:06:21","modified_gmt":"2012-05-30T12:06:21","slug":"julian-assange-davsinda-karar-gunu-109812","status":"publish","type":"post","link":"https:\/\/www.nationalturk.com\/tr\/julian-assange-davsinda-karar-gunu-109812\/","title":{"rendered":"Julian Assange Davas\u0131nda Karar G\u00fcn\u00fc"},"content":{"rendered":"<h1><a href=\"http:\/\/www.nationalturk.com\/tr\/wp-content\/uploads\/2012\/05\/Julian-Assange.jpg\"><img loading=\"lazy\" decoding=\"async\" class=\"alignnone size-full wp-image-110030\" src=\"http:\/\/www.nationalturk.com\/tr\/wp-content\/uploads\/2012\/05\/Julian-Assange.jpg\" alt=\"\" width=\"610\" height=\"320\" title=\"\"><\/a><\/h1>\n<h1>Temyiz mahkemesi bug\u00fcn Julian Assange&#8217;\u0131n cinsel taciz ve tecav\u00fczle su\u00e7land\u0131\u011f\u0131 \u0130sve\u00e7&#8217;e iadesi ile ilgili karar\u0131n\u0131 a\u00e7\u0131klayacak.<\/h1>\n<p>Wikileaks kurucusu Julian Assange, hakk\u0131ndaki tutuklama karar\u0131n\u0131n ge\u00e7ersiz oldu\u011funu iddia ediyor.\u00a0\u015eubat ay\u0131nda Assange&#8217;\u0131n avukatlar\u0131 tutuklama karar\u0131n\u0131 \u00e7\u0131kartan savc\u0131n\u0131n bunu yapmaya yetkisi bulunmad\u0131\u011f\u0131n\u0131 a\u00e7\u0131klam\u0131\u015ft\u0131.\u00a040 ya\u015f\u0131ndaki Avustralya vatanda\u015f\u0131 Assange bir s\u00fcredir \u0130ngiltere&#8217;de yarg\u0131lan\u0131yor.\u00a0Asange 2010 y\u0131l\u0131nda Stokholm&#8217;de bir kad\u0131na tecav\u00fcz etmekle ve bir di\u011ferini de taciz etmekle su\u00e7lan\u0131yor ancak su\u00e7lamalar\u0131n politik sebeplerle y\u00f6neltildi\u011fini iddia ediyor.\u00a0Assange&#8217;\u0131n kurdu\u011fu internet sitesi Wikileaks bir \u00e7ok \u00fclkenin gizli diplomatik yaz\u0131\u015fmalar\u0131n\u0131 yay\u0131nlam\u0131\u015ft\u0131.<\/p>\n<p>Temyiz mahkemesi bug\u00fcn tutuklama emrini \u00e7\u0131karan \u0130sve\u00e7li savc\u0131n\u0131n buna yetkisi olup olmad\u0131\u011f\u0131na karar verecek.<\/p>\n<h2>Julian Assange hakk\u0131ndaki karar tekrar temyize gidilebilir mi?<\/h2>\n<p>\u015eubat ay\u0131ndaki duru\u015fmada Assange&#8217;\u0131n avukat\u0131 Dinah Rose tutuklama emrini \u00e7\u0131kartan savc\u0131n\u0131n davada taraf oldu\u011funu bu nedenle de tarafs\u0131z olmad\u0131\u011f\u0131n\u0131 iddia etmi\u015fti.\u00a0Assange e\u011fer temyiz mahkemesindeki davay\u0131 kaybederse Avrupa \u0130nsan Haklar\u0131 Mahkemesi&#8217;ne ba\u015fvurabilir.<\/p>\n<p>E\u011fer A\u0130HM davas\u0131n\u0131 almay\u0131 kabul ederse,Julian \u00a0Assange \u0130sve\u00e7&#8217;e iade edilmesi ile ilgili karar\u0131 ask\u0131ya ald\u0131r\u0131p \u0130ngiltere&#8217;de kalmaya devam edebilir.<\/p>\n<p>Ancak \u0130ngiliz Savc\u0131lar Avrupa \u0130nsan Haklar\u0131 Mahkemesi&#8217;nin ba\u015fvuruyu reddetmesi durumunda Assange&#8217;\u0131n \u0130sve\u00e7&#8217;e iadesinin h\u0131zla ger\u00e7ekle\u015ftirilece\u011fini s\u00f6yl\u00fcyor.<\/p>\n<!-- Error, Advert is not available at this time due to schedule\/geolocation restrictions! -->\n<p>&nbsp;<\/p>\n","protected":false},"excerpt":{"rendered":"<p>Temyiz mahkemesi bug\u00fcn Julian Assange&#8217;\u0131n cinsel taciz ve tecav\u00fczle su\u00e7land\u0131\u011f\u0131 \u0130sve\u00e7&#8217;e iadesi ile ilgili karar\u0131n\u0131 a\u00e7\u0131klayacak.<\/p>\n","protected":false},"author":761,"featured_media":110030,"comment_status":"open","ping_status":"open","sticky":false,"template":"","format":"standard","meta":{"_acf_changed":false,"footnotes":""},"categories":[6155,5005,1,349],"tags":[84393,84395,84390,84394,65871,55381,55383,55452],"class_list":["post-109812","post","type-post","status-publish","format-standard","has-post-thumbnail","hentry","category-gundem","category-manset","category-nationalturk","category-son-dakika","tag-julian-assange-davasi","tag-julian-assange-iade-edilecek","tag-julian-assange-isvec","tag-julian-assange-isvec-iade","tag-julian-assange-wikileaks","tag-wikileaks","tag-wikileaks-gizli-belgeler","tag-wikileaks-skandal"],"acf":[],"_links":{"self":[{"href":"https:\/\/www.nationalturk.com\/tr\/wp-json\/wp\/v2\/posts\/109812","targetHints":{"allow":["GET"]}}],"collection":[{"href":"https:\/\/www.nationalturk.com\/tr\/wp-json\/wp\/v2\/posts"}],"about":[{"href":"https:\/\/www.nationalturk.com\/tr\/wp-json\/wp\/v2\/types\/post"}],"author":[{"embeddable":true,"href":"https:\/\/www.nationalturk.com\/tr\/wp-json\/wp\/v2\/users\/761"}],"replies":[{"embeddable":true,"href":"https:\/\/www.nationalturk.com\/tr\/wp-json\/wp\/v2\/comments?post=109812"}],"version-history":[{"count":0,"href":"https:\/\/www.nationalturk.com\/tr\/wp-json\/wp\/v2\/posts\/109812\/revisions"}],"wp:featuredmedia":[{"embeddable":true,"href":"https:\/\/www.nationalturk.com\/tr\/wp-json\/wp\/v2\/media\/110030"}],"wp:attachment":[{"href":"https:\/\/www.nationalturk.com\/tr\/wp-json\/wp\/v2\/media?parent=109812"}],"wp:term":[{"taxonomy":"category","embeddable":true,"href":"https:\/\/www.nationalturk.com\/tr\/wp-json\/wp\/v2\/categories?post=109812"},{"taxonomy":"post_tag","embeddable":true,"href":"https:\/\/www.nationalturk.com\/tr\/wp-json\/wp\/v2\/tags?post=109812"}],"curies":[{"name":"wp","href":"https:\/\/api.w.org\/{rel}","templated":true}]}}