{"id":109833,"date":"2012-05-28T15:56:27","date_gmt":"2012-05-28T12:56:27","guid":{"rendered":"http:\/\/www.nationalturk.com\/?p=109833"},"modified":"2012-05-28T15:56:27","modified_gmt":"2012-05-28T12:56:27","slug":"altin-palmiye-odulu-amour-filmi-109833","status":"publish","type":"post","link":"https:\/\/www.nationalturk.com\/tr\/altin-palmiye-odulu-amour-filmi-109833\/","title":{"rendered":"Alt\u0131n Palmiye \u00f6d\u00fcl\u00fc &#8220;Amour&#8221; filmine verildi"},"content":{"rendered":"<h1><a href=\"http:\/\/www.nationalturk.com\/tr\/wp-content\/uploads\/2012\/05\/altin-palmiye-odulu-nationalturk.jpg\"><img loading=\"lazy\" decoding=\"async\" class=\"alignleft size-medium wp-image-109836\" title=\"Alt\u0131n Palmiye \u00f6d\u00fcl\u00fc &quot;Amour&quot; filmine verildi\" src=\"http:\/\/www.nationalturk.com\/tr\/wp-content\/uploads\/2012\/05\/altin-palmiye-odulu-nationalturk-192x220.jpg\" alt=\"\" width=\"192\" height=\"220\" srcset=\"https:\/\/www.nationalturk.com\/tr\/wp-content\/uploads\/2012\/05\/altin-palmiye-odulu-nationalturk-192x220.jpg 192w, https:\/\/www.nationalturk.com\/tr\/wp-content\/uploads\/2012\/05\/altin-palmiye-odulu-nationalturk-349x400.jpg 349w, https:\/\/www.nationalturk.com\/tr\/wp-content\/uploads\/2012\/05\/altin-palmiye-odulu-nationalturk.jpg 622w\" sizes=\"auto, (max-width: 192px) 100vw, 192px\" \/><\/a>Alt\u0131n Palmiye \u00f6d\u00fcl\u00fc &#8220;Amour&#8221; filmine verildi.\u00a065. Cannes Film Festivali&#8217;nde en b\u00fcy\u00fck \u00f6d\u00fcl olan &#8221;Alt\u0131n Palmiye&#8221;, bu y\u0131l Avusturyal\u0131 Michael Haneke&#8217;nin &#8221;Amour&#8221; \u00a0filmine verildi.<\/h1>\n<p>Michael Haneke, &#8221;Ruban Blanc&#8221; isimli filmiyle 2009 y\u0131l\u0131ndaki Cannes festivalinde de &#8221;Alt\u0131n Palmiye&#8221; \u00f6d\u00fcl\u00fc kazanm\u0131\u015ft\u0131.<\/p>\n<p>Bu y\u0131lki &#8221;Alt\u0131n Palmiye&#8221;yi kazanan &#8221;Amour&#8221;(A\u015fk) filmi, iki ya\u015fl\u0131 \u00e7iftin tutkulu a\u015fk hikayesini anlat\u0131yor. Filmde ba\u015frolleri 81 ya\u015f\u0131ndaki Jean-Louis Trintignant ve 85 ya\u015f\u0131ndaki Emmanuelle Riva oynuyor.<\/p>\n<p>Paris ve Viyana&#8217;da ya\u015fayan Avusturyal\u0131 y\u00f6netmen \u00f6d\u00fcl t\u00f6reninde yapt\u0131\u011f\u0131 konu\u015fmada, filmin ya\u015fl\u0131 ba\u015f rol oyuncular\u0131na te\u015fekk\u00fcr etti ve bu oyuncular\u0131n performans\u0131n\u0131n filmin ba\u015far\u0131s\u0131n\u0131 getirdi\u011fini s\u00f6yledi.<\/p>\n<p>Festivalde en iyi senaryo \u00f6d\u00fcl\u00fcne, Romen y\u00f6netmen Cristian Mungiu&#8217;nun &#8221;Au-dela des collines&#8221; isimli filmi lay\u0131k g\u00f6r\u00fcld\u00fc.<br \/>\nJ\u00fcri bu y\u0131l &#8221;en iyi y\u00f6netmen \u00f6d\u00fcl\u00fcn\u00fc&#8221; ise&#8221;Post tenebras lux&#8221; isimli filmiyle Meksikal\u0131 y\u00f6netmen Carlos Reygadas&#8217;a verdi.<br \/>\nFestivalde bu y\u0131lki &#8221;j\u00fcri \u00f6d\u00fcl\u00fc&#8221; ise 75 ya\u015f\u0131ndaki \u0130ngiliz y\u00f6netmen \u0130ngiliz Ken Loch&#8217;\u0131n, &#8221;La part des anges&#8221; isimli filmine verildi.<\/p>\n<p>Cannes festivallerinden ald\u0131\u011f\u0131 \u00f6d\u00fcl say\u0131s\u0131n\u0131 be\u015fe \u00e7\u0131kartan \u0130ngiliz y\u00f6netmen, t\u00f6rende yapt\u0131\u011f\u0131 konu\u015fmada, \u00f6d\u00fcl\u00fc d\u00fcnyada kemer s\u0131kma politikalar\u0131na kar\u015f\u0131 \u00e7\u0131kanlara adad\u0131\u011f\u0131n\u0131 s\u00f6yledi.<\/p>\n<p>Festivalde, &#8221;Alt\u0131n Kamera&#8221; \u00f6d\u00fcl\u00fc ABD&#8217;li y\u00f6netmen Benh Zeitlin&#8217;in, &#8221;Les Betes du Sud sauvage&#8221; isimli filmine &#8221;festival b\u00fcy\u00fck \u00f6d\u00fcl\u00fcn\u00fc&#8221; de \u0130talyan y\u00f6netmen Matteo Garrone&#8217;nin &#8221;Reality&#8221; isimli filmine verdi.<\/p>\n<p>&#8221;En iyi erkek oyuncu&#8221; \u00f6d\u00fcl\u00fcn\u00fc, Danimarkal\u0131 akt\u00f6r Mads Mikkelsen, Tnomas Vinterberg&#8217;in y\u00f6netti\u011fi &#8221;La Chasse&#8221; isimli filmdeki performans\u0131yla kazan\u0131rken, &#8221;en iyi kad\u0131n oyuncu&#8221; \u00f6d\u00fcl\u00fcn\u00fc ise iki Romen Cosmina Stratan ve Cristina Flutur, y\u00f6netmen Cristian Mungiu&#8217;nun, &#8221;Au-dela des collines&#8221; isimli filminde g\u00f6sterdikleri performansla elde etti.<\/p>\n<!-- Error, Advert is not available at this time due to schedule\/geolocation restrictions! -->\n","protected":false},"excerpt":{"rendered":"<p>Alt\u0131n Palmiye \u00f6d\u00fcl\u00fc Amour filmine verildi.  Cannes Film Festivali&#8217;nde en b\u00fcy\u00fck \u00f6d\u00fcl\u00fc Alt\u0131n Palmiye, Michael Haneke&#8217;nin Amour  filmine verildi.<\/p>\n","protected":false},"author":3,"featured_media":183792,"comment_status":"open","ping_status":"open","sticky":false,"template":"","format":"standard","meta":{"_acf_changed":false,"footnotes":""},"categories":[6770,6665,6666,6155,5005],"tags":[100552,101659,101658,2908,101661,67002,12],"class_list":["post-109833","post","type-post","status-publish","format-standard","has-post-thumbnail","hentry","category-avrupa","category-dunya","category-etkinlikler","category-gundem","category-manset","tag-65-cannes-film-festivali","tag-altin-palmiye","tag-altin-palmiye-odulu","tag-cannes","tag-cannes-festivali","tag-cannes-film-festivali","tag-paris"],"acf":[],"_links":{"self":[{"href":"https:\/\/www.nationalturk.com\/tr\/wp-json\/wp\/v2\/posts\/109833","targetHints":{"allow":["GET"]}}],"collection":[{"href":"https:\/\/www.nationalturk.com\/tr\/wp-json\/wp\/v2\/posts"}],"about":[{"href":"https:\/\/www.nationalturk.com\/tr\/wp-json\/wp\/v2\/types\/post"}],"author":[{"embeddable":true,"href":"https:\/\/www.nationalturk.com\/tr\/wp-json\/wp\/v2\/users\/3"}],"replies":[{"embeddable":true,"href":"https:\/\/www.nationalturk.com\/tr\/wp-json\/wp\/v2\/comments?post=109833"}],"version-history":[{"count":0,"href":"https:\/\/www.nationalturk.com\/tr\/wp-json\/wp\/v2\/posts\/109833\/revisions"}],"wp:featuredmedia":[{"embeddable":true,"href":"https:\/\/www.nationalturk.com\/tr\/wp-json\/wp\/v2\/media\/183792"}],"wp:attachment":[{"href":"https:\/\/www.nationalturk.com\/tr\/wp-json\/wp\/v2\/media?parent=109833"}],"wp:term":[{"taxonomy":"category","embeddable":true,"href":"https:\/\/www.nationalturk.com\/tr\/wp-json\/wp\/v2\/categories?post=109833"},{"taxonomy":"post_tag","embeddable":true,"href":"https:\/\/www.nationalturk.com\/tr\/wp-json\/wp\/v2\/tags?post=109833"}],"curies":[{"name":"wp","href":"https:\/\/api.w.org\/{rel}","templated":true}]}}