{"id":109915,"date":"2012-05-29T12:27:25","date_gmt":"2012-05-29T09:27:25","guid":{"rendered":"http:\/\/www.nationalturk.com\/?p=109915"},"modified":"2012-05-29T12:27:35","modified_gmt":"2012-05-29T09:27:35","slug":"devlet-bahceli-kurtaj-uludere-iliskisi-yakisiksiz-109915","status":"publish","type":"post","link":"https:\/\/www.nationalturk.com\/tr\/devlet-bahceli-kurtaj-uludere-iliskisi-yakisiksiz-109915\/","title":{"rendered":"Devlet Bah\u00e7eli: K\u00fcrtaj Uludere ili\u015fkisi yak\u0131\u015f\u0131ks\u0131z"},"content":{"rendered":"<h1><img loading=\"lazy\" decoding=\"async\" class=\"alignnone size-full wp-image-109916\" title=\"Devlet Bah\u00e7eli \" src=\"http:\/\/www.nationalturk.com\/tr\/wp-content\/uploads\/2012\/05\/devlet_bahceli_basinn.jpg\" alt=\"\" width=\"610\" height=\"387\"><\/h1>\n<h1>MHP Genel Ba\u015fkan\u0131 Devlet Bah\u00e7eli, Ba\u015fbakan Recep Tayyip Erdo\u011fan&#8217;\u0131n k\u00fcrtaj konusundaki a\u00e7\u0131klamalar\u0131 hakk\u0131nda de\u011ferlendirmelerde bulundu.<\/h1>\n<p>Partisinin grup toplant\u0131s\u0131 \u00e7\u0131k\u0131\u015f\u0131nda gazetecilerin sorular\u0131n\u0131 yan\u0131tlayan MHP Lideri Devlet Bah\u00e7eli, bir gazetecinin, &#8221;28 \u015eubat s\u00fcreci kapsam\u0131nda yeni bir operasyon yap\u0131ld\u0131 ve sizin milletvekiliniz Engin Alan da bu soru\u015fturma kapsam\u0131nda ifadesi al\u0131nd\u0131. Nas\u0131l de\u011ferlendiriyorsunuz geli\u015fmeleri?&#8221; sorusu \u00fczerine &#8221;28 \u015eubat ile ili\u015fkili olarak yarg\u0131 s\u00fcreci ba\u015flam\u0131\u015ft\u0131r. Herhangi bir \u015fekilde k\u0131smi, ge\u00e7ici baz\u0131 tedbirlerle oyalanmamas\u0131 gerekir. Savc\u0131l\u0131\u011f\u0131n elindeki bilgiler neyse bunlar \u00fczerinde kararl\u0131l\u0131kla durulmal\u0131 ve kimden ifade al\u0131nacaksa, kim yarg\u0131lanacaksa hepsini davet etmek suretiyle k\u0131sa s\u00fcre i\u00e7erisinde sonu\u00e7land\u0131r\u0131lmal\u0131 ve darbe tart\u0131\u015fmalar\u0131 T\u00fcrkiye&#8217;nin g\u00fcndeminden d\u00fc\u015f\u00fcr\u00fclmelidir&#8221; diye konu\u015ftu.<\/p>\n<p>Bir ba\u015fka gazetecinin, &#8221;Ba\u015fbakan taraf\u0131ndan g\u00fcndeme getirildi. K\u00fcrtaj ve sezaryene sizin bak\u0131\u015f a\u00e7\u0131s\u0131n\u0131z nedir-&#8221; sorusu \u00fczerine Devlet Bah\u00e7eli, &#8221;K\u00fcrtaj konusu siyasi g\u00f6r\u00fc\u015f ve ideolojiler a\u00e7\u0131s\u0131ndan her zaman farkl\u0131l\u0131klar arz etmi\u015f ve tart\u0131\u015f\u0131lm\u0131\u015ft\u0131r&#8221; dedi.<\/p>\n<p>&#8221;Say\u0131n Ba\u015fbakan k\u00fcrtaj konusuyla ilgili bir siyasi g\u00f6r\u00fc\u015f\u00fcn\u00fc, ideolojik temelli bak\u0131\u015f a\u00e7\u0131s\u0131n\u0131 ortaya koyuyor&#8221; ifadesini kullanan Bah\u00e7eli, &#8221;Sayg\u0131 duymak laz\u0131m ancak k\u00fcrtaj gibi bir konunun Uludere ile ili\u015fkilendirilmesi \u00e7ok yak\u0131\u015f\u0131ks\u0131zd\u0131r. Bu konuda Uludere&#8217;yi sapt\u0131rmak, konuyu bir ba\u015fka y\u00f6ne \u00e7ekmek ve bu konuda kad\u0131nlar\u0131m\u0131z\u0131 incitmek do\u011fru bir davran\u0131\u015f olmam\u0131\u015ft\u0131r&#8221; dedi.<\/p>\n<span style=\"font-weight: bold; color: #f00;\">Error, group does not exist! Check your syntax! (ID: 52)<\/span>\n","protected":false},"excerpt":{"rendered":"<p>MHP Genel Ba\u015fkan\u0131 Devlet Bah\u00e7eli, Ba\u015fbakan Recep Tayyip Erdo\u011fan&#8217;\u0131n k\u00fcrtaj konusundaki a\u00e7\u0131klamalar\u0131 hakk\u0131nda de\u011ferlendirmelerde bulundu.<\/p>\n","protected":false},"author":4,"featured_media":109916,"comment_status":"open","ping_status":"open","sticky":false,"template":"","format":"standard","meta":{"_acf_changed":false,"footnotes":""},"categories":[6155,5005,6202,349,6805],"tags":[101744,101745,10829,13136,27358,89050],"class_list":["post-109915","post","type-post","status-publish","format-standard","has-post-thumbnail","hentry","category-gundem","category-manset","category-politika","category-son-dakika","category-turkiye","tag-kurtaj","tag-kurtaj-uludere","tag-mhp","tag-mhp-grup-toplantisi","tag-uludere","tag-uludere-olayi"],"acf":[],"_links":{"self":[{"href":"https:\/\/www.nationalturk.com\/tr\/wp-json\/wp\/v2\/posts\/109915","targetHints":{"allow":["GET"]}}],"collection":[{"href":"https:\/\/www.nationalturk.com\/tr\/wp-json\/wp\/v2\/posts"}],"about":[{"href":"https:\/\/www.nationalturk.com\/tr\/wp-json\/wp\/v2\/types\/post"}],"author":[{"embeddable":true,"href":"https:\/\/www.nationalturk.com\/tr\/wp-json\/wp\/v2\/users\/4"}],"replies":[{"embeddable":true,"href":"https:\/\/www.nationalturk.com\/tr\/wp-json\/wp\/v2\/comments?post=109915"}],"version-history":[{"count":0,"href":"https:\/\/www.nationalturk.com\/tr\/wp-json\/wp\/v2\/posts\/109915\/revisions"}],"wp:featuredmedia":[{"embeddable":true,"href":"https:\/\/www.nationalturk.com\/tr\/wp-json\/wp\/v2\/media\/109916"}],"wp:attachment":[{"href":"https:\/\/www.nationalturk.com\/tr\/wp-json\/wp\/v2\/media?parent=109915"}],"wp:term":[{"taxonomy":"category","embeddable":true,"href":"https:\/\/www.nationalturk.com\/tr\/wp-json\/wp\/v2\/categories?post=109915"},{"taxonomy":"post_tag","embeddable":true,"href":"https:\/\/www.nationalturk.com\/tr\/wp-json\/wp\/v2\/tags?post=109915"}],"curies":[{"name":"wp","href":"https:\/\/api.w.org\/{rel}","templated":true}]}}