{"id":109952,"date":"2012-05-29T15:13:04","date_gmt":"2012-05-29T12:13:04","guid":{"rendered":"http:\/\/www.nationalturk.com\/?p=109952"},"modified":"2012-05-29T15:13:04","modified_gmt":"2012-05-29T12:13:04","slug":"basbakan-erdogan-kacakcilarin-hicbiri-bombalara-basmiyor-109952","status":"publish","type":"post","link":"https:\/\/www.nationalturk.com\/tr\/basbakan-erdogan-kacakcilarin-hicbiri-bombalara-basmiyor-109952\/","title":{"rendered":"Ba\u015fbakan Erdo\u011fan: Ka\u00e7ak\u00e7\u0131lar\u0131n hi\u00e7biri bombalara basm\u0131yor"},"content":{"rendered":"<h1><img loading=\"lazy\" decoding=\"async\" class=\"alignnone size-full wp-image-109953\" title=\"Ba\u015fbakan Erdo\u011fan\" src=\"http:\/\/www.nationalturk.com\/tr\/wp-content\/uploads\/2012\/05\/erdogan_29mayis.jpg\" alt=\"\" width=\"610\" height=\"385\"><\/h1>\n<h1>Ba\u015fbakan Erdo\u011fan: Ka\u00e7ak\u00e7\u0131lar\u0131n hi\u00e7biri bombalara basm\u0131yor&#8230; Ba\u015fbakan Recep Tayyip Erdo\u011fan Uludere tart\u0131\u015fmalar\u0131n\u0131 alevlendirmeye devam ediyor.<\/h1>\n<p>T\u00fcrk Telekom Arena Stad\u0131&#8217;nda hafta sonu d\u00fczenlenen \u0130stanbul \u0130l Kongresi&#8217;nde Uludere olay\u0131 hakk\u0131nda ayr\u0131nt\u0131l\u0131 a\u00e7\u0131klamalar\u0131 Grup Toplant\u0131s\u0131&#8217;nda yapaca\u011f\u0131n\u0131 a\u00e7\u0131klayan Ba\u015fbakan Recep Tayyip Erdo\u011fan yine g\u00fcndemi de\u011fi\u015ftirecek s\u00f6zler sarf etti.<\/p>\n<p>BDP ile geli\u015fen &#8216;\u00f6l\u00fcseviciler&#8217; polemi\u011fi hakk\u0131nda, &#8220;BDP\u2019lilere farkl\u0131 s\u0131fatlar kullan\u0131nca yaralar\u0131 oldu\u011fundan gocunuyorlar&#8221; diyen Erdo\u011fan, kullan\u0131lan dilin AKP iktidar\u0131n\u0131 y\u0131ld\u0131rmayaca\u011f\u0131n\u0131 belirtti. Erdo\u011fan, BDP\u2019ye \u201cO dil sizin olamayan kalitenizi ortaya koyacakt\u0131r&#8221; diye seslendi.<\/p>\n<h2>Ka\u00e7ak\u00e7\u0131lar\u0131n hi\u00e7biri bombalara basm\u0131yor<\/h2>\n<p>Konu\u015fmas\u0131nda Uludere olay\u0131n\u0131n ya\u015fand\u0131\u011f\u0131 yere yak\u0131n bir b\u00f6lgede yak\u0131n zamanda bir askerin el yap\u0131m\u0131 bombayla yaraland\u0131\u011f\u0131n\u0131 ifade eden Erdo\u011fan, ka\u00e7ak\u00e7\u0131lar\u0131n PKK ile ba\u011flant\u0131l\u0131 oldu\u011funu \u00fcst\u00fc kapal\u0131 \u015fekilde ima eden \u015fu c\u00fcmleleri kulland\u0131:<\/p>\n<p>\u201cDikkat ederseniz ka\u00e7ak\u00e7\u0131lar\u0131n hi\u00e7biri bu bombalara basm\u0131yor. Bu i\u015f \u00e7ok b\u00fcy\u00fck. \u00c7ok b\u00fcy\u00fck hassasiyet gerektiren bir i\u015f. Harita kimlerin elinde olabilir? Buras\u0131 \u00e7ok hassas, bu haritayla beraber ka\u00e7ak\u00e7\u0131lar pek de bunlar\u0131n \u00fczerine basm\u0131yor. Rahatl\u0131kla gidip gelebiliyorlar. Bu i\u015f siyasetin malzemesi olamayacak, istismar malzemesi olamayacak kadar, medyan\u0131n elinde oyuncak olamayacak kadar hassas ve gerilimli bir i\u015f.\u201d<\/p>\n<p>Ba\u015fbakan Erdo\u011fan, Uludere olay\u0131n\u0131n Wall Street Journal(WSJ) taraf\u0131ndan tekrar g\u00fcndeme getirilmesinin ABD\u2019de yakla\u015fan se\u00e7imlerle ba\u011flant\u0131l\u0131 oldu\u011funu iddia ederek, gazetenin ABD ile T\u00fcrkiye\u2019nin iyi ili\u015fkiler kurmas\u0131n\u0131 istemeyen odaklarla ba\u011flant\u0131l\u0131 oldu\u011funu iddia etti.<\/p>\n<!-- Error, Advert is not available at this time due to schedule\/geolocation restrictions! -->\n","protected":false},"excerpt":{"rendered":"<p>Ba\u015fbakan Erdo\u011fan: Ka\u00e7ak\u00e7\u0131lar\u0131n hi\u00e7biri bombalara basm\u0131yor&#8230; Ba\u015fbakan Recep Tayyip Erdo\u011fan Uludere tart\u0131\u015fmalar\u0131n\u0131 alevlendirmeye devam ediyor. <\/p>\n","protected":false},"author":4,"featured_media":109953,"comment_status":"open","ping_status":"open","sticky":false,"template":"","format":"standard","meta":{"_acf_changed":false,"footnotes":""},"categories":[6155,5005,6202,6805],"tags":[3888,32560,28372,27358,89050],"class_list":["post-109952","post","type-post","status-publish","format-standard","has-post-thumbnail","hentry","category-gundem","category-manset","category-politika","category-turkiye","tag-basbakan-erdogan","tag-basbakan-erdogan-grup-konusmasi","tag-basbakan-erdogan-grup-toplantisi","tag-uludere","tag-uludere-olayi"],"acf":[],"_links":{"self":[{"href":"https:\/\/www.nationalturk.com\/tr\/wp-json\/wp\/v2\/posts\/109952","targetHints":{"allow":["GET"]}}],"collection":[{"href":"https:\/\/www.nationalturk.com\/tr\/wp-json\/wp\/v2\/posts"}],"about":[{"href":"https:\/\/www.nationalturk.com\/tr\/wp-json\/wp\/v2\/types\/post"}],"author":[{"embeddable":true,"href":"https:\/\/www.nationalturk.com\/tr\/wp-json\/wp\/v2\/users\/4"}],"replies":[{"embeddable":true,"href":"https:\/\/www.nationalturk.com\/tr\/wp-json\/wp\/v2\/comments?post=109952"}],"version-history":[{"count":0,"href":"https:\/\/www.nationalturk.com\/tr\/wp-json\/wp\/v2\/posts\/109952\/revisions"}],"wp:featuredmedia":[{"embeddable":true,"href":"https:\/\/www.nationalturk.com\/tr\/wp-json\/wp\/v2\/media\/109953"}],"wp:attachment":[{"href":"https:\/\/www.nationalturk.com\/tr\/wp-json\/wp\/v2\/media?parent=109952"}],"wp:term":[{"taxonomy":"category","embeddable":true,"href":"https:\/\/www.nationalturk.com\/tr\/wp-json\/wp\/v2\/categories?post=109952"},{"taxonomy":"post_tag","embeddable":true,"href":"https:\/\/www.nationalturk.com\/tr\/wp-json\/wp\/v2\/tags?post=109952"}],"curies":[{"name":"wp","href":"https:\/\/api.w.org\/{rel}","templated":true}]}}