{"id":110389,"date":"2012-06-04T09:25:45","date_gmt":"2012-06-04T06:25:45","guid":{"rendered":"http:\/\/www.nationalturk.com\/?p=110389"},"modified":"2015-03-28T15:58:40","modified_gmt":"2015-03-28T13:58:40","slug":"konya-kuluda-trafik-kazasi-ayni-aileden-8-kisi-oldu-110389","status":"publish","type":"post","link":"https:\/\/www.nationalturk.com\/tr\/konya-kuluda-trafik-kazasi-ayni-aileden-8-kisi-oldu-110389\/","title":{"rendered":"Konya Kulu&#8217;da trafik kazas\u0131: Ayn\u0131 aileden 8 ki\u015fi \u00f6ld\u00fc"},"content":{"rendered":"<h1><img loading=\"lazy\" decoding=\"async\" class=\"alignnone size-full wp-image-110390\" title=\"Kulu&#039;da trafik kazas\u0131\" src=\"http:\/\/www.nationalturk.com\/tr\/wp-content\/uploads\/2012\/06\/kulu_da_trafik_kazasi.jpg\" alt=\"\" width=\"610\" height=\"377\"><\/h1>\n<h1>Konya Kulu&#8217;da trafik kazas\u0131: Ayn\u0131 aileden 8 ki\u015fi \u00f6ld\u00fc&#8230; Ankara Konya karayolunun Kulu il\u00e7esi mevkiinde minib\u00fcs ile hafif ticari ara\u00e7 \u00e7arp\u0131\u015ft\u0131. Feci kazada ayn\u0131 aileden 8 ki\u015fi hayat\u0131n\u0131 kaybederken 7 ki\u015fi de yaraland\u0131.<\/h1>\n<p>Al\u0131nan bilgilere g\u00f6re d\u00fcn ak\u015fam saat 19.30 s\u0131ralar\u0131nda Ankara-Konya Karayolu\u2019nun 80\u2019inci kilometresindeki Kulu Makas mevki\u2019nde meydana gelen trafik kazas\u0131nda Yusuf \u00c7evik idaresindeki hafif ticari ara\u00e7, Van\u2019da g\u00f6steri yapt\u0131ktan sonra u\u00e7akla Ankara\u2019ya gelen semazenleri ta\u015f\u0131yan \u0130sa U\u011fur y\u00f6netimindeki minib\u00fcsle \u00e7arp\u0131\u015ft\u0131. Ticari ara\u00e7ta bulunan ayn\u0131 aileden 8 ki\u015fi ya\u015fam\u0131n\u0131 yitirirken 7 ki\u015fi de yaraland\u0131.<\/p>\n<p>Karayolunu kan g\u00f6l\u00fcne \u00e7eviren korkun\u00e7 kazada \u00f6lenler ara\u00e7 \u015fof\u00f6r\u00fc Yusuf \u00c7evik (63), Fatma \u00c7evik (79), Kuzey \u00c7evik (61), Merve G\u00fcl, Esra G\u00fcl, Murat G\u00fcl (34), Sibel G\u00fcl (31) ve \u00d6mer G\u00fcl\u2019\u00fcn (11) hafif ticari ara\u00e7ta yolculuk yapt\u0131klar\u0131 ve akraba olduklar\u0131 belirlendi. Ara\u00e7ta yolculuk yapan aileden sadece 9 ya\u015f\u0131ndaki M\u00fcrteza \u00c7evik\u2019in kazadan yaral\u0131 olarak kurtuldu\u011fu, di\u011fer 6 yaral\u0131n\u0131n ise minib\u00fcsteki semazenler oldu\u011fu ortaya \u00e7\u0131kt\u0131. Kazay\u0131 haber alan D\u0131\u015fi\u015fleri Bakan\u0131 Ahmet Davuto\u011flu, cenazelerin kald\u0131r\u0131ld\u0131\u011f\u0131 Kulu Devlet Hastanesi&#8217;ne giderek kazazede yak\u0131nlar\u0131na ba\u015fsa\u011fl\u0131\u011f\u0131 diledi.<\/p>\n","protected":false},"excerpt":{"rendered":"<p>Konya Kulu&#8217;da trafik kazas\u0131: Ayn\u0131 aileden 8 ki\u015fi \u00f6ld\u00fc&#8230; Ankara Konya karayolunun Kulu il\u00e7esi mevkiinde minib\u00fcs ile hafif ticari ara\u00e7 \u00e7arp\u0131\u015ft\u0131. Feci kazada ayn\u0131 aileden 8 ki\u015fi hayat\u0131n\u0131 kaybederken 7 ki\u015fi de yaraland\u0131.<\/p>\n","protected":false},"author":4,"featured_media":110390,"comment_status":"open","ping_status":"open","sticky":false,"template":"","format":"standard","meta":{"_acf_changed":false,"footnotes":""},"categories":[6155,5005,349,6805],"tags":[1688,760,81394,42765,81390],"class_list":["post-110389","post","type-post","status-publish","format-standard","has-post-thumbnail","hentry","category-gundem","category-manset","category-son-dakika","category-turkiye","tag-ankara","tag-konya","tag-konya-kulu-trafik-kazasi","tag-kulu","tag-kulu-trafik-kazasi"],"acf":[],"_links":{"self":[{"href":"https:\/\/www.nationalturk.com\/tr\/wp-json\/wp\/v2\/posts\/110389","targetHints":{"allow":["GET"]}}],"collection":[{"href":"https:\/\/www.nationalturk.com\/tr\/wp-json\/wp\/v2\/posts"}],"about":[{"href":"https:\/\/www.nationalturk.com\/tr\/wp-json\/wp\/v2\/types\/post"}],"author":[{"embeddable":true,"href":"https:\/\/www.nationalturk.com\/tr\/wp-json\/wp\/v2\/users\/4"}],"replies":[{"embeddable":true,"href":"https:\/\/www.nationalturk.com\/tr\/wp-json\/wp\/v2\/comments?post=110389"}],"version-history":[{"count":0,"href":"https:\/\/www.nationalturk.com\/tr\/wp-json\/wp\/v2\/posts\/110389\/revisions"}],"wp:featuredmedia":[{"embeddable":true,"href":"https:\/\/www.nationalturk.com\/tr\/wp-json\/wp\/v2\/media\/110390"}],"wp:attachment":[{"href":"https:\/\/www.nationalturk.com\/tr\/wp-json\/wp\/v2\/media?parent=110389"}],"wp:term":[{"taxonomy":"category","embeddable":true,"href":"https:\/\/www.nationalturk.com\/tr\/wp-json\/wp\/v2\/categories?post=110389"},{"taxonomy":"post_tag","embeddable":true,"href":"https:\/\/www.nationalturk.com\/tr\/wp-json\/wp\/v2\/tags?post=110389"}],"curies":[{"name":"wp","href":"https:\/\/api.w.org\/{rel}","templated":true}]}}