{"id":110607,"date":"2012-06-05T14:23:34","date_gmt":"2012-06-05T11:23:34","guid":{"rendered":"http:\/\/www.nationalturk.com\/?p=110607"},"modified":"2012-06-05T14:24:04","modified_gmt":"2012-06-05T11:24:04","slug":"devlet-bahceli-chp-boluculugun-seytan-ucgenini-olusturuyor-110607","status":"publish","type":"post","link":"https:\/\/www.nationalturk.com\/tr\/devlet-bahceli-chp-boluculugun-seytan-ucgenini-olusturuyor-110607\/","title":{"rendered":"Devlet Bah\u00e7eli: CHP b\u00f6l\u00fcc\u00fcl\u00fc\u011f\u00fcn \u015feytan \u00fc\u00e7genini olu\u015fturuyor"},"content":{"rendered":"<h1><img loading=\"lazy\" decoding=\"async\" class=\"alignleft size-medium wp-image-110608\" title=\"Devlet Bah\u00e7eli\" src=\"http:\/\/www.nationalturk.com\/tr\/wp-content\/uploads\/2012\/06\/devlet_bahceli_grup_5haziran-280x194.jpg\" alt=\"\" width=\"280\" height=\"194\" srcset=\"https:\/\/www.nationalturk.com\/tr\/wp-content\/uploads\/2012\/06\/devlet_bahceli_grup_5haziran-280x194.jpg 280w, https:\/\/www.nationalturk.com\/tr\/wp-content\/uploads\/2012\/06\/devlet_bahceli_grup_5haziran-576x400.jpg 576w, https:\/\/www.nationalturk.com\/tr\/wp-content\/uploads\/2012\/06\/devlet_bahceli_grup_5haziran.jpg 712w\" sizes=\"auto, (max-width: 280px) 100vw, 280px\" \/>Devlet Bah\u00e7eli: CHP b\u00f6l\u00fcc\u00fcl\u00fc\u011f\u00fcn \u015feytan \u00fc\u00e7genini olu\u015fturuyor&#8230; MHP Genel Ba\u015fkan\u0131 Devlet Bah\u00e7eli, AKP ve BDP ile CHP&#8217;ye de \u00e7ok sert ele\u015ftirilerde bulundu.<\/h1>\n<p>Partisinin Meclis Grup toplant\u0131s\u0131nda konu\u015fan MHP Lideri Devlet Bah\u00e7eli, son g\u00fcnlerde T\u00fcrkiye&#8217;nin i\u00e7ine girdi\u011fi g\u00fcndem karma\u015fas\u0131 ve istismar enflasyonunun milletin enerjisini ve heyecan\u0131n\u0131 bir hayli zay\u0131flatt\u0131\u011f\u0131n\u0131 ve zaafa d\u00fc\u015f\u00fcrd\u00fc\u011f\u00fcn\u00fc ifade etti. Bir mesele \u00e7\u00f6z\u00fclmeden, makul ve kabul edilebilir bir noktaya getirilmeden; yeni sorunlar, yeni girdaplar ve yeni muammalar\u0131n hemen varl\u0131\u011f\u0131n\u0131 g\u00f6sterdi\u011fini dile getiren Bah\u00e7eli, Ba\u015fbakan Erdo\u011fan&#8217;\u0131n fantezi fikirleri, provakatif d\u00fc\u015f\u00fcnceleri, k\u0131\u015fk\u0131rt\u0131c\u0131 beyanlar\u0131n\u0131n \u00fclkeyi \u00e7\u0131kmaza s\u00fcr\u00fckledi\u011fini kaydetti.<\/p>\n<p>T\u00fcrkiye&#8217;nin bir AK Parti sorunuyla kavruldu\u011funu ve k\u0131vrand\u0131\u011f\u0131n\u0131 belirten Bah\u00e7eli, i\u015fsizli\u011fin ba\u015f\u0131n\u0131 al\u0131p gitti\u011fini, yoksullu\u011fun derinle\u015fti\u011fini belirterek ele\u015ftirilerini \u015f\u00f6yle s\u00fcrd\u00fcrd\u00fc:<\/p>\n<p>&#8220;\u0130\u015fsizlik alm\u0131\u015f ba\u015f\u0131n\u0131 gitmektedir; ama AKP k\u00fcrtaj\u0131 diline dolam\u0131\u015ft\u0131r. Yoksulluk derinle\u015fmektedir; ama AKP sezaryene kafay\u0131 takarak vakit kaybetmi\u015ftir. Hayat pahal\u0131l\u0131\u011f\u0131 azmakta ve artmaktad\u0131r; ama AKP 1930&#8217;lu y\u0131llara saplanm\u0131\u015f kalm\u0131\u015ft\u0131r. Memurlar\u0131m\u0131z peri\u015fanl\u0131\u011fa mahk\u00fbm edilmektedir; ama AKP kindar gen\u00e7lik yeti\u015ftirmenin derdine, \u00f6fke dilinin pen\u00e7esine d\u00fc\u015fm\u00fc\u015ft\u00fcr. Esnaf\u0131m\u0131z infial ve patlama s\u0131n\u0131r\u0131na yakla\u015fmaktad\u0131r; ama AKP milli bayramlarla cebelle\u015fmi\u015f, \u0130stanbul&#8217;un fethini kundaklam\u0131\u015ft\u0131r. \u00c7ift\u00e7imizin feryad\u0131, i\u015f\u00e7imizin ah\u0131, emeklimizin \u015fik\u00e2yeti sel haline gelmektedir; ama AKP Dersim&#8217;deki isyanc\u0131lara kucak a\u00e7m\u0131\u015f, milli m\u00fccadeleye kar\u015f\u0131 gelenleri y\u00fcceltmi\u015ftir. Ter\u00f6r ve b\u00f6l\u00fcc\u00fcl\u00fck sab\u0131rlar\u0131 zorlamaktad\u0131r; ama AKP ge\u00e7mi\u015fin tozlu sayfalar\u0131na tak\u0131lm\u0131\u015ft\u0131r. \u015eehit analar\u0131 a\u011flamakta, hanelerden a\u011f\u0131tlar y\u00fckselmektedir; ama AKP \u015fehitli\u011fin tan\u0131m\u0131n\u0131 de\u011fi\u015ftirmeye kalk\u0131\u015fm\u0131\u015ft\u0131r. T\u00fcrkiye\u2019nin gelece\u011fi kararmakta, ama AKP suya yaz\u0131 yazmakla ve havanda su d\u00f6vmekle zaman\u0131 israf etmi\u015ftir. Biliyor ve t\u00fcm \u00e7\u0131plakl\u0131\u011f\u0131yla fark ediyoruz ki AKP h\u00fck\u00fcmeti; ba\u011flanan umutlar\u0131 heba etmi\u015ftir. Talepleri k\u0131rm\u0131\u015f ge\u00e7irmi\u015f, dilekleri u\u00e7uruma atm\u0131\u015ft\u0131r. \u00d6zlemleri karartm\u0131\u015f, \u00fcmitleri da\u011f\u0131tm\u0131\u015ft\u0131r. Beklentileri bo\u015fa \u00e7\u0131karm\u0131\u015f, hayalleri y\u0131km\u0131\u015ft\u0131r. Dertlerine derman bekleyen, a\u011f\u0131rla\u015fan meselelerine \u00e7are g\u00f6zleyen milyonlar\u0131 y\u00fcz \u00fcst\u00fc b\u0131rakm\u0131\u015ft\u0131r. Adalet ve Kalk\u0131nma Partisi t\u00fcm\u00fcyle; i\u015fi g\u00fcc\u00fc b\u0131rakm\u0131\u015f, \u015fimdiden Ba\u015fbakan Erdo\u011fan\u2019\u0131n bireysel hedef ve \u00e7\u0131karlar\u0131na y\u00f6nelik seferberlik i\u00e7ine girmi\u015ftir. Ba\u015fkanl\u0131k veya yar\u0131 ba\u015fkanl\u0131k hesap ve arzular\u0131n\u0131 ger\u00e7ekle\u015ftirmek i\u00e7in yo\u011fun bir \u00e7aba g\u00f6stermi\u015ftir. San\u0131rs\u0131n\u0131z ki T\u00fcrkiye tek ki\u015filik \u00e7ad\u0131r tiyatrosunun sergilendi\u011fi bir \u00fclkedir ve Recep Tayyip Erdo\u011fan\u2019dan ba\u015fka dikkate al\u0131nacak ve \u00f6nemsenecek kimse de kalmam\u0131\u015ft\u0131r. Sanki bu \u00fclke Ba\u015fbakan&#8217;a miras b\u0131rak\u0131lm\u0131\u015f; keyfi neyi isterse, can\u0131 neyi \u00e7ekerse, akl\u0131na ne d\u00fc\u015ferse yapmak kendisine hak ve helal olarak sunulmu\u015ftur. D\u00fczmece methiyeler, gelip ge\u00e7ici iltifatlar ve temelsiz \u00f6v\u00fcc\u00fc s\u00f6zler ona y\u00f6neliktir. \u015eovmen gibi takdim edilmekte, yeni yetme pop m\u00fczik ikonlar\u0131 gibi tezah\u00fcrat g\u00f6rmektedir. Ba\u015fbakan Erdo\u011fan kendinden ge\u00e7mi\u015f, g\u00f6z\u00fcn\u00fc h\u0131rs b\u00fcr\u00fcm\u00fc\u015f ve akli melekeleri i\u015flemez bir duruma gelmi\u015ftir. Basiret p\u0131narlar\u0131 kurumu\u015f, feraset \u0131\u015f\u0131\u011f\u0131 s\u00f6nm\u00fc\u015f ve do\u011fruyu yanl\u0131\u015ftan ay\u0131racak zihinsel fonksiyonlar\u0131 k\u00f6rle\u015fmi\u015ftir. Varsa da yoksa da \u015fahsi ikbali ve siyasi kariyerini tek adaml\u0131kla \u00e7ak\u0131\u015ft\u0131rma d\u00fcrt\u00fcleri \u00f6n plana \u00e7\u0131km\u0131\u015ft\u0131r.&#8221;<\/p>\n<p>TASMANIN HANG\u0130 CANLI TAKILDI\u011eINI B\u0130L\u0130YORUZ<\/p>\n<p>Ba\u015fbakan\u0131n medyaya y\u00f6nelik s\u00f6zlerini de ele\u015ftiren Bah\u00e7eli, tasman\u0131n kime tak\u0131ld\u0131\u011f\u0131, hangi canl\u0131yla ilgili oldu\u011funu herkesin bildi\u011fini ifade etti. Kendileri i\u00e7in m\u00fchim ve \u00f6ncelikli hususun ise bu a\u011f\u0131r s\u00f6zlere kimsenin \u00e7\u0131t\u0131n\u0131n dahi \u00e7\u0131kmam\u0131\u015f olmas\u0131 ve kimsenin \u00fczerine almamas\u0131 oldu\u011funa dikkat \u00e7eken Bah\u00e7eli, bu ifadelerin sarf edildi\u011fi g\u00fcn\u00fcn ertesinde de gazete man\u015fetlerinin ba\u015fka telden \u00e7ald\u0131\u011f\u0131n\u0131 ve k\u00f6\u015fe sahiplerinin karanl\u0131kta \u0131sl\u0131k \u00e7alan bir ruh haliyle hareket etti\u011fini s\u00f6yledi.<\/p>\n<p>&#8220;\u00dcz\u00fclerek \u015fahit olmaktay\u0131z ki d\u00fcn\u00fcn m\u00fctareke bas\u0131n\u0131 neredeyse yeniden belini do\u011frultmu\u015f, bug\u00fcn\u00fcn kalem\u015f\u00f6rlar\u0131 gurur ve izzet-i nefsin iflas s\u0131n\u0131r\u0131na dayanm\u0131\u015ft\u0131r.&#8221; diyen Bah\u00e7eli, kim olursa olsun tasmayla gazeteciyi ayn\u0131 kal\u0131ba sokman\u0131n, insanl\u0131k de\u011ferlerine ve insan vas\u0131flar\u0131na yap\u0131lan b\u00fcy\u00fck bir yanl\u0131\u015f ve hakaret oldu\u011funu vurgulad\u0131. Nefret dilinin sonunun bu oldu\u011funu dile getiren Bah\u00e7eli, korkunun, \u00e7ekimserli\u011fin, haysiyet a\u015f\u0131nmas\u0131n\u0131n ula\u015ft\u0131\u011f\u0131 hazin manzaran\u0131n da burada oldu\u011funu kaydetti.<\/p>\n<p>&#8220;Bizim a\u00e7\u0131m\u0131zdan bu anlay\u0131\u015f; \u00e7\u0131rakl\u0131\u011f\u0131n\u0131 Okyanus \u00f6tesinin yan\u0131nda, kalfal\u0131\u011f\u0131n\u0131 BOP\u2019un e\u015fba\u015fkanl\u0131\u011f\u0131nda, ustal\u0131\u011f\u0131n\u0131 ise b\u00f6l\u00fcc\u00fcl\u00fck tezg\u00e2h\u0131nda ve kanl\u0131 senaryolarda heyecanla herkese sergilemi\u015ftir.&#8221; diyen Bah\u00e7eli, &#8220;\u015eayet y\u0131k\u0131m yolunun, b\u00f6l\u00fcnme istikametinin in\u015fas\u0131 ustal\u0131k olarak de\u011ferlendiriliyorsa, o zaman \u0130mral\u0131\u2019da yatan cani, Kandil\u2019deki fitne ve Irak\u2019\u0131n kuzeyindeki y\u0131lan ustalar kurulunun birer \u00fcyesi olarak tan\u0131mlanmal\u0131d\u0131r. Bu durum kar\u015f\u0131s\u0131nda Ba\u015fbakan\u2019\u0131n de\u011fil usta, ba\u015f usta unvan\u0131yla taltif ve hakk\u0131n\u0131n teslim edilmesi de do\u011fru ve yerinde bir karar olacakt\u0131r. Zira Ba\u015fbakan\u2019a ustal\u0131k tan\u0131m\u0131 ve s\u0131fat\u0131 dahi az ve yetersiz gelecektir.&#8221; dedi.<\/p>\n<p>&#8216;TER\u00d6R SORUNU TAV\u0130ZLERLE \u0130\u00c7\u0130NDEN \u00c7IKILMAZ B\u0130R HAL ALDI&#8217;<\/p>\n<p>B\u00f6l\u00fcc\u00fcl\u00fck ve ter\u00f6r sorununun g\u00fcn ge\u00e7tik\u00e7e i\u00e7inden \u00e7\u0131k\u0131lmaz bir hal ald\u0131\u011f\u0131n\u0131 ve milletin beka d\u00fczeyinde ku\u015fatt\u0131\u011f\u0131n\u0131 anlatan Bah\u00e7eli, &#8220;Ne yaz\u0131k ki \u015fehitler yine gelmeye devam etmekte, milli vicdanlar sars\u0131lmay\u0131 s\u00fcrd\u00fcrmektedir. D\u00fcn Diyarbak\u0131r\u2019dan gelen iki \u015fehit haberi ise bir kez daha ci\u011ferimizi yakm\u0131\u015ft\u0131r. Dicle Nehri\u2019nin kenar\u0131ndaki koyundan bile s\u00f6zde sorumlu oldu\u011funu s\u00f6yleyen Ba\u015fbakan Erdo\u011fan \u015f\u00fcphesiz \u015fehitlerimizin akan kan\u0131n\u0131n da yegane sorumlusu ve su\u00e7lusudur. Ba\u015flatt\u0131\u011f\u0131 y\u0131k\u0131m ve b\u00f6l\u00fcnme projesi \u00fclkemizin da\u011flar\u0131n\u0131 kana bulam\u0131\u015f, yollar\u0131n\u0131 may\u0131nlam\u0131\u015f, karakollar\u0131n\u0131 ku\u015fatm\u0131\u015f ve hain emelleri te\u015fvik etmi\u015ftir. AKP h\u00fck\u00fcmetinin ihanete varan kas\u0131tl\u0131 ve \u0131srarl\u0131 ad\u0131mlar\u0131 neticesinde b\u00f6l\u00fcc\u00fc ter\u00f6r \u00f6rg\u00fct\u00fc PKK, belki de ilk defa vurduk\u00e7a sonu\u00e7 alaca\u011f\u0131n\u0131, katlettik\u00e7e amac\u0131na ula\u015faca\u011f\u0131n\u0131 g\u00f6rm\u00fc\u015ft\u00fcr. Verilen tavizler, kurulan m\u00fczakere masalar\u0131, yap\u0131lan pazarl\u0131klar T\u00fcrk milletini etnik kimliklere indiren gafletle birle\u015fince \u00fclkemiz adeta ter\u00f6r cehenneminin ortas\u0131na g\u00f6z g\u00f6re g\u00f6re d\u00fc\u015f\u00fcr\u00fclm\u00fc\u015ft\u00fcr. 2002\u2019de s\u0131f\u0131r ter\u00f6rden, 2012\u2019de zirvele\u015fen ter\u00f6re bu \u015fekilde gelinmi\u015ftir. Canlar\u0131m\u0131z bundan dolay\u0131 yanm\u0131\u015f, analar\u0131m\u0131z\u0131n g\u00f6zya\u015flar\u0131 bu kapsamda oluk oluk akm\u0131\u015ft\u0131r.&#8221; diye konu\u015ftu.<\/p>\n<p>Ba\u015fbakan&#8217;\u0131n &#8216;\u00f6l\u00fc seviciler, ceset avc\u0131lar\u0131, kalle\u015fler, arkadan vuranlar&#8217; diyerek sanal \u00e7\u0131k\u0131\u015flar yapt\u0131\u011f\u0131 kesimlerle derin ittifak\u0131, ter\u00f6r sorunuyla s\u00f6zde K\u00fcrt sorununu ayn\u0131 havuzda toplamas\u0131n\u0131n b\u00fcy\u00fck badirelerin do\u011fmas\u0131na neden oldu\u011funu ifade eden Bah\u00e7eli, ter\u00f6r sorununu geri plana itip, s\u00f6zde K\u00fcrt sorununu \u00f6ne \u00e7ektik\u00e7e ayr\u0131mc\u0131l\u0131k, farkl\u0131l\u0131k ve b\u00f6l\u00fcc\u00fcl\u00fc\u011f\u00fcn iyice z\u0131vanadan \u00e7\u0131kt\u0131\u011f\u0131n\u0131, bendini a\u015ft\u0131\u011f\u0131n\u0131 belirtti.<\/p>\n<p>CHP BU N\u0130YET VE KAL\u0130TES\u0130N\u0130 G\u00d6ZLER \u00d6N\u00dcNE A\u00c7IK\u00c7A SERD\u0130<\/p>\n<p>B\u00f6l\u00fcc\u00fc ter\u00f6rle K\u00fcrt k\u00f6kenli vatanda\u015flar\u0131 ili\u015fkilendirmeye kalk\u0131\u015fman\u0131n ter\u00f6re rehber tayin edece\u011fine i\u015faret eden Bah\u00e7eli, buna ne AK Parti&#8217;nin ne de CHP&#8217;nin hakk\u0131 ve salahiyetinin olmad\u0131\u011f\u0131n\u0131 kaydetti. Bah\u00e7eli, \u015funlar\u0131 s\u00f6yledi:<\/p>\n<p>&#8220;Ba\u015fbakan Erdo\u011fan\u2019\u0131n yanl\u0131\u015f tutum ve y\u00f6nelimleri, ter\u00f6re K\u00fcrt sorunu olarak bakan \u015fuursuzlu\u011fu bug\u00fcn b\u00f6l\u00fcc\u00fcl\u00fc\u011f\u00fcn dip ak\u0131nt\u0131s\u0131n\u0131 h\u0131zland\u0131rm\u0131\u015f ve y\u00fczeye \u00e7\u0131karm\u0131\u015ft\u0131r. Ne b\u00fcy\u00fck bir tesad\u00fcft\u00fcr ki, CHP\u2019de AKP\u2019nin pe\u015fi s\u0131ra gitmekte, BDP\u2019yle de birle\u015ferek b\u00f6l\u00fcc\u00fcl\u00fc\u011f\u00fcn \u015feytan \u00fc\u00e7genini olu\u015fturmaktad\u0131r. G\u00f6r\u00fcld\u00fc\u011f\u00fc kadar\u0131yla, anamuhalefet partisinin genel ba\u015fkan\u0131 s\u00f6zde K\u00fcrt sorununu \u00e7\u00f6zmek maksad\u0131yla ortaya at\u0131lm\u0131\u015f ve her zaman oldu\u011fu gibi acele ve \u015fa\u015fk\u0131nl\u0131ktan dolay\u0131 foyas\u0131 d\u00f6k\u00fclm\u00fc\u015ft\u00fcr. \u0130\u015fin ilgin\u00e7 taraf\u0131 ise AKP, BDP ve CHP\u2019nin ayn\u0131 b\u00f6l\u00fcc\u00fcl\u00fck havzas\u0131ndan ve havas\u0131ndan nas\u0131l istifade ettiklerinin bu vesileyle ortaya \u00e7\u0131kmas\u0131d\u0131r. Sanki ellerine tutu\u015fturulmu\u015f m\u00fc\u015fterek metin ve her derde deva re\u00e7ete vard\u0131r da bundan bir bizim haberimiz gecikmeyle olmaktad\u0131r. CHP\u2019nin Meclis\u2019e sundu\u011fu metnin yaln\u0131zca iki yerinde ter\u00f6re dolayl\u0131 at\u0131f yap\u0131lm\u0131\u015f ve her \u015fey s\u00f6zde K\u00fcrt sorununa ba\u011flanm\u0131\u015ft\u0131r. Dikkatimizi daha da fazla \u00e7eken bir ba\u015fka husus ise CHP\u2019ye g\u00f6re \u00fclkede b\u00f6l\u00fcc\u00fc ter\u00f6r diye bir sorunun olmad\u0131\u011f\u0131yla ilgilidir. K\u0131sacas\u0131, \u00f6neri setinde s\u00f6zde K\u00fcrt sorunu her \u015feyin ba\u015f\u0131na koyulmu\u015f ve b\u00f6ylelikle CHP bu konudaki niyet ve kalitesini g\u00f6zler \u00f6n\u00fcne a\u00e7\u0131k\u00e7a sermi\u015ftir. \u015euras\u0131n\u0131 hemen s\u00f6ylemek isterim ki, CHP\u2019nin yakla\u015f\u0131m ve \u00f6nerileri PKK ma\u015falar\u0131yla ve \u0130mral\u0131 canisinin sa\u00e7mal\u0131klar\u0131yla neredeyse bire bir ayn\u0131d\u0131r. PKK a\u011fz\u0131, b\u00f6l\u00fcc\u00fc l\u00fcgati, b\u00f6l\u00fcnme parolas\u0131n\u0131n \u015fifreleri CHP taraf\u0131ndan sahiplenilmi\u015ftir. Kandil ve \u0130mral\u0131\u2019n\u0131n akil adamlar \u00f6nerisi Say\u0131n K\u0131l\u0131\u00e7daro\u011flu\u2019nda cevap bulmu\u015f ve kendisini harekete ge\u00e7irmi\u015ftir.&#8221;<\/p>\n<p>YEN\u0130 CHP&#8217;N\u0130N TEKL\u0130FLER\u0130 PKK&#8217;NIN \u0130HANET HAZIRLIKLARIDIR<\/p>\n<p>&#8220;Yeni CHP&#8217;nin s\u00f6z\u00fcm ona ter\u00f6rle m\u00fccadele diye sundu\u011fu teklifler asl\u0131nda PKK\u2019n\u0131n d\u00fcnden raz\u0131 olup benimsedi\u011fi b\u00f6l\u00fcnmeye \u00e7anak tutacak \u015firretlikler ve ihanet haz\u0131rl\u0131klar\u0131d\u0131r.&#8221; diyen Bah\u00e7eli, &#8220;Yeni CHP b\u00f6l\u00fcc\u00fcl\u00fc\u011f\u00fcn s\u0131\u011f sular\u0131nda demir atm\u0131\u015f, burada ter\u00f6ristlere filika ve can simidi imal etmeye y\u00f6nelmi\u015ftir. Cumhuriyet\u2019i kurmakla \u00f6v\u00fcnen CHP, \u015fimdi de \u00e7\u00f6k\u00fc\u015fe giden s\u00fcreci h\u0131zland\u0131rmaktan k\u0131van\u00e7 duymaktad\u0131r. Bu geli\u015fmeler kar\u015f\u0131s\u0131nda herhalde Gazi Mustafa Kemal\u2019in kemikleri s\u0131zlam\u0131\u015f, ruhu da ziyadesiyle incinmi\u015ftir. Hali haz\u0131rda CHP\u2019nin Genel Ba\u015fkan\u0131 siyasi partileri ziyaret edece\u011fini ifade etmi\u015f, ilk olumlu cevap da do\u011fal olarak ayn\u0131 derin ve karanl\u0131k sularda birlikte kula\u00e7 att\u0131\u011f\u0131, ayn\u0131 b\u00f6l\u00fcc\u00fcl\u00fck tak\u0131m\u0131nda beraber oynad\u0131\u011f\u0131 Ba\u015fbakan Erdo\u011fan\u2019dan gelmi\u015ftir. Ne ac\u0131d\u0131r ki, AKP, CHP, BDP ve PKK el ele vermi\u015f, T\u00fcrk milletine \u00f6l\u00fcm tarlalar\u0131 a\u00e7mak amac\u0131yla amans\u0131z bir yar\u0131\u015fa girmi\u015flerdir. Ne kadar olumsuz bir manzara olsa da, Allah\u2019a \u015f\u00fck\u00fcrler olsun ki, Milliyet\u00e7i Hareket hala ge\u00e7ilememi\u015f, hala yenilememi\u015f ve hala etkisizle\u015ftirilememi\u015ftir. Bu a\u00e7\u0131dan bizim hi\u00e7 kimseyle s\u00f6zde K\u00fcrt sorunu ba\u011flam\u0131nda g\u00f6r\u00fc\u015fecek ve fikir al\u0131\u015fveri\u015finde bulunacak bir niyetimiz ve merak\u0131m\u0131z yoktur. Bu itibarla biz ge\u00e7mi\u015fte AKP\u2019yle y\u0131k\u0131m projesini konu\u015fmad\u0131k, bug\u00fcn de CHP\u2019yle \u00e7\u00f6k\u00fc\u015f plan\u0131n\u0131 konu\u015fmayaca\u011f\u0131z. Parti olarak b\u00f6l\u00fcc\u00fcl\u00fc\u011fe ve ter\u00f6re nas\u0131l bakt\u0131\u011f\u0131m\u0131z bellidir ve duyarl\u0131 herkes taraf\u0131ndan da bilinmektedir. Bunun haricinde, bizim nezdimizde K\u00fcrt sorunu diye bir \u015fey asla olmay\u0131p, bunun konu\u015fulmas\u0131 dahi sakat, mahsurlu ve tehlikeli bir durumdur. Herkes bilmelidir ki, ter\u00f6rle m\u00fccadelede en b\u00fcy\u00fck manevi g\u00fcc\u00fcm\u00fcz ve asla vazge\u00e7meyece\u011fimiz hedefimiz ba\u011f\u0131ms\u0131z ya\u015fama \u00fclk\u00fcm\u00fcz ve kararl\u0131l\u0131\u011f\u0131m\u0131zd\u0131r. Ter\u00f6r\u00fc yok etmeye y\u00f6nelik azim ve direncimizin merkezinde; \u015fehadete ula\u015fm\u0131\u015f vatan evlatlar\u0131na y\u00f6nelik sevgimiz, sayg\u0131m\u0131z ve ba\u011fl\u0131l\u0131\u011f\u0131m\u0131zla birlikte, T\u00fcrk milletinin bin y\u0131ll\u0131k karde\u015fli\u011fine duydu\u011fumuz hayranl\u0131k tam anlam\u0131yla belirleyicidir. B\u00fct\u00fcn bu mukaddesat\u0131 y\u0131pratacak, sorgulatacak, ter\u00f6rle m\u00fccadelenin ilke ve inanc\u0131n\u0131 zedeleyecek a\u00e7\u0131klama, a\u00e7\u0131l\u0131m ve yorumlardan mutlaka ve acilen uzak durulmal\u0131d\u0131r.&#8221; \u015feklinde konu\u015ftu.<\/p>\n<span style=\"font-weight: bold; color: #f00;\">Error, group does not exist! Check your syntax! (ID: 52)<\/span>\n","protected":false},"excerpt":{"rendered":"<p>Devlet Bah\u00e7eli: CHP b\u00f6l\u00fcc\u00fcl\u00fc\u011f\u00fcn \u015feytan \u00fc\u00e7genini olu\u015fturuyor&#8230; MHP Genel Ba\u015fkan\u0131 Devlet Bah\u00e7eli, AKP ve BDP ile CHP&#8217;ye de \u00e7ok sert ele\u015ftirilerde bulundu. <\/p>\n","protected":false},"author":4,"featured_media":183671,"comment_status":"open","ping_status":"open","sticky":false,"template":"","format":"standard","meta":{"_acf_changed":false,"footnotes":""},"categories":[6155,5005,6202,349,6805],"tags":[8723,34753,102389,102391,14545,10829,60718,13136],"class_list":["post-110607","post","type-post","status-publish","format-standard","has-post-thumbnail","hentry","category-gundem","category-manset","category-politika","category-son-dakika","category-turkiye","tag-chp","tag-devlet-bahceli-aciklama","tag-devlet-bahceli-chp","tag-devlet-bahceli-chp-aciklamasi","tag-devlet-bahceli-grup-konusmasi","tag-mhp","tag-mhp-grup","tag-mhp-grup-toplantisi"],"acf":[],"_links":{"self":[{"href":"https:\/\/www.nationalturk.com\/tr\/wp-json\/wp\/v2\/posts\/110607","targetHints":{"allow":["GET"]}}],"collection":[{"href":"https:\/\/www.nationalturk.com\/tr\/wp-json\/wp\/v2\/posts"}],"about":[{"href":"https:\/\/www.nationalturk.com\/tr\/wp-json\/wp\/v2\/types\/post"}],"author":[{"embeddable":true,"href":"https:\/\/www.nationalturk.com\/tr\/wp-json\/wp\/v2\/users\/4"}],"replies":[{"embeddable":true,"href":"https:\/\/www.nationalturk.com\/tr\/wp-json\/wp\/v2\/comments?post=110607"}],"version-history":[{"count":0,"href":"https:\/\/www.nationalturk.com\/tr\/wp-json\/wp\/v2\/posts\/110607\/revisions"}],"wp:featuredmedia":[{"embeddable":true,"href":"https:\/\/www.nationalturk.com\/tr\/wp-json\/wp\/v2\/media\/183671"}],"wp:attachment":[{"href":"https:\/\/www.nationalturk.com\/tr\/wp-json\/wp\/v2\/media?parent=110607"}],"wp:term":[{"taxonomy":"category","embeddable":true,"href":"https:\/\/www.nationalturk.com\/tr\/wp-json\/wp\/v2\/categories?post=110607"},{"taxonomy":"post_tag","embeddable":true,"href":"https:\/\/www.nationalturk.com\/tr\/wp-json\/wp\/v2\/tags?post=110607"}],"curies":[{"name":"wp","href":"https:\/\/api.w.org\/{rel}","templated":true}]}}