{"id":110692,"date":"2012-06-06T13:29:40","date_gmt":"2012-06-06T10:29:40","guid":{"rendered":"http:\/\/www.nationalturk.com\/?p=110692"},"modified":"2012-06-06T13:29:40","modified_gmt":"2012-06-06T10:29:40","slug":"basbakan-erdogan-kilicdaroglu-gorusmesi-hakkinda-konustu-110692","status":"publish","type":"post","link":"https:\/\/www.nationalturk.com\/tr\/basbakan-erdogan-kilicdaroglu-gorusmesi-hakkinda-konustu-110692\/","title":{"rendered":"Ba\u015fbakan Erdo\u011fan, K\u0131l\u0131\u00e7daro\u011flu g\u00f6r\u00fc\u015fmesi hakk\u0131nda konu\u015ftu"},"content":{"rendered":"<h1><img loading=\"lazy\" decoding=\"async\" class=\"alignnone size-large wp-image-110693\" title=\"Ba\u015fbakan Erdo\u011fan\" src=\"http:\/\/www.nationalturk.com\/tr\/wp-content\/uploads\/2012\/06\/erdogan_tim-610x397.jpg\" alt=\"\" width=\"610\" height=\"397\" srcset=\"https:\/\/www.nationalturk.com\/tr\/wp-content\/uploads\/2012\/06\/erdogan_tim-610x397.jpg 610w, https:\/\/www.nationalturk.com\/tr\/wp-content\/uploads\/2012\/06\/erdogan_tim-280x182.jpg 280w, https:\/\/www.nationalturk.com\/tr\/wp-content\/uploads\/2012\/06\/erdogan_tim.jpg 712w\" sizes=\"auto, (max-width: 610px) 100vw, 610px\" \/><\/h1>\n<h1>Ba\u015fbakan Recep Tayyip Erdo\u011fan T\u00fcrkiye \u0130hracat\u00e7\u0131lar Meclisi\u2019nin (T\u0130M) 19. Ola\u011fan Genel Kurul Toplant\u0131s\u0131\u2019nda g\u00fcndeme ili\u015fkin a\u00e7\u0131klamalarda bulundu. Erdo\u011fan, K\u0131l\u0131\u00e7daro\u011flu ile yapaca\u011f\u0131 g\u00f6r\u00fc\u015fme hakk\u0131nda da konu\u015ftu.<\/h1>\n<p>Ba\u015fbakan Recep Tayyip Erdo\u011fan, demokratik siyasete inanan her partinin diyalo\u011fa a\u00e7\u0131k olmas\u0131 gerekti\u011fine i\u015faret ederek, &#8221;Kap\u0131y\u0131 kapatmakla bir yere var\u0131lmaz. Siyasette k\u00fcsl\u00fck olmaz, k\u00f6pr\u00fcleri atmak olmaz. Hasmane duygular i\u00e7ine girmek, rakiplerini d\u00fc\u015fman olarak, hain olarak yaftalamak olmaz. \u0130n\u015fallah \u00f6\u011fleden sonra da ana muhalefet partisi genel ba\u015fkan\u0131 ve heyetini kabul edecek, bu konudaki \u00f6nerilerini dikkatle dinleyecek, not edecek, \u00fczerinde isti\u015fareleri yapaca\u011f\u0131z&#8221; dedi.<\/p>\n<p><strong>Erdo\u011fan&#8217;\u0131n konu\u015fmas\u0131ndan sat\u0131r ba\u015flar\u0131;<\/strong><\/p>\n<p>Biz bu meselenin (ter\u00f6r) \u00e7\u00f6z\u00fcm\u00fc i\u00e7in hi\u00e7bir zaman kap\u0131lar\u0131m\u0131z\u0131 kapatmad\u0131k. Bug\u00fcn de kap\u0131lar\u0131m\u0131z ard\u0131na kadar a\u00e7\u0131k. Kim gelirse, kim katk\u0131 vermek isterse, kim bize bir \u00e7\u00f6z\u00fcm \u00f6nerisi getirirse dikkatle dinleriz, hassasiyetle \u00fczerinde dururuz ve oradan istifade edip, alaca\u011f\u0131m\u0131z ne varsa al\u0131r ve onu uygulamaya koyar\u0131z. Bizim hi\u00e7bir \u00f6n \u015fart\u0131m\u0131z, hi\u00e7bir \u00f6nyarg\u0131m\u0131z, \u00f6n kabul\u00fcm\u00fcz yok. Biz bu milli meselede iktidar, muhalefet gibi de\u011fil, annelerin g\u00f6zya\u015f\u0131n\u0131 dindirmeye \u00e7al\u0131\u015fan, can, kalp, vicdan ta\u015f\u0131yan insanlar gibi olunmas\u0131n\u0131 her zaman istedik, bug\u00fcn de istiyoruz.<\/p>\n<p>Kamuyla \u00f6zel sekt\u00f6r tarihin hi\u00e7bir d\u00f6neminde g\u00f6r\u00fclmeyen bir uyumla, sinerjiyle ortak hareket ederek, ortak bir hedefe, yani 2023 Cumhuriyetimizin 100. kurulu\u015f y\u0131l d\u00f6n\u00fcm\u00fc 500 milyar dolar ihracat hedefine do\u011fru ilerliyoruz. Biz ihracat\u0131 9 y\u0131lda d\u00f6rt kat art\u0131rd\u0131k. Evelallah \u00f6n\u00fcm\u00fczdeki 11 y\u0131lda da d\u00f6rt kart art\u0131r\u0131p, in\u015fallah 500 milyar dolar\u0131 da birlikte a\u015far\u0131z.<\/p>\n<span style=\"font-weight: bold; color: #f00;\">Error, group does not exist! Check your syntax! (ID: 52)<\/span>\n","protected":false},"excerpt":{"rendered":"<p>Ba\u015fbakan Recep Tayyip Erdo\u011fan T\u00fcrkiye \u0130hracat\u00e7\u0131lar Meclisi\u2019nin (T\u0130M) 19. Ola\u011fan Genel Kurul Toplant\u0131s\u0131\u2019nda g\u00fcndeme ili\u015fkin a\u00e7\u0131klamalarda bulundu. Erdo\u011fan, K\u0131l\u0131\u00e7daro\u011flu ile yapaca\u011f\u0131 g\u00f6r\u00fc\u015fme hakk\u0131nda da konu\u015ftu.<\/p>\n","protected":false},"author":4,"featured_media":183653,"comment_status":"open","ping_status":"open","sticky":false,"template":"","format":"standard","meta":{"_acf_changed":false,"footnotes":""},"categories":[6155,5005,6202,349,6805],"tags":[102476,5115,787,17125,17126],"class_list":["post-110692","post","type-post","status-publish","format-standard","has-post-thumbnail","hentry","category-gundem","category-manset","category-politika","category-son-dakika","category-turkiye","tag-erdogan-tim","tag-kemal-kilicdaroglu","tag-recep-tayyip-erdogan","tag-tim","tag-turkiye-ihracatcilar-meclisi"],"acf":[],"_links":{"self":[{"href":"https:\/\/www.nationalturk.com\/tr\/wp-json\/wp\/v2\/posts\/110692","targetHints":{"allow":["GET"]}}],"collection":[{"href":"https:\/\/www.nationalturk.com\/tr\/wp-json\/wp\/v2\/posts"}],"about":[{"href":"https:\/\/www.nationalturk.com\/tr\/wp-json\/wp\/v2\/types\/post"}],"author":[{"embeddable":true,"href":"https:\/\/www.nationalturk.com\/tr\/wp-json\/wp\/v2\/users\/4"}],"replies":[{"embeddable":true,"href":"https:\/\/www.nationalturk.com\/tr\/wp-json\/wp\/v2\/comments?post=110692"}],"version-history":[{"count":0,"href":"https:\/\/www.nationalturk.com\/tr\/wp-json\/wp\/v2\/posts\/110692\/revisions"}],"wp:featuredmedia":[{"embeddable":true,"href":"https:\/\/www.nationalturk.com\/tr\/wp-json\/wp\/v2\/media\/183653"}],"wp:attachment":[{"href":"https:\/\/www.nationalturk.com\/tr\/wp-json\/wp\/v2\/media?parent=110692"}],"wp:term":[{"taxonomy":"category","embeddable":true,"href":"https:\/\/www.nationalturk.com\/tr\/wp-json\/wp\/v2\/categories?post=110692"},{"taxonomy":"post_tag","embeddable":true,"href":"https:\/\/www.nationalturk.com\/tr\/wp-json\/wp\/v2\/tags?post=110692"}],"curies":[{"name":"wp","href":"https:\/\/api.w.org\/{rel}","templated":true}]}}