{"id":110695,"date":"2012-06-06T13:38:04","date_gmt":"2012-06-06T10:38:04","guid":{"rendered":"http:\/\/www.nationalturk.com\/?p=110695"},"modified":"2012-06-06T13:38:04","modified_gmt":"2012-06-06T10:38:04","slug":"chpli-ozkes-baskan-cuppesini-cikarip-oyle-siyaset-yapsin-110695","status":"publish","type":"post","link":"https:\/\/www.nationalturk.com\/tr\/chpli-ozkes-baskan-cuppesini-cikarip-oyle-siyaset-yapsin-110695\/","title":{"rendered":"CHP&#8217;li \u00d6zkes: Ba\u015fkan c\u00fcppesini \u00e7\u0131kar\u0131p \u00f6yle siyaset yaps\u0131n"},"content":{"rendered":"<h1><img loading=\"lazy\" decoding=\"async\" class=\"alignleft size-medium wp-image-110696\" title=\"Mehmet G\u00f6rmez\" src=\"http:\/\/www.nationalturk.com\/tr\/wp-content\/uploads\/2012\/06\/mehmet_gormez_bekir_bozdag1-280x186.jpg\" alt=\"\" width=\"280\" height=\"186\" srcset=\"https:\/\/www.nationalturk.com\/tr\/wp-content\/uploads\/2012\/06\/mehmet_gormez_bekir_bozdag1-280x186.jpg 280w, https:\/\/www.nationalturk.com\/tr\/wp-content\/uploads\/2012\/06\/mehmet_gormez_bekir_bozdag1-600x400.jpg 600w, https:\/\/www.nationalturk.com\/tr\/wp-content\/uploads\/2012\/06\/mehmet_gormez_bekir_bozdag1.jpg 712w\" sizes=\"auto, (max-width: 280px) 100vw, 280px\" \/>CHP&#8217;li \u00d6zkes: Ba\u015fkan c\u00fcppesini \u00e7\u0131kar\u0131p \u00f6yle siyaset yaps\u0131n&#8230; \u00a0CHP \u0130stanbul Milletvekili \u0130hsan \u00d6zkes, &#8216;Diyanet \u0130\u015fleri Ba\u015fkan\u0131 c\u00fcbbesini \u00e7\u0131kars\u0131n \u00f6yle siyaset yaps\u0131n&#8217; dedi.<\/h1>\n<p>TBMM&#8217;de bas\u0131n toplant\u0131s\u0131 d\u00fczenleyen \u0130hsan \u00d6zkes, Diyanet \u0130\u015fleri Ba\u015fkan\u0131 Prof. Dr. Mehmet G\u00f6rmez&#8217;in k\u00fcrtaj ile ilgili a\u00e7\u0131klamas\u0131n\u0131 ele\u015ftirdi.\u00a0&#8221;Say\u0131n G\u00f6rmez tam bir g\u00f6rmezdir&#8221; ifadesini kullanan \u00d6zkes, Diyanet&#8217;in &#8221;siyasetin vesayetinde oldu\u011funu&#8221; \u00f6ne s\u00fcrerek &#8221;Diyanet \u0130\u015fleri Ba\u015fkan\u0131, c\u00fcbbesini \u00e7\u0131kars\u0131n \u00f6yle siyaset yaps\u0131n. Din kisvesiyle siyaset, ticaret ve b\u00f6l\u00fcc\u00fcl\u00fck yapmak caiz de\u011fildir&#8221; dedi.<\/p>\n<p>Diyanet \u0130\u015fleri Ba\u015fkanl\u0131\u011f\u0131&#8217;na &#8221;Her k\u00fcrtaj bir Uludere midir-&#8221; sorusunu y\u00f6nelten \u00d6zkes, k\u00fcrtaj a\u00e7\u0131klamas\u0131n\u0131n yap\u0131ld\u0131\u011f\u0131 g\u00fcn hac fiyatlar\u0131n\u0131n da tespit edildi\u011fini an\u0131msatt\u0131. K\u00fcretaj\u0131n s\u00f6zl\u00fckte &#8221;kaz\u0131mak&#8221; anlam\u0131na geldi\u011fini aktaran \u00d6kzes, &#8221;Diyanet de hac\u0131lar\u0131n cebindeki paralar\u0131 sonuna kadar kaz\u0131yarak al\u0131yor. Diyanet bir nevi k\u00fcretaj yap\u0131yor&#8221; diye konu\u015ftu.<\/p>\n<p>\u00d6zkes, &#8221;Diyanet AKP&#8217;ye de\u011fil Allah&#8217;a yak\u0131n olmal\u0131d\u0131r. Kul hakk\u0131ndan, hac\u0131lar\u0131n hakk\u0131ndan sak\u0131nmal\u0131d\u0131r&#8221; dedi.\u00a0\u00d6zkes, Cumhurba\u015fkan\u0131 Abdullah G\u00fcl&#8217;e, Devlet Denetleme Kurumu&#8217;na hac ve umre gelirlerini ara\u015ft\u0131rmas\u0131 i\u00e7in talimat\u0131 vermesi \u00e7a\u011fr\u0131s\u0131nda bulundu.<\/p>\n<span style=\"font-weight: bold; color: #f00;\">Error, group does not exist! Check your syntax! (ID: 52)<\/span>\n","protected":false},"excerpt":{"rendered":"<p>CHP&#8217;li \u00d6zkes: Ba\u015fkan c\u00fcppesini \u00e7\u0131kar\u0131p \u00f6yle siyaset yaps\u0131n&#8230;  CHP \u0130stanbul Milletvekili \u0130hsan \u00d6zkes, &#8216;Diyanet \u0130\u015fleri Ba\u015fkan\u0131 c\u00fcbbesini \u00e7\u0131kars\u0131n \u00f6yle siyaset yaps\u0131n&#8217; dedi.<\/p>\n","protected":false},"author":4,"featured_media":183652,"comment_status":"open","ping_status":"open","sticky":false,"template":"","format":"standard","meta":{"_acf_changed":false,"footnotes":""},"categories":[6155,5005,6202,6805],"tags":[8723,52198,102230,102231,26642,101745,54158,27358],"class_list":["post-110695","post","type-post","status-publish","format-standard","has-post-thumbnail","hentry","category-gundem","category-manset","category-politika","category-turkiye","tag-chp","tag-diyanet","tag-diyanet-kurtaj","tag-diyanet-kurtaj-aciklamasi","tag-ihsan-ozkes","tag-kurtaj-uludere","tag-mehmet-gormez","tag-uludere"],"acf":[],"_links":{"self":[{"href":"https:\/\/www.nationalturk.com\/tr\/wp-json\/wp\/v2\/posts\/110695","targetHints":{"allow":["GET"]}}],"collection":[{"href":"https:\/\/www.nationalturk.com\/tr\/wp-json\/wp\/v2\/posts"}],"about":[{"href":"https:\/\/www.nationalturk.com\/tr\/wp-json\/wp\/v2\/types\/post"}],"author":[{"embeddable":true,"href":"https:\/\/www.nationalturk.com\/tr\/wp-json\/wp\/v2\/users\/4"}],"replies":[{"embeddable":true,"href":"https:\/\/www.nationalturk.com\/tr\/wp-json\/wp\/v2\/comments?post=110695"}],"version-history":[{"count":0,"href":"https:\/\/www.nationalturk.com\/tr\/wp-json\/wp\/v2\/posts\/110695\/revisions"}],"wp:featuredmedia":[{"embeddable":true,"href":"https:\/\/www.nationalturk.com\/tr\/wp-json\/wp\/v2\/media\/183652"}],"wp:attachment":[{"href":"https:\/\/www.nationalturk.com\/tr\/wp-json\/wp\/v2\/media?parent=110695"}],"wp:term":[{"taxonomy":"category","embeddable":true,"href":"https:\/\/www.nationalturk.com\/tr\/wp-json\/wp\/v2\/categories?post=110695"},{"taxonomy":"post_tag","embeddable":true,"href":"https:\/\/www.nationalturk.com\/tr\/wp-json\/wp\/v2\/tags?post=110695"}],"curies":[{"name":"wp","href":"https:\/\/api.w.org\/{rel}","templated":true}]}}