{"id":110920,"date":"2012-06-08T11:32:39","date_gmt":"2012-06-08T08:32:39","guid":{"rendered":"http:\/\/www.nationalturk.com\/?p=110920"},"modified":"2012-06-08T11:32:39","modified_gmt":"2012-06-08T08:32:39","slug":"lazio-burak-yilmaz-haberlerini-yalanladi-110920","status":"publish","type":"post","link":"https:\/\/www.nationalturk.com\/tr\/lazio-burak-yilmaz-haberlerini-yalanladi-110920\/","title":{"rendered":"Lazio Burak Y\u0131lmaz haberlerini yalanlad\u0131"},"content":{"rendered":"<h1><img loading=\"lazy\" decoding=\"async\" class=\"alignleft size-medium wp-image-110921\" title=\"Burak Y\u0131lmaz\" src=\"http:\/\/www.nationalturk.com\/tr\/wp-content\/uploads\/2012\/06\/burak___yilmaz__gol-275x220.jpg\" alt=\"\" width=\"275\" height=\"220\" srcset=\"https:\/\/www.nationalturk.com\/tr\/wp-content\/uploads\/2012\/06\/burak___yilmaz__gol-275x220.jpg 275w, https:\/\/www.nationalturk.com\/tr\/wp-content\/uploads\/2012\/06\/burak___yilmaz__gol.jpg 500w\" sizes=\"auto, (max-width: 275px) 100vw, 275px\" \/>Lazio Burak Y\u0131lmaz haberlerini yalanlad\u0131&#8230; \u0130talyan kul\u00fcb\u00fc Lazio, Burak Y\u0131lmaz&#8217;\u0131 transfer etmek istedi\u011fi y\u00f6n\u00fcndeki haberleri yapt\u0131\u011f\u0131 a\u00e7\u0131klamayla yalanlad\u0131.<\/h1>\n<p>Trabzonspor&#8217;un ba\u015far\u0131l\u0131 forveti Burak Y\u0131lmaz&#8217;\u0131n, Serie A tak\u0131mlar\u0131ndan SS Lazio&#8217;yla anla\u015ft\u0131 anla\u015facak haberleri \u00fczerine, kul\u00fcpten bir a\u00e7\u0131klama geldi.<\/p>\n<p>Gece ge\u00e7 saatlerde tak\u0131m\u0131n internet sitesinde 2 sat\u0131rl\u0131k bir a\u00e7\u0131klama yapan Sportif Direkt\u00f6r Igli Tare, &#8220;Burak Y\u0131lmaz&#8217;la g\u00f6r\u00fc\u015fmelerle ilgili olarak \u015funun alt\u0131n\u0131 \u00e7izmek isterim ki, \u015fu an ne futbolcuyla ne de menajeriyle herhangi bir bulu\u015fma \u00f6ng\u00f6r\u00fclm\u00fcyor. Bu konudaki haberleri yalanl\u0131yorum&#8221; dedi.<\/p>\n<p>Kariyerine Avrupa&#8217;da devam etmek istedi\u011fini s\u00f6yleyen gol kral\u0131 Burak Y\u0131lmaz ile Lazio ba\u015fta olmak \u00fczere bir\u00e7ok kul\u00fcb\u00fcn ilgilendi\u011fi ileri s\u00fcr\u00fclm\u00fc\u015ft\u00fc.<\/p>\n<!-- Error, Advert is not available at this time due to schedule\/geolocation restrictions! -->\n","protected":false},"excerpt":{"rendered":"<p>Lazio Burak Y\u0131lmaz haberlerini yalanlad\u0131&#8230; \u0130talyan kul\u00fcb\u00fc Lazio, Burak Y\u0131lmaz&#8217;\u0131 transfer etmek istedi\u011fi y\u00f6n\u00fcndeki haberleri yapt\u0131\u011f\u0131 a\u00e7\u0131klamayla yalanlad\u0131.<\/p>\n","protected":false},"author":4,"featured_media":183614,"comment_status":"open","ping_status":"open","sticky":false,"template":"","format":"standard","meta":{"_acf_changed":false,"footnotes":""},"categories":[6774,349,6194],"tags":[21467,102609,102610,102661,4117,31605],"class_list":["post-110920","post","type-post","status-publish","format-standard","has-post-thumbnail","hentry","category-futbol","category-son-dakika","category-spor","tag-burak-yilmaz","tag-burak-yilmaz-gidiyor","tag-burak-yilmaz-lazio","tag-lazio-burak-yilmaz","tag-trabzonspor","tag-trabzonspor-transfer"],"acf":[],"_links":{"self":[{"href":"https:\/\/www.nationalturk.com\/tr\/wp-json\/wp\/v2\/posts\/110920","targetHints":{"allow":["GET"]}}],"collection":[{"href":"https:\/\/www.nationalturk.com\/tr\/wp-json\/wp\/v2\/posts"}],"about":[{"href":"https:\/\/www.nationalturk.com\/tr\/wp-json\/wp\/v2\/types\/post"}],"author":[{"embeddable":true,"href":"https:\/\/www.nationalturk.com\/tr\/wp-json\/wp\/v2\/users\/4"}],"replies":[{"embeddable":true,"href":"https:\/\/www.nationalturk.com\/tr\/wp-json\/wp\/v2\/comments?post=110920"}],"version-history":[{"count":0,"href":"https:\/\/www.nationalturk.com\/tr\/wp-json\/wp\/v2\/posts\/110920\/revisions"}],"wp:featuredmedia":[{"embeddable":true,"href":"https:\/\/www.nationalturk.com\/tr\/wp-json\/wp\/v2\/media\/183614"}],"wp:attachment":[{"href":"https:\/\/www.nationalturk.com\/tr\/wp-json\/wp\/v2\/media?parent=110920"}],"wp:term":[{"taxonomy":"category","embeddable":true,"href":"https:\/\/www.nationalturk.com\/tr\/wp-json\/wp\/v2\/categories?post=110920"},{"taxonomy":"post_tag","embeddable":true,"href":"https:\/\/www.nationalturk.com\/tr\/wp-json\/wp\/v2\/tags?post=110920"}],"curies":[{"name":"wp","href":"https:\/\/api.w.org\/{rel}","templated":true}]}}