{"id":111161,"date":"2012-06-11T14:55:40","date_gmt":"2012-06-11T11:55:40","guid":{"rendered":"http:\/\/www.nationalturk.com\/?p=111161"},"modified":"2012-06-12T14:16:06","modified_gmt":"2012-06-12T11:16:06","slug":"hakan-peker-evlendi-111161","status":"publish","type":"post","link":"https:\/\/www.nationalturk.com\/tr\/hakan-peker-evlendi-111161\/","title":{"rendered":"Hakan Peker evlendi"},"content":{"rendered":"<h1><a href=\"http:\/\/www.nationalturk.com\/tr\/wp-content\/uploads\/2012\/06\/hakan-peker-evlendi.jpg\"><img loading=\"lazy\" decoding=\"async\" class=\"alignleft size-full wp-image-111162\" title=\"Hakan Peker evlendi\" src=\"http:\/\/www.nationalturk.com\/tr\/wp-content\/uploads\/2012\/06\/hakan-peker-evlendi.jpg\" alt=\"\" width=\"250\" height=\"150\"><\/a>\u00dcnl\u00fc sanat\u00e7\u0131 Hakan Peker evlendi.Hakan Peker uzun s\u00fcredir birlikte oldu\u011fu Arzu \u00d6ztoprak ile d\u00fcnya evine girdi.<\/h1>\n<p>&#8220;Bir gece otururken beklenmedik bir anda teklif ettim. \u00d6nce \u015faka yap\u0131yorum zannetti, sonra kabul etti&#8221;diyerek evlenmeye karar verdiklerini anlatan Hakan Peker&#8217;in d\u00fc\u011f\u00fcn\u00fcnde i\u00e7ki ikram\u0131 olmamas\u0131 da g\u00f6zlerden ka\u00e7mad\u0131.<\/p>\n<p>M\u00fczik d\u00fcnyas\u0131n\u0131n \u00fcnl\u00fc isimlerinin kat\u0131ld\u0131\u011f\u0131 d\u00fc\u011f\u00fcnde \u00e7iftin nik\u00e2h\u0131n\u0131 \u0130stanbul B\u00fcy\u00fck\u015fehir Belediye Ba\u015fkan\u0131 Kadir Topba\u015f k\u0131yd\u0131. Ba\u015fbakan Recep Tayyip Erdo\u011fan da telgrafla \u00e7ifte mutluluk diledi.<\/p>\n<h2>Balay\u0131 \u0130talya&#8217;da<\/h2>\n<p>Hakan Peker e\u015fi Arzu \u00d6ztoprak ile balay\u0131 i\u00e7in \u0130tal&#8217;ya ya gitti. \u00c7iftin balay\u0131nda\u00a0Roma, Floransa ve Venedik turu yapacaklar\u0131 \u00f6\u011frenildi.<\/p>\n<!-- Error, Advert is not available at this time due to schedule\/geolocation restrictions! -->\n","protected":false},"excerpt":{"rendered":"<p>\u00dcnl\u00fc sanat\u00e7\u0131 Hakan Peker evlendi.Hakan Peker uzun s\u00fcredir birlikte oldu\u011fu Arzu \u00d6ztoprak ile d\u00fcnya evine girdi.<\/p>\n","protected":false},"author":3,"featured_media":111162,"comment_status":"open","ping_status":"open","sticky":false,"template":"","format":"standard","meta":{"_acf_changed":false,"footnotes":""},"categories":[6232,36154],"tags":[141,102913,3591,16501,10,102910,86266,1710,787,13,3590,4297],"class_list":["post-111161","post","type-post","status-publish","format-standard","has-post-thumbnail","hentry","category-magazin","category-muzik","tag-balayi","tag-balayi-italya","tag-floransa","tag-hakan-peker","tag-italya","tag-italya-balayi","tag-italya-turu","tag-kadir-topbas","tag-recep-tayyip-erdogan","tag-roma","tag-venedik","tag-venedik-balayi"],"acf":[],"_links":{"self":[{"href":"https:\/\/www.nationalturk.com\/tr\/wp-json\/wp\/v2\/posts\/111161","targetHints":{"allow":["GET"]}}],"collection":[{"href":"https:\/\/www.nationalturk.com\/tr\/wp-json\/wp\/v2\/posts"}],"about":[{"href":"https:\/\/www.nationalturk.com\/tr\/wp-json\/wp\/v2\/types\/post"}],"author":[{"embeddable":true,"href":"https:\/\/www.nationalturk.com\/tr\/wp-json\/wp\/v2\/users\/3"}],"replies":[{"embeddable":true,"href":"https:\/\/www.nationalturk.com\/tr\/wp-json\/wp\/v2\/comments?post=111161"}],"version-history":[{"count":0,"href":"https:\/\/www.nationalturk.com\/tr\/wp-json\/wp\/v2\/posts\/111161\/revisions"}],"wp:featuredmedia":[{"embeddable":true,"href":"https:\/\/www.nationalturk.com\/tr\/wp-json\/wp\/v2\/media\/111162"}],"wp:attachment":[{"href":"https:\/\/www.nationalturk.com\/tr\/wp-json\/wp\/v2\/media?parent=111161"}],"wp:term":[{"taxonomy":"category","embeddable":true,"href":"https:\/\/www.nationalturk.com\/tr\/wp-json\/wp\/v2\/categories?post=111161"},{"taxonomy":"post_tag","embeddable":true,"href":"https:\/\/www.nationalturk.com\/tr\/wp-json\/wp\/v2\/tags?post=111161"}],"curies":[{"name":"wp","href":"https:\/\/api.w.org\/{rel}","templated":true}]}}