{"id":111164,"date":"2012-06-11T14:46:53","date_gmt":"2012-06-11T11:46:53","guid":{"rendered":"http:\/\/www.nationalturk.com\/?p=111164"},"modified":"2012-06-11T14:47:07","modified_gmt":"2012-06-11T11:47:07","slug":"beyoglunda-polis-iskencesi-111164","status":"publish","type":"post","link":"https:\/\/www.nationalturk.com\/tr\/beyoglunda-polis-iskencesi-111164\/","title":{"rendered":"Beyo\u011flu&#8217;nda polis i\u015fkencesi!"},"content":{"rendered":"<h1><img loading=\"lazy\" decoding=\"async\" class=\"alignleft size-medium wp-image-111165\" title=\"Beyo\u011flu polis i\u015fkencesi\" src=\"http:\/\/www.nationalturk.com\/tr\/wp-content\/uploads\/2012\/06\/beyoglu_iskenceye_son-280x210.jpg\" alt=\"\" width=\"280\" height=\"210\" srcset=\"https:\/\/www.nationalturk.com\/tr\/wp-content\/uploads\/2012\/06\/beyoglu_iskenceye_son-280x210.jpg 280w, https:\/\/www.nationalturk.com\/tr\/wp-content\/uploads\/2012\/06\/beyoglu_iskenceye_son.jpg 500w\" sizes=\"auto, (max-width: 280px) 100vw, 280px\" \/>\u0130nsan Haklar\u0131 Derne\u011fi (\u0130HD) \u0130stanbul \u015eubesi \u00fcyesi bir grup, 7 Haziran gecesi bir olaya kar\u0131\u015fan 3 gencin Beyo\u011flu\u2019nda sivil polisler taraf\u0131ndan d\u00f6v\u00fcld\u00fc\u011f\u00fcn\u00fc ileri s\u00fcrerek protesto eylemi yapt\u0131.<\/h1>\n<p>\u0130HD \u00fcyesi 10 ki\u015filik grup, ya\u015fanan olaylar nedeniyle polisi protesto etmek i\u00e7in Taksim Polis Merkezi Amirli\u011fi \u00f6n\u00fcnde topland\u0131. \u2018Beyo\u011flu\u2019nda i\u015fkenceye son\u2019 yaz\u0131l\u0131 pankart a\u00e7an eylemciler ad\u0131na bir a\u00e7\u0131klama yapan \u0130HD \u0130stanbul \u015eube Ba\u015fkan\u0131 \u00dcmit Efe, 7 Haziran g\u00fcn\u00fc saat 01.00 s\u0131ralar\u0131nda g\u00fcven timi polislerinin aralar\u0131nda tart\u0131\u015fan iki grubu ay\u0131rmak isterken tart\u0131\u015fman\u0131n taraf\u0131 olan Murat \u015ealc\u0131, Mervan Kurt ve Ahmet Usal isimli \u015fah\u0131slara g\u00f6rev s\u0131n\u0131rlar\u0131n\u0131 a\u015farak sald\u0131rd\u0131klar\u0131n\u0131 iddia ederek &#8220;Murat \u015ealc\u0131 yedi\u011fi dayak nedeniyle beyin kanamas\u0131 ge\u00e7irdi. Taksim Polis Merkezi\u2019ne g\u00f6t\u00fcr\u00fclen Ahmet Usal da yol \u00fczerinde ara sokaklara sokularak darp edildi. Emniyet binas\u0131nda da ayn\u0131 \u015fekilde i\u015fkenceye varan uygulamalara maruz kald\u0131.\u00a0Her zaman olageldi\u011fi gibi polisler sald\u0131r\u0131ya u\u011frayanlar\u0131n kendileri oldu\u011fu y\u00f6n\u00fcnde ger\u00e7e\u011fe ayk\u0131r\u0131 tutanak tutmu\u015flar, ma\u011fdurlar\u0131 polise mukavemetten \u015f\u00fcpheli olarak adliyeye getirmi\u015flerdir. Savc\u0131l\u0131k Mervan Kurt ve Ahmet Usal\u2019\u0131n y\u00fczlerinden, hal ve hareketlerinden anla\u015f\u0131lan darp olay\u0131n\u0131 sorgulamadan, tedavi alt\u0131nda oldu\u011fu i\u00e7in adliyeye getirilemeyen Murat \u015ealc\u0131\u2019n\u0131n ba\u015f\u0131na neler geldi\u011fini ara\u015ft\u0131rmadan \u015f\u00fcphelileri serbest b\u0131rakm\u0131\u015ft\u0131r. Konu ancak derne\u011fimiz avukatlar\u0131n\u0131n takibi sonucu adli makamlara intikal etmi\u015f, i\u015fkenceci polisler hakk\u0131nda su\u00e7 duyurusunda bulunulmu\u015ftur&#8221; diye konu\u015ftu.<\/p>\n<p>\u0130HD avukatlar\u0131ndan Faz\u0131l Ahmet Tamer ise. olay\u0131n geli\u015fimi hakk\u0131nda bilgi verdi. \u015ealc\u0131\u2019n\u0131n d\u00fcn hastaneden taburcu edildi\u011fini hat\u0131rlatan Tamer, ancak doktorlar\u0131n \u015ealc\u0131\u2019n\u0131n 4 ay boyunca m\u00fc\u015fahede alt\u0131nda tutularak takip edilmesi gerekti\u011fini s\u00f6yledi\u011fini ifade etti. \u2018\u0130nsanl\u0131k onuru i\u015fkenceyi yenecek\u2019 \u015feklinde slogan atan grup a\u00e7\u0131klamalar\u0131n\u0131n ard\u0131ndan olays\u0131z da\u011f\u0131ld\u0131.<\/p>\n<p>\u00d6te yandan, polis kay\u0131tlar\u0131nda G\u00fcven Timleri \u015eube M\u00fcd\u00fcrl\u00fc\u011f\u00fc ekiplerinin \u0130stiklal Caddesi \u00fczerinde polis tan\u0131tma kartlar\u0131n\u0131n g\u00f6sterilerek bir kavgaya m\u00fcdahale etti\u011fi, \u015fah\u0131slar\u0131n usul\u00fcne uygun bir \u015fekilde zor kullan\u0131larak ayr\u0131lmalar\u0131n\u0131n sa\u011fland\u0131\u011f\u0131 belirtildi. Bu s\u0131rada ad\u0131 ge\u00e7en ki\u015filerin polislere sald\u0131rd\u0131\u011f\u0131 ve k\u00fcf\u00fcr etti\u011fi belirtilen polis kay\u0131tlar\u0131nda \u015f\u00f6yle denildi: \u201c\u015eah\u0131slar\u0131n a\u015f\u0131r\u0131 derecede polislere sald\u0131rmalar\u0131 \u00fczerine \u015fah\u0131slar usul\u00fcne uygun \u015fekilde artan oranda kademeli olarak orant\u0131l\u0131 bir \u015fekilde zor kullan\u0131larak etkisiz hale getirilerek b\u00fcro amirli\u011fimize intikal ettirilmek istendi\u011fi esnada gelmemek i\u00e7in direnmi\u015fler ve Murat \u015ealc\u0131 isimli \u015fah\u0131s kafas\u0131n\u0131 yere vurmaya ve kendisine zarar vermeye ba\u015flam\u0131\u015f ve bunun \u00fczerine etkisiz hale getirilmi\u015f ve B\u00fcro Amirli\u011fimize intikal ettirilmi\u015f Murat \u015ealc\u0131 isimli \u015fahs\u0131n burada yap\u0131lan GBT sorgusunda \u2018Silahl\u0131 ter\u00f6r \u00f6rg\u00fct\u00fcne \u00fcye olmak ve ter\u00f6r \u00f6rg\u00fct\u00fc propagandas\u0131 yapmak\u2019 su\u00e7lar\u0131ndan kayd\u0131n\u0131n oldu\u011fu fakat aranmas\u0131n\u0131n olmad\u0131\u011f\u0131 anla\u015f\u0131ld\u0131ktan sonra olaya \u015fah\u0131slara ve olay esnas\u0131nda darp edilen polis memurlar\u0131na darp, cebir raporu al\u0131nm\u0131\u015f ve \u015fah\u0131slara yasal haklar\u0131 y\u00fczlerine kar\u015f\u0131 anla\u015f\u0131l\u0131r bir \u015fekilde okunup hat\u0131rlat\u0131ld\u0131ktan sonra gerekli yasal i\u015flemlerin yap\u0131labilmesi i\u00e7in bahse konu \u015f\u00fcpheli \u015fah\u0131slar Taksim Polis Merkezi Amirli\u011fi\u2019ne teslim edilmi\u015ftir.\u201d<\/p>\n<!-- Error, Advert is not available at this time due to schedule\/geolocation restrictions! -->\n","protected":false},"excerpt":{"rendered":"<p>\u0130nsan Haklar\u0131 Derne\u011fi (\u0130HD) \u0130stanbul \u015eubesi \u00fcyesi bir grup, 7 Haziran gecesi bir olaya kar\u0131\u015fan 3 gencin Beyo\u011flu\u2019nda sivil polisler taraf\u0131ndan d\u00f6v\u00fcld\u00fc\u011f\u00fcn\u00fc ileri s\u00fcrerek protesto eylemi yapt\u0131.<\/p>\n","protected":false},"author":4,"featured_media":183575,"comment_status":"open","ping_status":"open","sticky":false,"template":"","format":"standard","meta":{"_acf_changed":false,"footnotes":""},"categories":[6155,5005,6202,6805],"tags":[489,13887,50019],"class_list":["post-111164","post","type-post","status-publish","format-standard","has-post-thumbnail","hentry","category-gundem","category-manset","category-politika","category-turkiye","tag-beyoglu","tag-beyoglu-polisi","tag-insan-haklari-dernegi"],"acf":[],"_links":{"self":[{"href":"https:\/\/www.nationalturk.com\/tr\/wp-json\/wp\/v2\/posts\/111164","targetHints":{"allow":["GET"]}}],"collection":[{"href":"https:\/\/www.nationalturk.com\/tr\/wp-json\/wp\/v2\/posts"}],"about":[{"href":"https:\/\/www.nationalturk.com\/tr\/wp-json\/wp\/v2\/types\/post"}],"author":[{"embeddable":true,"href":"https:\/\/www.nationalturk.com\/tr\/wp-json\/wp\/v2\/users\/4"}],"replies":[{"embeddable":true,"href":"https:\/\/www.nationalturk.com\/tr\/wp-json\/wp\/v2\/comments?post=111164"}],"version-history":[{"count":0,"href":"https:\/\/www.nationalturk.com\/tr\/wp-json\/wp\/v2\/posts\/111164\/revisions"}],"wp:featuredmedia":[{"embeddable":true,"href":"https:\/\/www.nationalturk.com\/tr\/wp-json\/wp\/v2\/media\/183575"}],"wp:attachment":[{"href":"https:\/\/www.nationalturk.com\/tr\/wp-json\/wp\/v2\/media?parent=111164"}],"wp:term":[{"taxonomy":"category","embeddable":true,"href":"https:\/\/www.nationalturk.com\/tr\/wp-json\/wp\/v2\/categories?post=111164"},{"taxonomy":"post_tag","embeddable":true,"href":"https:\/\/www.nationalturk.com\/tr\/wp-json\/wp\/v2\/tags?post=111164"}],"curies":[{"name":"wp","href":"https:\/\/api.w.org\/{rel}","templated":true}]}}