{"id":111254,"date":"2012-06-12T12:19:10","date_gmt":"2012-06-12T09:19:10","guid":{"rendered":"http:\/\/www.nationalturk.com\/?p=111254"},"modified":"2012-06-12T12:19:10","modified_gmt":"2012-06-12T09:19:10","slug":"israilden-sok-hamle-250-bin-filistinli-evine-donemeyecek-111254","status":"publish","type":"post","link":"https:\/\/www.nationalturk.com\/tr\/israilden-sok-hamle-250-bin-filistinli-evine-donemeyecek-111254\/","title":{"rendered":"\u0130srail&#8217;den \u015fok hamle! 250 bin Filistinli evine d\u00f6nemeyecek!"},"content":{"rendered":"<h1><img loading=\"lazy\" decoding=\"async\" class=\"alignleft size-medium wp-image-111256\" title=\"Filistin\" src=\"http:\/\/www.nationalturk.com\/tr\/wp-content\/uploads\/2012\/06\/filistin_bayrak-280x175.jpg\" alt=\"\" width=\"280\" height=\"175\" srcset=\"https:\/\/www.nationalturk.com\/tr\/wp-content\/uploads\/2012\/06\/filistin_bayrak-280x175.jpg 280w, https:\/\/www.nationalturk.com\/tr\/wp-content\/uploads\/2012\/06\/filistin_bayrak-610x383.jpg 610w, https:\/\/www.nationalturk.com\/tr\/wp-content\/uploads\/2012\/06\/filistin_bayrak.jpg 1000w\" sizes=\"auto, (max-width: 280px) 100vw, 280px\" \/>\u0130srail y\u00f6netimi, 1967 y\u0131l\u0131 ile Filistin Y\u00f6netimi&#8217;nin kuruldu\u011fu 1994 y\u0131llar\u0131 aras\u0131nda \u00fclke d\u0131\u015f\u0131na \u00e7\u0131kan yakla\u015f\u0131k 250 bin Filistinlinin geri d\u00f6n\u00fc\u015f\u00fcne izin verilmedi\u011fini kabul etti.<\/h1>\n<p>\u0130srail&#8217;de yay\u0131mlanan Haaretz gazetesinin haberine g\u00f6re, 27 y\u0131ll\u0131k s\u00fcre zarf\u0131nda, ailelerine destek sa\u011flamak amac\u0131yla \u00e7al\u0131\u015fma ya da e\u011fitim gibi gerek\u00e7elerle Gazze&#8217;den yurt d\u0131\u015f\u0131na giden 100 bin ki\u015finin oturum haklar\u0131n\u0131n iptal edildi\u011fi ve evlerine d\u00f6nmelerine izin verilmedi\u011fi belirtildi.<\/p>\n<p>Ayn\u0131 d\u00f6nemde Bat\u0131 \u015eeria&#8217;dan \u00e7\u0131kan 140 bin ki\u015finin de d\u00f6n\u00fc\u015f\u00fcne izin verilmedi\u011fi, y\u00fcr\u00fct\u00fclen &#8220;sessiz transfer faaliyeti&#8221; ile topraklar\u0131ndan uzakla\u015ft\u0131r\u0131lan Filistinlilerin say\u0131s\u0131n\u0131n b\u00f6ylelikle 250 bine ula\u015ft\u0131\u011f\u0131 kaydedildi.<\/p>\n<p>Veriler, \u0130srail Savunma Bakanl\u0131\u011f\u0131&#8217;n\u0131n Filistin topraklar\u0131ndaki faaliyetlerden sorumlu koordinat\u00f6rl\u00fc\u011f\u00fc taraf\u0131ndan, \u0130srailli bir insan haklar\u0131 kurulu\u015funun bilgi edinme yasas\u0131 kapsam\u0131nda yapt\u0131\u011f\u0131 ba\u015fvurusu \u00fczerine kamuoyuna a\u00e7\u0131kland\u0131.<br \/>\nA\u00e7\u0131klamada, 44 bin 730 Gazzeli&#8217;nin 7 y\u0131ldan fazla yurtd\u0131\u015f\u0131nda kald\u0131\u011f\u0131 i\u00e7in oturum haklar\u0131n\u0131 kaybetti\u011fi belirtilirken, 54 bin 730&#8217;unun 1981&#8217;de, 7 bin 249&#8217;unun da 1988&#8217;deki n\u00fcfus say\u0131m\u0131na kat\u0131lmamalar\u0131 sebebiyle haklar\u0131nda ayn\u0131 i\u015flemin yap\u0131ld\u0131\u011f\u0131 kaydedildi.<\/p>\n<p>\u0130srail y\u00f6netiminin, Bat\u0131 \u015eeria&#8217;dan \u00e7\u0131kan Filistinlilerin, kimliklerini s\u0131n\u0131rda b\u0131rakmas\u0131 y\u00f6n\u00fcnde bir uygulamas\u0131 oldu\u011funu hat\u0131rlatan Haaretz gazetesi, bu kapsamda Bat\u0131 \u015eeria&#8217;dan ayr\u0131lanlara 3 y\u0131ll\u0131k seyahat belgesi verildi\u011fini, birer y\u0131ldan \u00fc\u00e7 kez temdid edilebilen iznin ge\u00e7erlilik s\u00fcresinin bitmesi durumunda, 6 ay i\u00e7inde geri d\u00f6nemeyen Filistinlilerin oturum haklar\u0131n\u0131n \u00f6nceden haber verilmeden iptal edildi\u011fini kaydetti.<\/p>\n<p>Halihaz\u0131rda Kud\u00fcs&#8217;te de benzer bir uygulaman\u0131n y\u00fcr\u00fcrl\u00fckte oldu\u011funa dikkati \u00e7eken Haaretz, &#8220;7 y\u0131ldan fazla yurtd\u0131\u015f\u0131nda ya\u015fayan Filistinlilerin kente d\u00f6n\u00fc\u015f hakk\u0131n\u0131 kaybetti\u011fini&#8221; belirtti.\u00a0Gazze&#8217;de y\u0131ll\u0131k n\u00fcfus art\u0131\u015f\u0131n\u0131n y\u00fczde 3,3 oldu\u011funa dikkat \u00e7eken Haaretz, \u0130srail&#8217;in oturum haklar\u0131n\u0131 iptal etmemesi halinde Gazze&#8217;nin \u015fimdiki n\u00fcfusunun y\u00fczde 10 daha fazla olaca\u011f\u0131n\u0131 vurgulad\u0131.<\/p>\n<!-- Error, Advert is not available at this time due to schedule\/geolocation restrictions! -->\n","protected":false},"excerpt":{"rendered":"<p>\u0130srail y\u00f6netimi, 1967 y\u0131l\u0131 ile Filistin Y\u00f6netimi&#8217;nin kuruldu\u011fu 1994 y\u0131llar\u0131 aras\u0131nda \u00fclke d\u0131\u015f\u0131na \u00e7\u0131kan yakla\u015f\u0131k 250 bin Filistinlinin geri d\u00f6n\u00fc\u015f\u00fcne izin verilmedi\u011fini kabul etti.<\/p>\n","protected":false},"author":4,"featured_media":183558,"comment_status":"open","ping_status":"open","sticky":false,"template":"","format":"standard","meta":{"_acf_changed":false,"footnotes":""},"categories":[6665,6155,5005,6772,6202,6662],"tags":[29142,7362,6963,14338,1555,19766,28275],"class_list":["post-111254","post","type-post","status-publish","format-standard","has-post-thumbnail","hentry","category-dunya","category-gundem","category-manset","category-ortadogu","category-politika","category-yasam","tag-bati-seria","tag-filistin","tag-gazze","tag-haaretz","tag-israil","tag-israil-filistin","tag-israil-gazze"],"acf":[],"_links":{"self":[{"href":"https:\/\/www.nationalturk.com\/tr\/wp-json\/wp\/v2\/posts\/111254","targetHints":{"allow":["GET"]}}],"collection":[{"href":"https:\/\/www.nationalturk.com\/tr\/wp-json\/wp\/v2\/posts"}],"about":[{"href":"https:\/\/www.nationalturk.com\/tr\/wp-json\/wp\/v2\/types\/post"}],"author":[{"embeddable":true,"href":"https:\/\/www.nationalturk.com\/tr\/wp-json\/wp\/v2\/users\/4"}],"replies":[{"embeddable":true,"href":"https:\/\/www.nationalturk.com\/tr\/wp-json\/wp\/v2\/comments?post=111254"}],"version-history":[{"count":0,"href":"https:\/\/www.nationalturk.com\/tr\/wp-json\/wp\/v2\/posts\/111254\/revisions"}],"wp:featuredmedia":[{"embeddable":true,"href":"https:\/\/www.nationalturk.com\/tr\/wp-json\/wp\/v2\/media\/183558"}],"wp:attachment":[{"href":"https:\/\/www.nationalturk.com\/tr\/wp-json\/wp\/v2\/media?parent=111254"}],"wp:term":[{"taxonomy":"category","embeddable":true,"href":"https:\/\/www.nationalturk.com\/tr\/wp-json\/wp\/v2\/categories?post=111254"},{"taxonomy":"post_tag","embeddable":true,"href":"https:\/\/www.nationalturk.com\/tr\/wp-json\/wp\/v2\/tags?post=111254"}],"curies":[{"name":"wp","href":"https:\/\/api.w.org\/{rel}","templated":true}]}}