{"id":111835,"date":"2012-06-18T14:51:36","date_gmt":"2012-06-18T11:51:36","guid":{"rendered":"http:\/\/www.nationalturk.com\/?p=111835"},"modified":"2012-06-18T14:52:11","modified_gmt":"2012-06-18T11:52:11","slug":"yalvacta-trafik-kazasi-111835","status":"publish","type":"post","link":"https:\/\/www.nationalturk.com\/tr\/yalvacta-trafik-kazasi-111835\/","title":{"rendered":"Yalva\u00e7&#8217;ta trafik kazas\u0131:7 yaral\u0131"},"content":{"rendered":"<h1><a href=\"http:\/\/www.nationalturk.com\/tr\/wp-content\/uploads\/2012\/06\/yalvac-kaza.jpg\"><img loading=\"lazy\" decoding=\"async\" class=\"alignleft size-medium wp-image-111836\" title=\"Yalva\u00e7&#039;ta trafik kazas\u0131:7 yaral\u0131\" src=\"http:\/\/www.nationalturk.com\/tr\/wp-content\/uploads\/2012\/06\/yalvac-kaza-280x213.jpg\" alt=\"\" width=\"280\" height=\"213\" srcset=\"https:\/\/www.nationalturk.com\/tr\/wp-content\/uploads\/2012\/06\/yalvac-kaza-280x213.jpg 280w, https:\/\/www.nationalturk.com\/tr\/wp-content\/uploads\/2012\/06\/yalvac-kaza.jpg 400w\" sizes=\"auto, (max-width: 280px) 100vw, 280px\" \/><\/a>Yalva\u00e7&#8217;ta &#8221;pat pat&#8221; olarak adland\u0131r\u0131lan tar\u0131m arac\u0131n\u0131n devrilmesi sonucu 6&#8217;s\u0131 a\u011f\u0131r 7 ki\u015fi yaraland\u0131.<\/h1>\n<p>Tarlada \u00e7al\u0131\u015fan akrabalar\u0131n\u0131 alan Nurettin Alba\u011flar&#8217;\u0131n (49) kulland\u0131\u011f\u0131, halk aras\u0131nda &#8221;pat pat&#8221; olarak adland\u0131r\u0131lan tar\u0131m arac\u0131, Senirkent-Yalva\u00e7 Karayolu \u0130le\u011fi k\u00f6y\u00fc mevkisinde \u00f6n lasti\u011finin yerinden \u00e7\u0131kmas\u0131 sonucu devrildi.<\/p>\n<p>Kazada s\u00fcr\u00fcc\u00fc Alba\u011flar ile tar\u0131m arac\u0131nda bulunan Nursel Topta\u015f (19), Hafize Alba\u011flar (38) Tu\u011fba Alba\u011flar (17), Rabia Alba\u011flar (17), Hac\u0131 \u00d6mer Alba\u011flar (11) ve Hatice \u00c7ulla (2) tar\u0131m arac\u0131n\u0131n alt\u0131nda kalarak yaraland\u0131.<\/p>\n<p>\u00c7evredeki vatanda\u015flar taraf\u0131ndan \u00e7a\u011fr\u0131lan 112 Acil Servis ambulanslar\u0131 ile Yalva\u00e7 Devlet Hastanesi&#8217;ne kald\u0131r\u0131lan yaral\u0131lardan Hafize Alba\u011flar d\u0131\u015f\u0131ndaki 6 ki\u015fi, durumlar\u0131n\u0131n a\u011f\u0131r olmas\u0131 nedeniyle S\u00fcleyman Demirel \u00dcniversitesi T\u0131p Fak\u00fcltesi Hastanesi&#8217;ne sevk edildi.<\/p>\n<!-- Error, Advert is not available at this time due to schedule\/geolocation restrictions! -->\n","protected":false},"excerpt":{"rendered":"<p>Yalva\u00e7&#8217;ta &#8221;pat pat&#8221; olarak adland\u0131r\u0131lan tar\u0131m arac\u0131n\u0131n devrilmesi sonucu 6&#8217;s\u0131 a\u011f\u0131r 7 ki\u015fi yaraland\u0131.<\/p>\n","protected":false},"author":3,"featured_media":183462,"comment_status":"open","ping_status":"open","sticky":false,"template":"","format":"standard","meta":{"_acf_changed":false,"footnotes":""},"categories":[6155,5005,349,6805,6662],"tags":[62528,37964,83200],"class_list":["post-111835","post","type-post","status-publish","format-standard","has-post-thumbnail","hentry","category-gundem","category-manset","category-son-dakika","category-turkiye","category-yasam","tag-62528","tag-112-acil-servis","tag-yalvac"],"acf":[],"_links":{"self":[{"href":"https:\/\/www.nationalturk.com\/tr\/wp-json\/wp\/v2\/posts\/111835","targetHints":{"allow":["GET"]}}],"collection":[{"href":"https:\/\/www.nationalturk.com\/tr\/wp-json\/wp\/v2\/posts"}],"about":[{"href":"https:\/\/www.nationalturk.com\/tr\/wp-json\/wp\/v2\/types\/post"}],"author":[{"embeddable":true,"href":"https:\/\/www.nationalturk.com\/tr\/wp-json\/wp\/v2\/users\/3"}],"replies":[{"embeddable":true,"href":"https:\/\/www.nationalturk.com\/tr\/wp-json\/wp\/v2\/comments?post=111835"}],"version-history":[{"count":0,"href":"https:\/\/www.nationalturk.com\/tr\/wp-json\/wp\/v2\/posts\/111835\/revisions"}],"wp:featuredmedia":[{"embeddable":true,"href":"https:\/\/www.nationalturk.com\/tr\/wp-json\/wp\/v2\/media\/183462"}],"wp:attachment":[{"href":"https:\/\/www.nationalturk.com\/tr\/wp-json\/wp\/v2\/media?parent=111835"}],"wp:term":[{"taxonomy":"category","embeddable":true,"href":"https:\/\/www.nationalturk.com\/tr\/wp-json\/wp\/v2\/categories?post=111835"},{"taxonomy":"post_tag","embeddable":true,"href":"https:\/\/www.nationalturk.com\/tr\/wp-json\/wp\/v2\/tags?post=111835"}],"curies":[{"name":"wp","href":"https:\/\/api.w.org\/{rel}","templated":true}]}}