{"id":111896,"date":"2012-06-19T09:14:43","date_gmt":"2012-06-19T06:14:43","guid":{"rendered":"http:\/\/www.nationalturk.com\/?p=111896"},"modified":"2012-06-19T09:24:12","modified_gmt":"2012-06-19T06:24:12","slug":"hakkari-daglicada-catisma-3-karakola-baskin-7-sehit-111896","status":"publish","type":"post","link":"https:\/\/www.nationalturk.com\/tr\/hakkari-daglicada-catisma-3-karakola-baskin-7-sehit-111896\/","title":{"rendered":"Hakkari Da\u011fl\u0131ca&#8217;da \u00e7at\u0131\u015fma, 3 karakola bask\u0131n: 8 \u015fehit!"},"content":{"rendered":"<h1><img loading=\"lazy\" decoding=\"async\" class=\"alignleft size-medium wp-image-111897\" title=\"\" src=\"http:\/\/www.nationalturk.com\/tr\/wp-content\/uploads\/2012\/06\/son-dakika-dikey16-206x220.jpg\" alt=\"\" width=\"206\" height=\"220\" srcset=\"https:\/\/www.nationalturk.com\/tr\/wp-content\/uploads\/2012\/06\/son-dakika-dikey16-206x220.jpg 206w, https:\/\/www.nationalturk.com\/tr\/wp-content\/uploads\/2012\/06\/son-dakika-dikey16.jpg 300w\" sizes=\"auto, (max-width: 206px) 100vw, 206px\" \/>Hakkari&#8217;de \u00e7at\u0131\u015fma, 3 karakola bask\u0131n: 8 \u015fehit! Hakkari&#8217;nin Da\u011fl\u0131ca b\u00f6lgesinde PKK&#8217;l\u0131 ter\u00f6ristler Ye\u015filta\u015f, Derecik ve Da\u011fl\u0131ca karakollar\u0131na bask\u0131n d\u00fczenledi. \u00c7at\u0131\u015fmalarda 8 askerimiz \u015fehit oldu.<\/h1>\n<p>Hakkari&#8217;nin \u015eemdinli il\u00e7esinin Da\u011fl\u0131ca kesimindeki birliklere bu sabah a\u011f\u0131r silahlarla sald\u0131ran PKK&#8217;l\u0131 ter\u00f6ristlerle \u00e7\u0131kan \u00e7at\u0131\u015fmalarda 8 asker \u015fehit oldu, 15 asker yaraland\u0131. Derecik \u0130\u00e7 G\u00fcvenlik Tabur Komutanl\u0131\u011f\u0131&#8217;na ba\u011fl\u0131 s\u0131n\u0131r\u0131n s\u0131f\u0131r noktas\u0131ndaki \u00fcs b\u00f6lgelerine Irak topraklar\u0131ndan s\u0131zan ter\u00f6ristler saat 05.00 s\u0131ralar\u0131nda \u00fc\u00e7 noktadan a\u011f\u0131r silahlarla sald\u0131rd\u0131. Ter\u00f6ristlere askerler an\u0131nda kar\u015f\u0131l\u0131k verdi. Ter\u00f6ristlerin a\u00e7t\u0131\u011f\u0131 ilk ate\u015fle 8 asker \u015fehit oldu, 15 asker yaraland\u0131.<\/p>\n<p>B\u00f6lgeye havadan ve karadan takviye birlikler sevk edilirken ter\u00f6ristlerle g\u00fcvenlik g\u00fc\u00e7leri aras\u0131nda \u00e7at\u0131\u015fman\u0131n aral\u0131klarla devam etti\u011fi belirtildi. \u015eemdinli ve yak\u0131ndaki birliklerden \u00e7at\u0131\u015fman\u0131n oldu\u011fu s\u0131n\u0131r b\u00f6lgesine ambulans ve asker g\u00f6nderildi.<\/p>\n<h2>Da\u011fl\u0131ca&#8217;da 2 y\u0131l sonra \u00e7at\u0131\u015fma<\/h2>\n<p>Da\u011fl\u0131ca&#8217;dan son \u015fehit haberi iki y\u0131l \u00f6nce gelmi\u015fti. 7 May\u0131s 2010&#8217;da ter\u00f6ristlerle \u00e7\u0131kan \u00e7at\u0131\u015fmada iki asker \u015fehit olmu\u015ftu. 21 Ekim 2007&#8217;de ise ter\u00f6ristlerin sald\u0131r\u0131s\u0131 \u00fczerine \u00e7\u0131kan \u00e7at\u0131\u015fmalarda 12 asker \u015fehit olmu\u015f, 16 asker yaralanm\u0131\u015ft\u0131.\u00a0B\u00f6lgede son d\u00f6nemde sessizlik hakimdi ancak d\u00fcn gece yine \u00e7at\u0131\u015fma sesleri geldi.<\/p>\n<!-- Error, Advert is not available at this time due to schedule\/geolocation restrictions! -->\n","protected":false},"excerpt":{"rendered":"<p>Hakkari&#8217;de \u00e7at\u0131\u015fma, 3 karakola bask\u0131n: 8 \u015fehit! Hakkari&#8217;nin Da\u011fl\u0131ca b\u00f6lgesinde PKK&#8217;l\u0131 ter\u00f6ristler Ye\u015filta\u015f, Derecik ve Da\u011fl\u0131ca karakollar\u0131na bask\u0131n d\u00fczenledi. \u00c7at\u0131\u015fmalarda 8 askerimiz \u015fehit oldu.<\/p>\n","protected":false},"author":4,"featured_media":183455,"comment_status":"open","ping_status":"open","sticky":false,"template":"","format":"standard","meta":{"_acf_changed":false,"footnotes":""},"categories":[6155,5005,349,6805],"tags":[103678,24153,103674,103677,103676,11020,36347,103679,103675,31363,11024,103680],"class_list":["post-111896","post","type-post","status-publish","format-standard","has-post-thumbnail","hentry","category-gundem","category-manset","category-son-dakika","category-turkiye","tag-7-sehit","tag-daglica","tag-daglica-catisma","tag-daglica-da-catisma","tag-daglicada-catisma","tag-hakkari","tag-hakkari-catisma","tag-hakkari-daglica-7-sehit","tag-hakkari-daglicada-catisma","tag-hakkari-semdinli","tag-semdinli","tag-semdinli-7-sehit"],"acf":[],"_links":{"self":[{"href":"https:\/\/www.nationalturk.com\/tr\/wp-json\/wp\/v2\/posts\/111896","targetHints":{"allow":["GET"]}}],"collection":[{"href":"https:\/\/www.nationalturk.com\/tr\/wp-json\/wp\/v2\/posts"}],"about":[{"href":"https:\/\/www.nationalturk.com\/tr\/wp-json\/wp\/v2\/types\/post"}],"author":[{"embeddable":true,"href":"https:\/\/www.nationalturk.com\/tr\/wp-json\/wp\/v2\/users\/4"}],"replies":[{"embeddable":true,"href":"https:\/\/www.nationalturk.com\/tr\/wp-json\/wp\/v2\/comments?post=111896"}],"version-history":[{"count":0,"href":"https:\/\/www.nationalturk.com\/tr\/wp-json\/wp\/v2\/posts\/111896\/revisions"}],"wp:featuredmedia":[{"embeddable":true,"href":"https:\/\/www.nationalturk.com\/tr\/wp-json\/wp\/v2\/media\/183455"}],"wp:attachment":[{"href":"https:\/\/www.nationalturk.com\/tr\/wp-json\/wp\/v2\/media?parent=111896"}],"wp:term":[{"taxonomy":"category","embeddable":true,"href":"https:\/\/www.nationalturk.com\/tr\/wp-json\/wp\/v2\/categories?post=111896"},{"taxonomy":"post_tag","embeddable":true,"href":"https:\/\/www.nationalturk.com\/tr\/wp-json\/wp\/v2\/tags?post=111896"}],"curies":[{"name":"wp","href":"https:\/\/api.w.org\/{rel}","templated":true}]}}