{"id":111920,"date":"2012-06-19T10:31:11","date_gmt":"2012-06-19T07:31:11","guid":{"rendered":"http:\/\/www.nationalturk.com\/?p=111920"},"modified":"2012-06-19T10:31:28","modified_gmt":"2012-06-19T07:31:28","slug":"mecidiyekoyde-metrobus-yoldan-cikti-istanbulda-cile-suruyor-111920","status":"publish","type":"post","link":"https:\/\/www.nationalturk.com\/tr\/mecidiyekoyde-metrobus-yoldan-cikti-istanbulda-cile-suruyor-111920\/","title":{"rendered":"Mecidiyek\u00f6y&#8217;de metrob\u00fcs yoldan \u00e7\u0131kt\u0131! \u0130stanbul&#8217;da \u00e7ile s\u00fcr\u00fcyor"},"content":{"rendered":"<h1><img loading=\"lazy\" decoding=\"async\" class=\"alignleft size-full wp-image-111921\" title=\"Metrob\u00fcs yoldan \u00e7\u0131kt\u0131, ara\u00e7 takla att\u0131\" src=\"http:\/\/www.nationalturk.com\/tr\/wp-content\/uploads\/2012\/06\/metrobus_kaza_mecidiyekoyy.jpg\" alt=\"\" width=\"250\" height=\"150\">Mecidiyek\u00f6y&#8217;de metrob\u00fcs yoldan \u00e7\u0131kt\u0131! \u0130stanbul&#8217;da \u00e7ile s\u00fcr\u00fcyor&#8230; K\u00f6pr\u00fclerdeki bak\u0131m \u00e7al\u0131\u015fmalar\u0131 nedeniyle kilitlenen \u0130stanbul trafi\u011finde kazalar da arka arkaya geliyor.<\/h1>\n<p>Mecidiyek\u00f6y&#8217;de yoldan \u00e7\u0131kan bir metrob\u00fcs Bo\u011fazi\u00e7i K\u00f6pr\u00fcs\u00fc istikametine giden bir araca \u00e7arpt\u0131. \u00c7arp\u0131\u015fman\u0131n ard\u0131ndan ara\u00e7 takla att\u0131. Trafik Kontrol Merkezi yetkilileri, Mecidiyek\u00f6y k\u00f6pr\u00fc y\u00f6n\u00fcnde bir arac\u0131n takla att\u0131\u011f\u0131n\u0131, kaza kald\u0131rma \u00e7al\u0131\u015fmalar\u0131n\u0131n ba\u015flad\u0131\u011f\u0131n\u0131 belirtti. Kaza nedeniyle iki \u015ferit trafi\u011fe kapat\u0131ld\u0131.<\/p>\n<p>\u0130stanbul trafi\u011finde son durum<\/p>\n<p>Anadolu \u2013 Avrupa ge\u00e7i\u015finde Birinci K\u00f6pr\u00fc a\u00e7\u0131k, \u0130kinci K\u00f6pr\u00fc Kavac\u0131k itibariyle yo\u011fun. Avrupa \u2013 Anadolu ge\u00e7i\u015finde ise Birinci K\u00f6pr\u00fc \u00c7a\u011flayan itibariyle, \u0130kinci K\u00f6pr\u00fc ise Maslak itibariyle yo\u011fun. Avrupa Yakas\u0131 E-5\u2019te K\u00fc\u00e7\u00fck\u00e7ekmece \u2013 Avc\u0131lar ve Okmeydan\u0131 \u2013 Hali\u00e7 istikametleri yo\u011fun. TEM Otoyolu ise rahat.\u00a0Anadolu Yakas\u0131 E-5\u2019te K\u00fc\u00e7\u00fckyal\u0131 \u2013 Uzun\u00e7ay\u0131r istikametinde yo\u011funluk g\u00f6ze \u00e7arp\u0131yor. TEM Otoyolu\u2019nda ise trafik ak\u0131c\u0131.<\/p>\n<!-- Error, Advert is not available at this time due to schedule\/geolocation restrictions! -->\n","protected":false},"excerpt":{"rendered":"<p>Mecidiyek\u00f6y&#8217;de metrob\u00fcs yoldan \u00e7\u0131kt\u0131! \u0130stanbul&#8217;da \u00e7ile s\u00fcr\u00fcyor&#8230; K\u00f6pr\u00fclerdeki bak\u0131m \u00e7al\u0131\u015fmalar\u0131 nedeniyle kilitlenen \u0130stanbul trafi\u011finde kazalar da arka arkaya geliyor.<\/p>\n","protected":false},"author":4,"featured_media":111921,"comment_status":"open","ping_status":"open","sticky":false,"template":"","format":"standard","meta":{"_acf_changed":false,"footnotes":""},"categories":[6155,5005,349,6805],"tags":[45171,1011,102988,47839,103707,51209,1711,68661,8677],"class_list":["post-111920","post","type-post","status-publish","format-standard","has-post-thumbnail","hentry","category-gundem","category-manset","category-son-dakika","category-turkiye","tag-bogazici-koprusu","tag-istanbul","tag-istanbul-trafigi","tag-istanbul-trafik","tag-istanbul-trafik-son-durum","tag-mecidiyekoy","tag-metrobus","tag-metrobus-kaza","tag-metrobus-yoldan-cikti"],"acf":[],"_links":{"self":[{"href":"https:\/\/www.nationalturk.com\/tr\/wp-json\/wp\/v2\/posts\/111920","targetHints":{"allow":["GET"]}}],"collection":[{"href":"https:\/\/www.nationalturk.com\/tr\/wp-json\/wp\/v2\/posts"}],"about":[{"href":"https:\/\/www.nationalturk.com\/tr\/wp-json\/wp\/v2\/types\/post"}],"author":[{"embeddable":true,"href":"https:\/\/www.nationalturk.com\/tr\/wp-json\/wp\/v2\/users\/4"}],"replies":[{"embeddable":true,"href":"https:\/\/www.nationalturk.com\/tr\/wp-json\/wp\/v2\/comments?post=111920"}],"version-history":[{"count":0,"href":"https:\/\/www.nationalturk.com\/tr\/wp-json\/wp\/v2\/posts\/111920\/revisions"}],"wp:featuredmedia":[{"embeddable":true,"href":"https:\/\/www.nationalturk.com\/tr\/wp-json\/wp\/v2\/media\/111921"}],"wp:attachment":[{"href":"https:\/\/www.nationalturk.com\/tr\/wp-json\/wp\/v2\/media?parent=111920"}],"wp:term":[{"taxonomy":"category","embeddable":true,"href":"https:\/\/www.nationalturk.com\/tr\/wp-json\/wp\/v2\/categories?post=111920"},{"taxonomy":"post_tag","embeddable":true,"href":"https:\/\/www.nationalturk.com\/tr\/wp-json\/wp\/v2\/tags?post=111920"}],"curies":[{"name":"wp","href":"https:\/\/api.w.org\/{rel}","templated":true}]}}