{"id":111996,"date":"2012-06-20T10:11:04","date_gmt":"2012-06-20T07:11:04","guid":{"rendered":"http:\/\/www.nationalturk.com\/?p=111996"},"modified":"2012-06-20T10:47:53","modified_gmt":"2012-06-20T07:47:53","slug":"moodys-turkiye-notuyla-sasirtti-111996","status":"publish","type":"post","link":"https:\/\/www.nationalturk.com\/tr\/moodys-turkiye-notuyla-sasirtti-111996\/","title":{"rendered":"Moody&#8217;s T\u00fcrkiye notuyla \u015fa\u015f\u0131rtt\u0131"},"content":{"rendered":"<h1><img loading=\"lazy\" decoding=\"async\" class=\"alignleft size-full wp-image-111997\" title=\"Moodys\" src=\"http:\/\/www.nationalturk.com\/tr\/wp-content\/uploads\/2012\/06\/moodys.jpg\" alt=\"\" width=\"229\" height=\"160\">Moody&#8217;s T\u00fcrkiye notuyla \u015fa\u015f\u0131rtt\u0131&#8230;\u00a0Uluslararas\u0131 kredi derecelendirme kurulu\u015fu Moody&#8217;s, T\u00fcrkiye&#8217;nin devlet tahvili notunu &#8221;BA 2&#8221;dan &#8221;BA 1&#8221;e y\u00fckseltti, g\u00f6r\u00fcn\u00fcm\u00fc ise pozitif olarak teyit etti.<\/h1>\n<p>T\u00fcrkiye&#8217;nin kamu finansman\u0131 rasyolar\u0131n\u0131n halihaz\u0131rda olumlu oldu\u011fu kaydedilirken T\u00fcrkiye&#8217;nin notunun art\u0131r\u0131lmas\u0131n\u0131n, kamu finansmandaki ciddi iyile\u015fmeden kaynakland\u0131\u011f\u0131 belirtildi.<\/p>\n<p>Al\u0131nan kararda, T\u00fcrkiye&#8217;nin denge tablosunda \u015foklar\u0131 absorbe etme kapasitesini art\u0131rmas\u0131na neden olacak kamu finansman\u0131 alan\u0131ndaki geli\u015fme, y\u00fcksek oranda cari a\u00e7\u0131ktan kaynaklanabilecek olas\u0131 dengesizliklere kar\u015f\u0131 olu\u015fturulan politikalar\u0131n etkili oldu\u011fu belirtildi. Moody&#8217;s a\u00e7\u0131klamas\u0131nda yukar\u0131 y\u00f6nl\u00fc not revizyonu karar\u0131n\u0131n, T\u00fcrkiye&#8217;nin ileriye y\u00f6nelik mali ve ekonomik direncini art\u0131rmas\u0131 beklentilerinin s\u00fcrmesinin de bir yans\u0131mas\u0131 oldu\u011fu ifade edildi.<\/p>\n<p>A\u00e7\u0131klamada, T\u00fcrkiye&#8217;nin kredi notunun &#8221;yat\u0131r\u0131m yap\u0131labilir&#8221; seviyeye \u00e7\u0131kar\u0131lmas\u0131n\u0131n, \u00f6demeler dengesi \u015foklar\u0131na daha diren\u00e7li olmas\u0131na ba\u011fl\u0131 oldu\u011fu vurguland\u0131.<\/p>\n<p>Moody&#8217;s, &#8221;Not art\u0131r\u0131m\u0131n\u0131n ana nedenlerinden olan T\u00fcrkiye&#8217;nin kamu finansman\u0131 alan\u0131nda diren\u00e7 kazanmas\u0131&#8221; ifadesini kulland\u0131. A\u00e7\u0131klamada, &#8221;Uluslararas\u0131 piyasalarda zorluklar\u0131n olmas\u0131na ve T\u00fcrkiye&#8217;nin b\u00fcy\u00fcmesinin yava\u015flamas\u0131na ra\u011fmen, \u00fclkenin bor\u00e7 y\u00fck\u00fcn\u00fc azaltmak i\u00e7in \u00e7abalar\u0131n\u0131n bunlardan \u00f6nemli \u00f6l\u00e7\u00fcde etkilenmedi\u011fi g\u00f6r\u00fcl\u00fcyor&#8221; tespitine yer verildi.<br \/>\nA\u00e7\u0131klamada, T\u00fcrkiye&#8217;nin kamu finansman\u0131 alan\u0131nda 2008-2009 y\u0131llar\u0131 aras\u0131nda baz\u0131 k\u0131sa vadeli bozulmalar ya\u015fad\u0131\u011f\u0131, fakat iyimserlik i\u00e7in de sebepler oldu\u011fu dile getirildi.<\/p>\n<p>Moody&#8217;s&#8217;in a\u00e7\u0131klamas\u0131nda, T\u00fcrkiye&#8217;nin kamu harcamalar\u0131n\u0131n 2009 y\u0131l\u0131ndan itibaren gayri safi milli has\u0131laya oran\u0131n\u0131n y\u00fczde 40,1&#8217;den y\u00fczde 37,4&#8217;e d\u00fc\u015ft\u00fc\u011f\u00fc, fakat devlet gelirlerinin y\u00fczde 34,2&#8217;den y\u00fczde 36,1 oran\u0131na y\u00fckseldi\u011fi belirtildi.<\/p>\n<h2>Dolar d\u00fc\u015f\u00fc\u015fe ge\u00e7ti<\/h2>\n<p>Kararla birlikte dolar taraf\u0131nda h\u0131zl\u0131 bir d\u00fc\u015f\u00fc\u015f izlendi. D\u00fcn kapan\u0131\u015fta 1.8060 TL olan dolar Moody&#8217;s a\u00e7\u0131klamas\u0131 ile 1.7830 TL seviyelerine kadar geriledi.<\/p>\n<p>Uzmanlar not art\u0131\u015f\u0131 sonras\u0131 TL&#8217;nin dolara kar\u015f\u0131 de\u011ferlenme olas\u0131l\u0131\u011f\u0131n\u0131n artt\u0131\u011f\u0131n\u0131 belirtirken, ilk etapta 1.78 seviyesinin \u00f6nemli oldu\u011funa dikkat \u00e7ekiyor. Bu seviyenin a\u015fa\u011f\u0131ya k\u0131r\u0131lmas\u0131 durumunda 1.70 &#8211; 1.75 band\u0131nda geri \u00e7ekilme olas\u0131l\u0131\u011f\u0131 da ifade ediliyor.<\/p>\n<p>Anadolu Bank Genel M\u00fcd\u00fcr Yard\u0131mc\u0131s\u0131 Recep Atakan, T\u00fcrkiye&#8217;nin not art\u0131r\u0131m\u0131n\u0131 de\u011ferlendirdi. Atakan,&#8221;Uzun s\u00fcredir devam eden trendlerin \u00e7o\u011funun k\u0131r\u0131ld\u0131\u011f\u0131 bir g\u00fcn ya\u015f\u0131yoruz. T\u00fcrkiye&#8217;ye has bir i\u015ftah oldu piyasada. T\u00fcrkiye&#8217;nin fiyatlanmas\u0131nda iyiye giden bir tablonun ba\u015flad\u0131\u011f\u0131n\u0131 g\u00f6r\u00fcyorum. Cari a\u00e7\u0131ktaki iyile\u015fmenin trend haline gelmi\u015f olmas\u0131 etkili oldu, olumlu bir havaya girdi\u011fimizi d\u00fc\u015f\u00fcn\u00fcyorum&#8221; dedi.<\/p>\n<p>Atakan, &#8220;T\u00fcrkiye&#8217;nin yat\u0131r\u0131m yap\u0131labilir seviyeye y\u00fckselmesinin 2012&#8217;de olmas\u0131n\u0131n erken olaca\u011f\u0131n\u0131 d\u00fc\u015f\u00fcn\u00fcyorum. Cari a\u00e7\u0131ktaki bu d\u00fczelmenin bozulabilme ihtimali var. Te\u015fvik paketinin olas\u0131 etkilerinin ihtimalleri \u015fu anda fiyatlan\u0131yor. 2012 b\u00fcy\u00fck ihtimalle iki tane not art\u0131r\u0131m\u0131 i\u00e7in erken bir y\u0131l oluyor&#8221; dedi.<\/p>\n<!-- Error, Advert is not available at this time due to schedule\/geolocation restrictions! -->\n","protected":false},"excerpt":{"rendered":"<p>Moody&#8217;s T\u00fcrkiye notuyla \u015fa\u015f\u0131rtt\u0131&#8230; Kredi derecelendirme kurulu\u015fu Moody&#8217;s, T\u00fcrkiye&#8217;nin devlet tahvili notunu &#8221;BA&#8221;dan &#8221;BA 1&#8221;e y\u00fckseltti, g\u00f6r\u00fcn\u00fcm\u00fc ise pozitif olarak teyit etti.<\/p>\n","protected":false},"author":4,"featured_media":111997,"comment_status":"open","ping_status":"open","sticky":false,"template":"","format":"standard","meta":{"_acf_changed":false,"footnotes":""},"categories":[6199,6155,5005,349,6805],"tags":[22252,103798,103799,195938,31603],"class_list":["post-111996","post","type-post","status-publish","format-standard","has-post-thumbnail","hentry","category-ekonomi","category-gundem","category-manset","category-son-dakika","category-turkiye","tag-moodys","tag-moodys-turkiye","tag-moodys-turkiye-notu","tag-turkiye","tag-turkiye-kredi-notu"],"acf":[],"_links":{"self":[{"href":"https:\/\/www.nationalturk.com\/tr\/wp-json\/wp\/v2\/posts\/111996","targetHints":{"allow":["GET"]}}],"collection":[{"href":"https:\/\/www.nationalturk.com\/tr\/wp-json\/wp\/v2\/posts"}],"about":[{"href":"https:\/\/www.nationalturk.com\/tr\/wp-json\/wp\/v2\/types\/post"}],"author":[{"embeddable":true,"href":"https:\/\/www.nationalturk.com\/tr\/wp-json\/wp\/v2\/users\/4"}],"replies":[{"embeddable":true,"href":"https:\/\/www.nationalturk.com\/tr\/wp-json\/wp\/v2\/comments?post=111996"}],"version-history":[{"count":0,"href":"https:\/\/www.nationalturk.com\/tr\/wp-json\/wp\/v2\/posts\/111996\/revisions"}],"wp:featuredmedia":[{"embeddable":true,"href":"https:\/\/www.nationalturk.com\/tr\/wp-json\/wp\/v2\/media\/111997"}],"wp:attachment":[{"href":"https:\/\/www.nationalturk.com\/tr\/wp-json\/wp\/v2\/media?parent=111996"}],"wp:term":[{"taxonomy":"category","embeddable":true,"href":"https:\/\/www.nationalturk.com\/tr\/wp-json\/wp\/v2\/categories?post=111996"},{"taxonomy":"post_tag","embeddable":true,"href":"https:\/\/www.nationalturk.com\/tr\/wp-json\/wp\/v2\/tags?post=111996"}],"curies":[{"name":"wp","href":"https:\/\/api.w.org\/{rel}","templated":true}]}}