{"id":112262,"date":"2012-06-22T17:11:35","date_gmt":"2012-06-22T14:11:35","guid":{"rendered":"http:\/\/www.nationalturk.com\/?p=112262"},"modified":"2012-06-22T17:11:35","modified_gmt":"2012-06-22T14:11:35","slug":"turk-savas-ucagi-suriyede-dustu-112262","status":"publish","type":"post","link":"https:\/\/www.nationalturk.com\/tr\/turk-savas-ucagi-suriyede-dustu-112262\/","title":{"rendered":"T\u00fcrk Sava\u015f U\u00e7a\u011f\u0131 Suriye&#8217;de D\u00fc\u015ft\u00fc"},"content":{"rendered":"<h1><a href=\"http:\/\/www.nationalturk.com\/tr\/wp-content\/uploads\/2012\/06\/f4-jet1.jpg\"><img loading=\"lazy\" decoding=\"async\" class=\"alignleft size-large wp-image-112314\" src=\"http:\/\/www.nationalturk.com\/tr\/wp-content\/uploads\/2012\/06\/f4-jet1-e1340374162501-610x335.jpg\" alt=\"\" width=\"610\" height=\"320\" title=\"\"><\/a><\/h1>\n<h1>T\u00fcrk Hava Kuvvetleri\u2019ne ait bir sava\u015f u\u00e7a\u011f\u0131, Malatya\u2019dan havaland\u0131ktan sonra Akdeniz \u00fczerinde kayboldu. Pilotlarla irtibat kurulamazken, b\u00f6lgede arama kurtarma \u00e7al\u0131\u015fmalar\u0131 ba\u015flat\u0131ld\u0131.<\/h1>\n<p>Genelkurmay Ba\u015fkanl\u0131\u011f\u0131 internet sitesinden olay\u0131 duyurdu. Yap\u0131lan a\u00e7\u0131klamada, &#8220;Malatya Erha\u00e7 Meydan\u0131\u2019ndan kalk\u0131\u015f yapan bir u\u00e7a\u011f\u0131m\u0131z ile bug\u00fcn saat 11.58\u2019de Hatay ili g\u00fcneybat\u0131s\u0131nda deniz \u00fczerinde radar ve telsiz temas\u0131 kesilmi\u015ftir&#8221; denildi.<\/p>\n<p>Radardan kaybolan ve telsiz ba\u011flant\u0131s\u0131 kurulamayan sava\u015f u\u00e7a\u011f\u0131n\u0131 aramak i\u00e7in Malatya Erha\u00e7\u2019taki 7\u2019nci Ana Jet \u00dcs Komutanl\u0131\u011f\u0131 ile Ankara Etimesgut Askeri Havaalan\u0131\u2019ndan kalkan askeri u\u00e7aklar b\u00f6lgeye sevk edildi. U\u00e7aklar\u0131n arama kurtarma \u00e7al\u0131\u015fmalar\u0131 s\u00fcrerken, Adana \u0130ncirlik\u2019ten de bir askeri helikopterler destek i\u00e7in b\u00f6lgeye gitti.<\/p>\n<p>Malatya\u2019daki 7\u2019nci Ana Jet \u00dcs Komutanl\u0131\u011f\u0131\u2019nda, F-4E 2020 \u2019Terminat\u00f6r\u2019 u\u00e7aklar\u0131n\u0131n g\u00f6rev yapt\u0131\u011f\u0131 171\u2019inci Filo ile RF- 4E ke\u015fif u\u00e7aklar\u0131n\u0131n g\u00f6rev yapt\u0131\u011f\u0131 173\u2019\u00fcnc\u00fc Filo konu\u015flu bulunuyor. \u2019Phantom\u2019 olarak adland\u0131r\u0131lan bu u\u00e7aklarda 1 pilot ve 1 silah sistem subay\u0131 olmak \u00fczere 2 personel g\u00f6rev yap\u0131yor.<\/p>\n<h2>Suriye Karsular\u0131n\u0131n 8 mil a\u00e7\u0131\u011f\u0131na d\u00fc\u015ft\u00fc iddias\u0131<\/h2>\n<p>\u0130rtibat kesilen sava\u015f u\u00e7a\u011f\u0131n\u0131n, Suriye karasular\u0131n\u0131n 8 mil a\u00e7\u0131\u011f\u0131nda uluslararas\u0131 sulara d\u00fc\u015ft\u00fc\u011f\u00fc bilgisi geldi. Hatay\u2019\u0131n Samanda\u011f \u0130l\u00e7esi\u2019nin g\u00fcney bat\u0131s\u0131nda Akdeniz\u2019e d\u00fc\u015ft\u00fc\u011f\u00fc belirtilen u\u00e7a\u011f\u0131 arama \u00e7al\u0131\u015fmalar\u0131 ba\u015flat\u0131ld\u0131.<\/p>\n<p>Pilotlar\u0131n ak\u0131betiyle ilgili hen\u00fcz bilgi al\u0131namazken, b\u00f6lgeye sevk edilen u\u00e7ak ve helikopterlerle arama ve kurtarma \u00e7al\u0131\u015fmas\u0131 ba\u015flat\u0131ld\u0131. Mersin ve \u0130skenderun\u2019dan da 2 firkateyn ve 1 Sahil G\u00fcvenlik botu b\u00f6lgeye hareket etti.<\/p>\n<h3>Malatya Valisi Saran &#8221; Ak\u0131beti Hakk\u0131nda bilgimiz yok &#8220;<\/h3>\n<p>Malatya Valisi Ulvi Saran, Malatya Erha\u00e7 \u00dcss\u00fc\u2019nden 10.30\u2019da kalkan, Hatay\u2019\u0131n g\u00fcneybat\u0131s\u0131nda deniz \u00fczerinde radar ve telsiz irtibat\u0131 kesilen F-4 jet u\u00e7a\u011f\u0131n\u0131n saat 12.00 s\u0131ralar\u0131nda radarda kayboldu\u011funu belirterek, &#8220;\u0130zlenemez duruma geldi. U\u00e7akta 2 pilot bulunuyordu. U\u00e7a\u011f\u0131n ak\u0131beti hakk\u0131nda \u015fu anda bize gelen bir bilgi yok. Geli\u015fmeleri takip ediyoruz&#8221; dedi.<\/p>\n","protected":false},"excerpt":{"rendered":"<p>T\u00fcrk Hava Kuvvetleri\u2019ne ait bir sava\u015f u\u00e7a\u011f\u0131, Malatya\u2019dan havaland\u0131ktan sonra Akdeniz \u00fczerinde kayboldu. Pilotlarla irtibat kurulamazken, b\u00f6lgede arama kurtarma \u00e7al\u0131\u015fmalar\u0131 ba\u015flat\u0131ld\u0131.<\/p>\n","protected":false},"author":761,"featured_media":183380,"comment_status":"open","ping_status":"open","sticky":false,"template":"","format":"standard","meta":{"_acf_changed":false,"footnotes":""},"categories":[6155,5005,1,349,6805],"tags":[104135,104139,61952,57237,195938,57372,57373],"class_list":["post-112262","post","type-post","status-publish","format-standard","has-post-thumbnail","hentry","category-gundem","category-manset","category-nationalturk","category-son-dakika","category-turkiye","tag-malatya-erhac-havalimani","tag-malatya-valisi","tag-suriye-turkiye","tag-turk-hava-kuvvetleri","tag-turkiye","tag-turkiye-suriye","tag-turkiye-suriye-iliskileri"],"acf":[],"_links":{"self":[{"href":"https:\/\/www.nationalturk.com\/tr\/wp-json\/wp\/v2\/posts\/112262","targetHints":{"allow":["GET"]}}],"collection":[{"href":"https:\/\/www.nationalturk.com\/tr\/wp-json\/wp\/v2\/posts"}],"about":[{"href":"https:\/\/www.nationalturk.com\/tr\/wp-json\/wp\/v2\/types\/post"}],"author":[{"embeddable":true,"href":"https:\/\/www.nationalturk.com\/tr\/wp-json\/wp\/v2\/users\/761"}],"replies":[{"embeddable":true,"href":"https:\/\/www.nationalturk.com\/tr\/wp-json\/wp\/v2\/comments?post=112262"}],"version-history":[{"count":0,"href":"https:\/\/www.nationalturk.com\/tr\/wp-json\/wp\/v2\/posts\/112262\/revisions"}],"wp:featuredmedia":[{"embeddable":true,"href":"https:\/\/www.nationalturk.com\/tr\/wp-json\/wp\/v2\/media\/183380"}],"wp:attachment":[{"href":"https:\/\/www.nationalturk.com\/tr\/wp-json\/wp\/v2\/media?parent=112262"}],"wp:term":[{"taxonomy":"category","embeddable":true,"href":"https:\/\/www.nationalturk.com\/tr\/wp-json\/wp\/v2\/categories?post=112262"},{"taxonomy":"post_tag","embeddable":true,"href":"https:\/\/www.nationalturk.com\/tr\/wp-json\/wp\/v2\/tags?post=112262"}],"curies":[{"name":"wp","href":"https:\/\/api.w.org\/{rel}","templated":true}]}}