{"id":112610,"date":"2012-06-26T18:04:14","date_gmt":"2012-06-26T15:04:14","guid":{"rendered":"http:\/\/www.nationalturk.com\/?p=112610"},"modified":"2012-06-26T18:04:14","modified_gmt":"2012-06-26T15:04:14","slug":"akdenizde-3-deprem-daha-112610","status":"publish","type":"post","link":"https:\/\/www.nationalturk.com\/tr\/akdenizde-3-deprem-daha-112610\/","title":{"rendered":"Akdeniz&#8217;de 3 deprem daha"},"content":{"rendered":"<h1><img loading=\"lazy\" decoding=\"async\" class=\"alignleft size-medium wp-image-112611\" title=\"\" src=\"http:\/\/www.nationalturk.com\/tr\/wp-content\/uploads\/2012\/06\/deprem_richter4-220x220.jpg\" alt=\"\" width=\"220\" height=\"220\" srcset=\"https:\/\/www.nationalturk.com\/tr\/wp-content\/uploads\/2012\/06\/deprem_richter4-220x220.jpg 220w, https:\/\/www.nationalturk.com\/tr\/wp-content\/uploads\/2012\/06\/deprem_richter4-50x50.jpg 50w, https:\/\/www.nationalturk.com\/tr\/wp-content\/uploads\/2012\/06\/deprem_richter4.jpg 230w\" sizes=\"auto, (max-width: 220px) 100vw, 220px\" \/>Akdeniz&#8217;de 3 deprem daha&#8230;\u00a0Akdeniz a\u00e7\u0131klar\u0131nda 4,2, 4,2 ve 3,6 b\u00fcy\u00fckl\u00fcklerinde \u00fc\u00e7 deprem meydana geldi.<\/h1>\n<p>Bo\u011fazi\u00e7i \u00dcniversitesi Kandilli Rasathanesi Deprem Ara\u015ft\u0131rma Enstit\u00fcs\u00fc&#8217;nden al\u0131nan bilgiye g\u00f6re, saat 17.11&#8217;de Akdeniz a\u00e7\u0131klar\u0131nda denizin yakla\u015f\u0131k 5 kilometre derinli\u011finde 4,2 b\u00fcy\u00fckl\u00fc\u011f\u00fcnde deprem meydana geldi. Bu depremin ard\u0131ndan saat 17.16&#8217;da 3,6, saat 17.34&#8217;te de 4,2 b\u00fcy\u00fckl\u00fcklerinde iki deprem daha oldu.\u00a0Depremler, Mu\u011fla ve il\u00e7elerinde de hissedildi.<\/p>\n<!-- Error, Advert is not available at this time due to schedule\/geolocation restrictions! -->\n","protected":false},"excerpt":{"rendered":"<p>Akdeniz&#8217;de 3 deprem daha&#8230; Akdeniz a\u00e7\u0131klar\u0131nda 4,2, 4,2 ve 3,6 b\u00fcy\u00fckl\u00fcklerinde \u00fc\u00e7 deprem meydana geldi.<\/p>\n","protected":false},"author":4,"featured_media":183327,"comment_status":"open","ping_status":"open","sticky":false,"template":"","format":"standard","meta":{"_acf_changed":false,"footnotes":""},"categories":[6155,349,6805],"tags":[1473,12208,702,1450],"class_list":["post-112610","post","type-post","status-publish","format-standard","has-post-thumbnail","hentry","category-gundem","category-son-dakika","category-turkiye","tag-akdeniz","tag-akdeniz-deprem","tag-mugla","tag-mugla-deprem"],"acf":[],"_links":{"self":[{"href":"https:\/\/www.nationalturk.com\/tr\/wp-json\/wp\/v2\/posts\/112610","targetHints":{"allow":["GET"]}}],"collection":[{"href":"https:\/\/www.nationalturk.com\/tr\/wp-json\/wp\/v2\/posts"}],"about":[{"href":"https:\/\/www.nationalturk.com\/tr\/wp-json\/wp\/v2\/types\/post"}],"author":[{"embeddable":true,"href":"https:\/\/www.nationalturk.com\/tr\/wp-json\/wp\/v2\/users\/4"}],"replies":[{"embeddable":true,"href":"https:\/\/www.nationalturk.com\/tr\/wp-json\/wp\/v2\/comments?post=112610"}],"version-history":[{"count":0,"href":"https:\/\/www.nationalturk.com\/tr\/wp-json\/wp\/v2\/posts\/112610\/revisions"}],"wp:featuredmedia":[{"embeddable":true,"href":"https:\/\/www.nationalturk.com\/tr\/wp-json\/wp\/v2\/media\/183327"}],"wp:attachment":[{"href":"https:\/\/www.nationalturk.com\/tr\/wp-json\/wp\/v2\/media?parent=112610"}],"wp:term":[{"taxonomy":"category","embeddable":true,"href":"https:\/\/www.nationalturk.com\/tr\/wp-json\/wp\/v2\/categories?post=112610"},{"taxonomy":"post_tag","embeddable":true,"href":"https:\/\/www.nationalturk.com\/tr\/wp-json\/wp\/v2\/tags?post=112610"}],"curies":[{"name":"wp","href":"https:\/\/api.w.org\/{rel}","templated":true}]}}