{"id":112613,"date":"2012-06-27T10:14:58","date_gmt":"2012-06-27T07:14:58","guid":{"rendered":"http:\/\/www.nationalturk.com\/?p=112613"},"modified":"2012-06-27T10:14:58","modified_gmt":"2012-06-27T07:14:58","slug":"londra-big-ben-saat-kulesinin-ismi-112613","status":"publish","type":"post","link":"https:\/\/www.nationalturk.com\/tr\/londra-big-ben-saat-kulesinin-ismi-112613\/","title":{"rendered":"Londra&#8217;daki Big Ben saat kulesinin ismi de\u011fi\u015fti"},"content":{"rendered":"<h1><a href=\"http:\/\/www.nationalturk.com\/tr\/wp-content\/uploads\/2012\/06\/londra-saat-kulesi-ismi.jpeg\"><img loading=\"lazy\" decoding=\"async\" class=\"alignleft size-medium wp-image-112614\" title=\"Londra&#039;daki Big Ben saat kulesinin ismi de\u011fi\u015fti\" src=\"http:\/\/www.nationalturk.com\/tr\/wp-content\/uploads\/2012\/06\/londra-saat-kulesi-ismi-280x185.jpg\" alt=\"\" width=\"280\" height=\"185\" srcset=\"https:\/\/www.nationalturk.com\/tr\/wp-content\/uploads\/2012\/06\/londra-saat-kulesi-ismi-280x185.jpg 280w, https:\/\/www.nationalturk.com\/tr\/wp-content\/uploads\/2012\/06\/londra-saat-kulesi-ismi.jpeg 400w\" sizes=\"auto, (max-width: 280px) 100vw, 280px\" \/><\/a>Londra&#8217;daki &#8221;Big Ben&#8221; saat kulesinin ismi de\u011fi\u015fti.Big Ben saat kulesinin ismi &#8221;Westminster Saray\u0131 Elizabeth Kulesi&#8221;oldu.<\/h1>\n<p>\u0130ngiltere&#8217;nin ba\u015fkenti Londra&#8217;n\u0131n simgelerinden, &#8221;Big Ben&#8221; olarak da bilinen tarihi saat kulesinin ad\u0131n\u0131n &#8221;Westminster Saray\u0131 Elizabeth Kulesi&#8221; olmas\u0131na karar verildi.<\/p>\n<p>\u0130ngiliz parlamenterler, \u0130ngiltere Krali\u00e7esi 2. Elizabeth&#8217;in tahttaki 60. y\u0131l\u0131 onuruna kulenin ad\u0131n\u0131n &#8221;Elizabeth Kulesi&#8221; olmas\u0131na onay verdi.<\/p>\n<p>Thames Nehri kenar\u0131nda bulunan tarihi \u0130ngiliz Parlamentosu&#8217;nun par\u00e7as\u0131 olan kuleye Krali\u00e7e&#8217;nin ad\u0131n\u0131n verilmesini, Muhafazakar Partili milletvekili Tobias Ellwood \u00f6nermi\u015fti.<\/p>\n<p>\u00d6neri, aralar\u0131nda \u0130ngiltere Ba\u015fbakan\u0131 David Cameron, Ba\u015fbakan Yard\u0131mc\u0131s\u0131 Nick Clegg ve muhalefetteki \u0130\u015f\u00e7i Partisi&#8217;nin lideri Ed Miliband&#8217;in de bulundu\u011fu milletvekillerinin yar\u0131s\u0131ndan fazlas\u0131n\u0131n onay\u0131n\u0131 ald\u0131.<\/p>\n<p>&#8221;Westminster Saray\u0131&#8221; olarak da bilinen parlamentonun bir b\u00f6l\u00fcm\u00fcn\u00fcn yeniden adland\u0131r\u0131lmas\u0131 \u0130ngiltere&#8217;de ilk kez yap\u0131lm\u0131yor. Saray 1860 y\u0131l\u0131nda yeniden in\u015fa edildi\u011finde, bat\u0131s\u0131ndaki kuleye \u00fclkenin 63 y\u0131lla tahtta kalan en uzun s\u00fcreli monark\u0131 olan Krali\u00e7e Victoria&#8217;n\u0131n ad\u0131 verilmi\u015fti.<\/p>\n<p>Saat kulesi d\u00fcnya genelinde &#8221;Big Ben&#8221; ad\u0131yla bilinse de asl\u0131nda bu isim kuledeki 13,5 tonluk \u00e7an\u0131n takma ad\u0131.<br \/>\n86 ya\u015f\u0131ndaki Krali\u00e7e 2. Elizabeth&#8217;in tahttaki 60. y\u0131l\u0131, bu ay ba\u015f\u0131nda \u00fclke genelinde yap\u0131lan \u00e7e\u015fitli etkinliklerle kutlanm\u0131\u015ft\u0131.<\/p>\n<!-- Error, Advert is not available at this time due to schedule\/geolocation restrictions! -->\n<!-- Error, Advert is not available at this time due to schedule\/geolocation restrictions! -->\n","protected":false},"excerpt":{"rendered":"<p>Londra&#8217;daki &#8221;Big Ben&#8221; saat kulesinin ismi de\u011fi\u015fti.Big Ben saat kulesinin ismi &#8221;Westminster Saray\u0131 Elizabeth Kulesi&#8221;oldu.<\/p>\n","protected":false},"author":3,"featured_media":183326,"comment_status":"open","ping_status":"open","sticky":false,"template":"","format":"standard","meta":{"_acf_changed":false,"footnotes":""},"categories":[6770,6665,6155,5005],"tags":[90357,104440,5691,102202],"class_list":["post-112613","post","type-post","status-publish","format-standard","has-post-thumbnail","hentry","category-avrupa","category-dunya","category-gundem","category-manset","tag-big-ben","tag-big-ben-saat-kulesi","tag-londra","tag-westminster-sarayi-elizabeth-kulesi"],"acf":[],"_links":{"self":[{"href":"https:\/\/www.nationalturk.com\/tr\/wp-json\/wp\/v2\/posts\/112613","targetHints":{"allow":["GET"]}}],"collection":[{"href":"https:\/\/www.nationalturk.com\/tr\/wp-json\/wp\/v2\/posts"}],"about":[{"href":"https:\/\/www.nationalturk.com\/tr\/wp-json\/wp\/v2\/types\/post"}],"author":[{"embeddable":true,"href":"https:\/\/www.nationalturk.com\/tr\/wp-json\/wp\/v2\/users\/3"}],"replies":[{"embeddable":true,"href":"https:\/\/www.nationalturk.com\/tr\/wp-json\/wp\/v2\/comments?post=112613"}],"version-history":[{"count":0,"href":"https:\/\/www.nationalturk.com\/tr\/wp-json\/wp\/v2\/posts\/112613\/revisions"}],"wp:featuredmedia":[{"embeddable":true,"href":"https:\/\/www.nationalturk.com\/tr\/wp-json\/wp\/v2\/media\/183326"}],"wp:attachment":[{"href":"https:\/\/www.nationalturk.com\/tr\/wp-json\/wp\/v2\/media?parent=112613"}],"wp:term":[{"taxonomy":"category","embeddable":true,"href":"https:\/\/www.nationalturk.com\/tr\/wp-json\/wp\/v2\/categories?post=112613"},{"taxonomy":"post_tag","embeddable":true,"href":"https:\/\/www.nationalturk.com\/tr\/wp-json\/wp\/v2\/tags?post=112613"}],"curies":[{"name":"wp","href":"https:\/\/api.w.org\/{rel}","templated":true}]}}