{"id":112850,"date":"2012-06-29T12:25:30","date_gmt":"2012-06-29T09:25:30","guid":{"rendered":"http:\/\/www.nationalturk.com\/?p=112850"},"modified":"2022-09-11T01:49:18","modified_gmt":"2022-09-10T22:49:18","slug":"chpli-faik-oztrak-maliye-bakani-piyasalari-manipule-ediyor-112850","status":"publish","type":"post","link":"https:\/\/www.nationalturk.com\/tr\/chpli-faik-oztrak-maliye-bakani-piyasalari-manipule-ediyor-112850\/","title":{"rendered":"CHP&#8217;li Faik \u00d6ztrak: Maliye bakan\u0131 piyasalar\u0131 manip\u00fcle ediyor"},"content":{"rendered":"<h1><img loading=\"lazy\" decoding=\"async\" class=\"alignleft size-medium wp-image-112852\" title=\"Faik \u00d6ztrak\" src=\"http:\/\/www.nationalturk.com\/tr\/wp-content\/uploads\/2012\/06\/faik_oztrak1-280x210.jpg\" alt=\"\" width=\"280\" height=\"210\" srcset=\"https:\/\/www.nationalturk.com\/tr\/wp-content\/uploads\/2012\/06\/faik_oztrak1-280x210.jpg 280w, https:\/\/www.nationalturk.com\/tr\/wp-content\/uploads\/2012\/06\/faik_oztrak1.jpg 444w\" sizes=\"auto, (max-width: 280px) 100vw, 280px\" \/>CHP&#8217;li Faik \u00d6ztrak: Maliye bakan\u0131 piyasalar\u0131 manip\u00fcle ediyor&#8230; CHP Genel Ba\u015fkan Yard\u0131mc\u0131s\u0131 Faik \u00d6ztrak,\u00a0Maliye Bakan\u0131 Mehmet \u015eim\u015fek&#8217;i sert bir dille ele\u015ftirdi.<\/h1>\n<p>TBMM&#8217;de bas\u0131n toplant\u0131s\u0131 d\u00fczenleyen Faik \u00d6ztrak, Suriye s\u0131n\u0131r\u0131nda artan gerginli\u011fin ekonomi \u00fczerinde, ba\u015fta d\u0131\u015f ticaret, turizm, g\u00fcven, beklenti ve sermaye kanallar\u0131 olmak \u00fczere farkl\u0131 kanallardan etkisinin olaca\u011f\u0131n\u0131 ifade etti. Krizin, Suriye ile olan d\u0131\u015f ticarette etkisini g\u00f6stermeye ba\u015flad\u0131\u011f\u0131n\u0131 anlatan \u00d6ztrak, s\u0131n\u0131r ticaretinin bitme noktas\u0131nda oldu\u011funu anlatt\u0131.<\/p>\n<p>H\u00fck\u00fcmet&#8217;i, ekonomideki k\u0131r\u0131lganl\u0131klar\u0131 azaltacak tedbirleri alma konusunda uyard\u0131klar\u0131n\u0131, ancak H\u00fck\u00fcmet&#8217;in Bakanlar\u0131n\u0131n piyasalar\u0131 manip\u00fcle etmeye \u00e7al\u0131\u015ft\u0131\u011f\u0131n\u0131 savunan \u00d6ztrak, \u015funlar\u0131 s\u00f6yledi:<\/p>\n<p>&#8221;Maliye Bakan\u0131, bir kredi derecelendirme kurulu\u015fundan not art\u0131r\u0131m\u0131 gelmesinin s\u00fcrpriz olmayaca\u011f\u0131n\u0131 ifade ederek piyasalar\u0131 a\u00e7\u0131k\u00e7a y\u00f6nlendirdi. Bu a\u00e7\u0131klamadan hemen sonra d\u00fcn \u0130MKB 61 bin 100 puan\u0131 test etti. Ancak, s\u00f6z konusu derecelendirme kurulu\u015fu, ayn\u0131 g\u00fcn yapt\u0131\u011f\u0131 a\u00e7\u0131klamada, Maliye Bakan\u0131&#8217;n\u0131 yalanlad\u0131 ve ekonomiye ili\u015fkin uyar\u0131da bulundu. Bu y\u0131l bekledi\u011fi 61 milyar dolarl\u0131k cari a\u00e7\u0131\u011fa ve d\u00fc\u015f\u00fck finansman kalitesine i\u015faret etti. Bu haberlerden sonra kur, bir miktar y\u00fckseldi, borsada ise kar realizasyonlar\u0131 dikkati \u00e7ekti.<\/p>\n<p>\u015eimdi ben buradan soruyorum: T\u00fcrkiye Cumhuriyeti Maliye Bakan\u0131&#8217;n\u0131n yapt\u0131\u011f\u0131 manip\u00fclasyon de\u011fil de nedir- Bakan, s\u0131radan bir vatanda\u015f de\u011fildir. Bakan&#8217;\u0131n, bu a\u00e7\u0131klamas\u0131ndan kim ya da kimler kazan\u00e7l\u0131 \u00e7\u0131km\u0131\u015ft\u0131r- Bu konuda SPK ne yapmay\u0131 d\u00fc\u015f\u00fcnmektedir&#8221;<\/p>\n<p>\u0130ran&#8217;a yap\u0131lan alt\u0131n ihracat\u0131ndaki art\u0131\u015f\u0131n devam etti\u011fini belirten \u00d6ztrak, son iki ayda bu \u00fclkeye 2,6 milyar dolarl\u0131k alt\u0131n ihra\u00e7 edildi\u011fini s\u00f6yledi. Her ay bir t\u0131r dolusu alt\u0131n\u0131n \u0130ran&#8217;a gitti\u011finin anla\u015f\u0131ld\u0131\u011f\u0131n\u0131 ifade eden \u00d6ztrak, &#8221;Bu normal bir ticaret de\u011fildir. H\u00fck\u00fcmet bunun arkas\u0131nda ne oldu\u011funu bir an \u00f6nce a\u00e7\u0131klamal\u0131d\u0131r&#8221; diye konu\u015ftu.<\/p>\n<span style=\"font-weight: bold; color: #f00;\">Error, group does not exist! Check your syntax! (ID: 52)<\/span>\n","protected":false},"excerpt":{"rendered":"<p>CHP&#8217;li Faik \u00d6ztrak: Maliye bakan\u0131 piyasalar\u0131 manip\u00fcle ediyor&#8230; CHP Genel Ba\u015fkan Yard\u0131mc\u0131s\u0131 Faik \u00d6ztrak, Maliye Bakan\u0131 Mehmet \u015eim\u015fek&#8217;i sert bir dille ele\u015ftirdi.<\/p>\n","protected":false},"author":4,"featured_media":183282,"comment_status":"open","ping_status":"open","sticky":false,"template":"","format":"standard","meta":{"_acf_changed":false,"footnotes":""},"categories":[6199,6155,5005,6772,6202,6805],"tags":[8723,26626,104738,104739,3667,806],"class_list":["post-112850","post","type-post","status-publish","format-standard","has-post-thumbnail","hentry","category-ekonomi","category-gundem","category-manset","category-ortadogu","category-politika","category-turkiye","tag-chp","tag-faik-oztrak","tag-faik-oztrak-aciklama","tag-faik-oztrak-basin-toplantisi","tag-mehmet-simsek","tag-suriye"],"acf":[],"_links":{"self":[{"href":"https:\/\/www.nationalturk.com\/tr\/wp-json\/wp\/v2\/posts\/112850","targetHints":{"allow":["GET"]}}],"collection":[{"href":"https:\/\/www.nationalturk.com\/tr\/wp-json\/wp\/v2\/posts"}],"about":[{"href":"https:\/\/www.nationalturk.com\/tr\/wp-json\/wp\/v2\/types\/post"}],"author":[{"embeddable":true,"href":"https:\/\/www.nationalturk.com\/tr\/wp-json\/wp\/v2\/users\/4"}],"replies":[{"embeddable":true,"href":"https:\/\/www.nationalturk.com\/tr\/wp-json\/wp\/v2\/comments?post=112850"}],"version-history":[{"count":0,"href":"https:\/\/www.nationalturk.com\/tr\/wp-json\/wp\/v2\/posts\/112850\/revisions"}],"wp:featuredmedia":[{"embeddable":true,"href":"https:\/\/www.nationalturk.com\/tr\/wp-json\/wp\/v2\/media\/183282"}],"wp:attachment":[{"href":"https:\/\/www.nationalturk.com\/tr\/wp-json\/wp\/v2\/media?parent=112850"}],"wp:term":[{"taxonomy":"category","embeddable":true,"href":"https:\/\/www.nationalturk.com\/tr\/wp-json\/wp\/v2\/categories?post=112850"},{"taxonomy":"post_tag","embeddable":true,"href":"https:\/\/www.nationalturk.com\/tr\/wp-json\/wp\/v2\/tags?post=112850"}],"curies":[{"name":"wp","href":"https:\/\/api.w.org\/{rel}","templated":true}]}}