{"id":113422,"date":"2012-07-06T10:21:17","date_gmt":"2012-07-06T07:21:17","guid":{"rendered":"http:\/\/www.nationalturk.com\/?p=113422"},"modified":"2012-07-06T10:21:31","modified_gmt":"2012-07-06T07:21:31","slug":"edremit-trafik-kazasi-volkan-demirbag-113422","status":"publish","type":"post","link":"https:\/\/www.nationalturk.com\/tr\/edremit-trafik-kazasi-volkan-demirbag-113422\/","title":{"rendered":"Edremit&#8217;te trafik kazas\u0131: 1 \u00f6l\u00fc 1 yaral\u0131"},"content":{"rendered":"<h1><img loading=\"lazy\" decoding=\"async\" class=\"alignleft size-medium wp-image-113423\" title=\"Edremit trafik kazas\u0131\" src=\"http:\/\/www.nationalturk.com\/tr\/wp-content\/uploads\/2012\/07\/edremit_kaza-280x210.jpg\" alt=\"\" width=\"280\" height=\"210\" srcset=\"https:\/\/www.nationalturk.com\/tr\/wp-content\/uploads\/2012\/07\/edremit_kaza-280x210.jpg 280w, https:\/\/www.nationalturk.com\/tr\/wp-content\/uploads\/2012\/07\/edremit_kaza.jpg 500w\" sizes=\"auto, (max-width: 280px) 100vw, 280px\" \/>Edremit&#8217;te trafik kazas\u0131: 1 \u00f6l\u00fc 1 yaral\u0131&#8230;Bal\u0131kesir&#8217;in Edremit il\u00e7esine ba\u011fl\u0131 Zeytin beldesindeki kav\u015fakta meydana gelen zincirleme trafik kazas\u0131nda Volkan Demirba\u011f adl\u0131 ki\u015fi hayat\u0131n\u0131 kaybetti, bir ki\u015fi de yaraland\u0131.<\/h1>\n<p>Al\u0131nan bilgilere g\u00f6re Ak\u00e7ay istikametinden gelen\u00a0Serdar K. idaresindeki \u00a0kamyonet yanmayan trafik \u0131\u015f\u0131klar\u0131ndan dolay\u0131 yoluna devam etti. Ancak H. Volkan Demirba\u011f y\u00f6netimindeki \u00a0otomobil iddiaya g\u00f6re ters y\u00f6nden gelirken h\u0131zla \u00e7apt\u0131. Kamyonet orta ref\u00fcje \u00e7\u0131karak durabilirken Demirba\u011f\u2019\u0131n kulland\u0131\u011f\u0131 ara\u00e7 yolun ortas\u0131nda d\u00f6nerek kav\u015fakta bekleyen iki araca h\u0131zla \u00e7arpt\u0131. Kazada ara\u00e7 i\u00e7ersinde s\u0131k\u0131\u015fan H. Volkan Demirba\u011f ile yan\u0131nda bulunan Emel Arma\u011fan olay yerine gelen Edremit Belediyesi AKS ekiplerince s\u0131k\u0131\u015ft\u0131rd\u0131klar\u0131 yerden \u00e7\u0131kar\u0131ld\u0131. Durumu a\u011f\u0131r olan Demirba\u011f ile yaral\u0131 Emel Arma\u011fan ambulansla Edremit Devlet Hastanesine g\u00f6t\u00fcrd\u00fc. Hastanede t\u00fcm m\u00fcdahalelere ra\u011fmen Demirba\u011f kurtar\u0131lamayarak hayat\u0131n\u0131 kaybetti. Arma\u011fan\u2019\u0131n tedavisi ise devam ediyor.<\/p>\n<p>Kazaya kar\u0131\u015fan ara\u00e7lar \u00e7ekici yard\u0131m\u0131yla olay yerinden kald\u0131r\u0131ld\u0131. Kazaya kar\u0131\u015fan s\u00fcr\u00fcc\u00fcler kazan\u0131n \u015fokunu atlatamazken ifadeleri al\u0131nmak \u00fczere jandarma karakoluna g\u00f6t\u00fcr\u00fcld\u00fc. Kaza ile ilgili soru\u015fturma devam ediyor.\u00a0Kazada hayat\u0131n\u0131 kaybeden H.Volkan Demirba\u011f\u2019\u0131n hayvan dostu oldu\u011fu ve sokak hayvanlar\u0131na bakt\u0131\u011f\u0131 \u00f6\u011frenildi.<\/p>\n<span style=\"font-weight: bold; color: #f00;\">Error, group does not exist! Check your syntax! (ID: 52)<\/span>\n","protected":false},"excerpt":{"rendered":"<p>Edremit&#8217;te trafik kazas\u0131: 1 \u00f6l\u00fc 1 yaral\u0131&#8230;Bal\u0131kesir&#8217;in Edremit il\u00e7esine ba\u011fl\u0131 Zeytin beldesindeki kav\u015fakta meydana gelen zincirleme trafik kazas\u0131nda 1 ki\u015fi hayat\u0131n\u0131 kaybetti, bir ki\u015fi de yaraland\u0131.<\/p>\n","protected":false},"author":4,"featured_media":183184,"comment_status":"open","ping_status":"open","sticky":false,"template":"","format":"standard","meta":{"_acf_changed":false,"footnotes":""},"categories":[349,6805],"tags":[40862,59616],"class_list":["post-113422","post","type-post","status-publish","format-standard","has-post-thumbnail","hentry","category-son-dakika","category-turkiye","tag-edremit","tag-edremit-trafik-kazasi"],"acf":[],"_links":{"self":[{"href":"https:\/\/www.nationalturk.com\/tr\/wp-json\/wp\/v2\/posts\/113422","targetHints":{"allow":["GET"]}}],"collection":[{"href":"https:\/\/www.nationalturk.com\/tr\/wp-json\/wp\/v2\/posts"}],"about":[{"href":"https:\/\/www.nationalturk.com\/tr\/wp-json\/wp\/v2\/types\/post"}],"author":[{"embeddable":true,"href":"https:\/\/www.nationalturk.com\/tr\/wp-json\/wp\/v2\/users\/4"}],"replies":[{"embeddable":true,"href":"https:\/\/www.nationalturk.com\/tr\/wp-json\/wp\/v2\/comments?post=113422"}],"version-history":[{"count":0,"href":"https:\/\/www.nationalturk.com\/tr\/wp-json\/wp\/v2\/posts\/113422\/revisions"}],"wp:featuredmedia":[{"embeddable":true,"href":"https:\/\/www.nationalturk.com\/tr\/wp-json\/wp\/v2\/media\/183184"}],"wp:attachment":[{"href":"https:\/\/www.nationalturk.com\/tr\/wp-json\/wp\/v2\/media?parent=113422"}],"wp:term":[{"taxonomy":"category","embeddable":true,"href":"https:\/\/www.nationalturk.com\/tr\/wp-json\/wp\/v2\/categories?post=113422"},{"taxonomy":"post_tag","embeddable":true,"href":"https:\/\/www.nationalturk.com\/tr\/wp-json\/wp\/v2\/tags?post=113422"}],"curies":[{"name":"wp","href":"https:\/\/api.w.org\/{rel}","templated":true}]}}