{"id":113724,"date":"2012-07-10T10:20:08","date_gmt":"2012-07-10T07:20:08","guid":{"rendered":"http:\/\/www.nationalturk.com\/?p=113724"},"modified":"2012-07-10T10:20:08","modified_gmt":"2012-07-10T07:20:08","slug":"mersinde-otele-bombali-saldiri-113724","status":"publish","type":"post","link":"https:\/\/www.nationalturk.com\/tr\/mersinde-otele-bombali-saldiri-113724\/","title":{"rendered":"Mersin&#8217;de otele bombal\u0131 sald\u0131r\u0131!"},"content":{"rendered":"<h1><img loading=\"lazy\" decoding=\"async\" class=\"alignleft size-medium wp-image-113725\" title=\"Mersin&#039;de bombal\u0131 sald\u0131r\u0131\" src=\"http:\/\/www.nationalturk.com\/tr\/wp-content\/uploads\/2012\/07\/mersin_bomba_otel-280x186.jpg\" alt=\"\" width=\"280\" height=\"186\" srcset=\"https:\/\/www.nationalturk.com\/tr\/wp-content\/uploads\/2012\/07\/mersin_bomba_otel-280x186.jpg 280w, https:\/\/www.nationalturk.com\/tr\/wp-content\/uploads\/2012\/07\/mersin_bomba_otel.jpg 500w\" sizes=\"auto, (max-width: 280px) 100vw, 280px\" \/>Mersin&#8217;de otele bombal\u0131 sald\u0131r\u0131!&#8230;\u00a0Mersin\u2019de bir otel \u00f6n\u00fcne b\u0131rak\u0131lm\u0131\u015f piknik t\u00fcp\u00fcne sar\u0131lm\u0131\u015f el yap\u0131m\u0131 bomba patlad\u0131. Patlamada bir ki\u015fi a\u011f\u0131r yaraland\u0131.<\/h1>\n<p>Al\u0131nan bilgilere g\u00f6re\u00a014-15 ya\u015flar\u0131ndaki bisikletli iki \u015fah\u0131s, Akdeniz Caddesi \u00fczerindeki bir otelle kamyon aras\u0131na ellerindeki po\u015fette bulunan piknik t\u00fcp\u00fcne sar\u0131lm\u0131\u015f el yap\u0131m\u0131 bombay\u0131 b\u0131rak\u0131p ate\u015fleyerek olay yerinden ka\u00e7t\u0131. Otelin mutfak b\u00f6l\u00fcm\u00fcnde \u00e7al\u0131\u015fan g\u00f6revli Cemal Aybek\u2019in (36) ka\u00e7an bisikletlilerin h\u0131rs\u0131z olmas\u0131ndan \u015f\u00fcphelenerek b\u0131rak\u0131lan po\u015fete bakmas\u0131yla bir anda patlama meydana geldi. Patlama sonras\u0131 otelin mutfak b\u00f6l\u00fcm\u00fcnde maddi hasar meydana gelirken Cemal Aybek a\u011f\u0131r yaraland\u0131.<\/p>\n<p>Ter\u00f6r \u00f6rg\u00fct\u00fc yanda\u015flar\u0131n\u0131n etkisini art\u0131rmak i\u00e7in el yap\u0131m\u0131 patlay\u0131c\u0131y\u0131 piknik t\u00fcp\u00fcne sard\u0131ktan sonra ate\u015fledikleri tespit edildi. V\u00fccudunun \u00e7e\u015fitli yerlerinde yan\u0131klar ve cam kesileri olu\u015fan otel g\u00f6revlisi Cemal Aybek ise Toros Devlet Hastanesi\u2019nde yap\u0131lan ilk m\u00fcdahalenin ard\u0131ndan Mersin Devlet Hastanesi\u2019ne sevk edildi.<\/p>\n<p>Polis e\u015fgalini belirledikleri sald\u0131rganlar\u0131 yakalamak i\u00e7in \u00e7al\u0131\u015fma ba\u015flatt\u0131.<\/p>\n<!-- Error, Advert is not available at this time due to schedule\/geolocation restrictions! -->\n","protected":false},"excerpt":{"rendered":"<p>Mersin&#8217;de otele bombal\u0131 sald\u0131r\u0131!&#8230; Mersin\u2019de bir otel \u00f6n\u00fcne b\u0131rak\u0131lm\u0131\u015f piknik t\u00fcp\u00fcne sar\u0131lm\u0131\u015f el yap\u0131m\u0131 bomba patlad\u0131. Patlamada bir ki\u015fi a\u011f\u0131r yaraland\u0131.<\/p>\n","protected":false},"author":4,"featured_media":183132,"comment_status":"open","ping_status":"open","sticky":false,"template":"","format":"standard","meta":{"_acf_changed":false,"footnotes":""},"categories":[6155,5005,349,6805],"tags":[3131,92926],"class_list":["post-113724","post","type-post","status-publish","format-standard","has-post-thumbnail","hentry","category-gundem","category-manset","category-son-dakika","category-turkiye","tag-mersin","tag-mersin-bomba"],"acf":[],"_links":{"self":[{"href":"https:\/\/www.nationalturk.com\/tr\/wp-json\/wp\/v2\/posts\/113724","targetHints":{"allow":["GET"]}}],"collection":[{"href":"https:\/\/www.nationalturk.com\/tr\/wp-json\/wp\/v2\/posts"}],"about":[{"href":"https:\/\/www.nationalturk.com\/tr\/wp-json\/wp\/v2\/types\/post"}],"author":[{"embeddable":true,"href":"https:\/\/www.nationalturk.com\/tr\/wp-json\/wp\/v2\/users\/4"}],"replies":[{"embeddable":true,"href":"https:\/\/www.nationalturk.com\/tr\/wp-json\/wp\/v2\/comments?post=113724"}],"version-history":[{"count":0,"href":"https:\/\/www.nationalturk.com\/tr\/wp-json\/wp\/v2\/posts\/113724\/revisions"}],"wp:featuredmedia":[{"embeddable":true,"href":"https:\/\/www.nationalturk.com\/tr\/wp-json\/wp\/v2\/media\/183132"}],"wp:attachment":[{"href":"https:\/\/www.nationalturk.com\/tr\/wp-json\/wp\/v2\/media?parent=113724"}],"wp:term":[{"taxonomy":"category","embeddable":true,"href":"https:\/\/www.nationalturk.com\/tr\/wp-json\/wp\/v2\/categories?post=113724"},{"taxonomy":"post_tag","embeddable":true,"href":"https:\/\/www.nationalturk.com\/tr\/wp-json\/wp\/v2\/tags?post=113724"}],"curies":[{"name":"wp","href":"https:\/\/api.w.org\/{rel}","templated":true}]}}