{"id":113801,"date":"2012-07-11T10:09:44","date_gmt":"2012-07-11T07:09:44","guid":{"rendered":"http:\/\/www.nationalturk.com\/?p=113801"},"modified":"2012-07-11T10:09:44","modified_gmt":"2012-07-11T07:09:44","slug":"altindag-burhan-eke-cinayet-113801","status":"publish","type":"post","link":"https:\/\/www.nationalturk.com\/tr\/altindag-burhan-eke-cinayet-113801\/","title":{"rendered":"Ankara Alt\u0131nda\u011f&#8217;da silahl\u0131 kavga: 1 \u00f6l\u00fc"},"content":{"rendered":"<h1><img loading=\"lazy\" decoding=\"async\" class=\"alignleft size-medium wp-image-113803\" title=\"\" src=\"http:\/\/www.nationalturk.com\/tr\/wp-content\/uploads\/2012\/07\/silahhhh-280x196.jpg\" alt=\"\" width=\"280\" height=\"196\" srcset=\"https:\/\/www.nationalturk.com\/tr\/wp-content\/uploads\/2012\/07\/silahhhh-280x196.jpg 280w, https:\/\/www.nationalturk.com\/tr\/wp-content\/uploads\/2012\/07\/silahhhh.jpg 300w\" sizes=\"auto, (max-width: 280px) 100vw, 280px\" \/>Ankara Alt\u0131nda\u011f&#8217;da silahl\u0131 kavga: 1 \u00f6l\u00fc&#8230;\u00a0Ankara&#8217;n\u0131n Alt\u0131nda\u011f il\u00e7esinde meydana gelen silahl\u0131 kavgada Burhan Eke adl\u0131 \u015fah\u0131s \u00f6ld\u00fc, 1 ki\u015fi de yaraland\u0131.<\/h1>\n<p>Al\u0131nan bilgilere g\u00f6re Alt\u0131nda\u011f Siteler Mahallesi&#8217;nde 2 grup aras\u0131nda hen\u00fcz belirlenemeyen bir sebeple \u00e7\u0131kan kavgada yaralanan 2 ki\u015fi kendi ara\u00e7lar\u0131yla hastaneye gitmek istedi. Bu s\u0131rada, Ankara Hastanesi\u2019ne yakla\u015f\u0131k 500 metre kala, Plevne Caddesi \u00fczerinde, kar\u015f\u0131 gruptan \u015fah\u0131slar hastalar\u0131 ta\u015f\u0131yan 34 GP 0245 plakal\u0131 araca ate\u015f etti. A\u00e7\u0131lan ate\u015f sonucu direksiyon hakimiyetini kaybeden s\u00fcr\u00fcc\u00fcn\u00fcn kulland\u0131\u011f\u0131 ara\u00e7 takla att\u0131. Yaral\u0131lar olay yerine gelen ambulanslarla Ankara Hastanesi ve Numune Hastanesi\u2019ne kald\u0131r\u0131ld\u0131. Ankara Hastanesi\u2019ne kald\u0131r\u0131lan yaral\u0131lardan Burhan Eke, hastanede hayat\u0131n\u0131 kaybetti.<\/p>\n<p>Numune Hastanesi&#8217;ne kald\u0131r\u0131lan di\u011fer yaral\u0131n\u0131n ise durumunun iyi oldu\u011fu \u00f6\u011frenildi. Olay\u0131 duyan Eke\u2019nin yak\u0131nlar\u0131 hastane \u00f6n\u00fcne ak\u0131n etti. Bu arada hastaneye \u00e7evik kuvvet ekipleri sevk edildi. Polis ekipleri takla atan arac\u0131 inceledi. Ara\u00e7ta sa\u00e7ma izlerine rastland\u0131. Ekipler, ate\u015f a\u00e7t\u0131ktan sonra ka\u00e7an \u015fah\u0131slar\u0131n bulunmas\u0131 i\u00e7in \u00e7al\u0131\u015fma ba\u015flatt\u0131.<\/p>\n<p>&nbsp;<\/p>\n<!-- Error, Advert is not available at this time due to schedule\/geolocation restrictions! -->\n","protected":false},"excerpt":{"rendered":"<p>Ankara Alt\u0131nda\u011f&#8217;da silahl\u0131 kavga: 1 \u00f6l\u00fc&#8230; Ankara&#8217;n\u0131n Alt\u0131nda\u011f il\u00e7esinde meydana gelen silahl\u0131 kavgada Burhan Eke adl\u0131 \u015fah\u0131s \u00f6ld\u00fc, 1 ki\u015fi de yaraland\u0131.<\/p>\n","protected":false},"author":4,"featured_media":183114,"comment_status":"open","ping_status":"open","sticky":false,"template":"","format":"standard","meta":{"_acf_changed":false,"footnotes":""},"categories":[6155,5005,349,6805],"tags":[11509,105813],"class_list":["post-113801","post","type-post","status-publish","format-standard","has-post-thumbnail","hentry","category-gundem","category-manset","category-son-dakika","category-turkiye","tag-altindag","tag-ankara-silahli-kavga"],"acf":[],"_links":{"self":[{"href":"https:\/\/www.nationalturk.com\/tr\/wp-json\/wp\/v2\/posts\/113801","targetHints":{"allow":["GET"]}}],"collection":[{"href":"https:\/\/www.nationalturk.com\/tr\/wp-json\/wp\/v2\/posts"}],"about":[{"href":"https:\/\/www.nationalturk.com\/tr\/wp-json\/wp\/v2\/types\/post"}],"author":[{"embeddable":true,"href":"https:\/\/www.nationalturk.com\/tr\/wp-json\/wp\/v2\/users\/4"}],"replies":[{"embeddable":true,"href":"https:\/\/www.nationalturk.com\/tr\/wp-json\/wp\/v2\/comments?post=113801"}],"version-history":[{"count":0,"href":"https:\/\/www.nationalturk.com\/tr\/wp-json\/wp\/v2\/posts\/113801\/revisions"}],"wp:featuredmedia":[{"embeddable":true,"href":"https:\/\/www.nationalturk.com\/tr\/wp-json\/wp\/v2\/media\/183114"}],"wp:attachment":[{"href":"https:\/\/www.nationalturk.com\/tr\/wp-json\/wp\/v2\/media?parent=113801"}],"wp:term":[{"taxonomy":"category","embeddable":true,"href":"https:\/\/www.nationalturk.com\/tr\/wp-json\/wp\/v2\/categories?post=113801"},{"taxonomy":"post_tag","embeddable":true,"href":"https:\/\/www.nationalturk.com\/tr\/wp-json\/wp\/v2\/tags?post=113801"}],"curies":[{"name":"wp","href":"https:\/\/api.w.org\/{rel}","templated":true}]}}