{"id":114012,"date":"2012-07-13T13:03:49","date_gmt":"2012-07-13T10:03:49","guid":{"rendered":"http:\/\/www.nationalturk.com\/?p=114012"},"modified":"2022-09-11T01:48:51","modified_gmt":"2022-09-10T22:48:51","slug":"hamada-katliam-suruyor-olu-sayisi-267ye-yukseldi-114012","status":"publish","type":"post","link":"https:\/\/www.nationalturk.com\/tr\/hamada-katliam-suruyor-olu-sayisi-267ye-yukseldi-114012\/","title":{"rendered":"Hama&#8217;da katliam s\u00fcr\u00fcyor: \u00d6l\u00fc say\u0131s\u0131 267&#8217;ye y\u00fckseldi"},"content":{"rendered":"<h1><img loading=\"lazy\" decoding=\"async\" class=\"alignnone size-large wp-image-114013\" title=\"Hama\" src=\"http:\/\/www.nationalturk.com\/tr\/wp-content\/uploads\/2012\/07\/hama_patlama-610x360.jpg\" alt=\"\" width=\"610\" height=\"360\" srcset=\"https:\/\/www.nationalturk.com\/tr\/wp-content\/uploads\/2012\/07\/hama_patlama-610x360.jpg 610w, https:\/\/www.nationalturk.com\/tr\/wp-content\/uploads\/2012\/07\/hama_patlama-280x165.jpg 280w, https:\/\/www.nationalturk.com\/tr\/wp-content\/uploads\/2012\/07\/hama_patlama.jpg 712w\" sizes=\"auto, (max-width: 610px) 100vw, 610px\" \/><\/h1>\n<h1>Hama&#8217;da katliam s\u00fcr\u00fcyor: \u00d6l\u00fc say\u0131s\u0131 267&#8217;ye y\u00fckseldi&#8230;\u00a0Suriye&#8217;nin i\u00e7 kesimlerinde yer alan Hama&#8217;n\u0131n Tireymse beldesine ger\u00e7ekle\u015fen katliamda \u00f6l\u00fc say\u0131s\u0131 art\u0131yor.<\/h1>\n<p>Suriye Genel Devrim Konseyi, g\u00fcvenlik g\u00fc\u00e7lerinin Tireymse beldesine a\u011f\u0131r silahlarla ger\u00e7ekle\u015ftirdi\u011fi operasyonlarda, \u00f6l\u00fc say\u0131s\u0131 267&#8217;yi ge\u00e7ti\u011fini belirtti. Konsey, aralar\u0131nda kad\u0131n ve \u00e7ocuklar\u0131n da yer ald\u0131\u011f\u0131 \u00e7ok say\u0131da Suriyelinin bo\u011fazlar\u0131 kesilerek veya idam edilerek katledildiklerini a\u00e7\u0131klad\u0131. \u00a0Yak\u0131larak \u00f6ld\u00fcr\u00fclenlerin de bulundu\u011funu aktaran Konsey, ailelerin tar\u0131m alanlar\u0131nda ve Asi Nehri&#8217;nde \u00f6lenlerin cesetlerini arad\u0131klar\u0131na de\u011finerek, k\u00f6y\u00fcn g\u00fcvenlik g\u00fc\u00e7lerince ku\u015fat\u0131ld\u0131\u011f\u0131n\u0131, telefon ve elektriklerinin kesildi\u011fini ileri s\u00fcrd\u00fc. \u00a0Konsey, 300&#8217;den fazla yaral\u0131n\u0131n oldu\u011funu ve acil t\u0131bbi yard\u0131ma ihtiya\u00e7lar\u0131n\u0131n bulundu\u011funu duyurdu. \u00a0K\u00f6y camisine 150&#8217;den fazla cesedin getirildi\u011fine dikkati \u00e7eken Konsey, \u00f6l\u00fc say\u0131s\u0131n\u0131n artmas\u0131ndan endi\u015fe ediyor.<\/p>\n<p>Halk\u0131n operasyonlar nedeniyle b\u00f6lgeden ka\u00e7t\u0131\u011f\u0131 ifade eden aktivist Musab Hamadi, rejimin k\u00f6y ve \u00e7evresine hava destekli operasyonlar d\u00fczenlemesi sonucunda Tireymse&#8217;de katliam\u0131n ger\u00e7ekle\u015fti\u011fini ileri s\u00fcrd\u00fc.<\/p>\n<p>&#8221;Halk, k\u00f6y\u00fcn \u00e7evresinde ve tar\u0131m alanlar\u0131nda \u00e7ok say\u0131da ceset buldu&#8221; diyen Hamadi, Tireymse&#8217;de halk\u0131 korku sard\u0131\u011f\u0131n\u0131 ve k\u00f6yl\u00fclerin \u00f6l\u00fcleri bir merkezde toplamaya \u00e7al\u0131\u015ft\u0131\u011f\u0131n\u0131 anlatt\u0131.<\/p>\n<p>K\u00f6yde ileti\u015fimin kesik olmas\u0131ndan dolay\u0131 k\u00f6yden ka\u00e7anlardan edindikleri bilgilere g\u00f6re 267 ki\u015finin ya\u015fam\u0131n\u0131 yitirdi\u011fini \u00f6\u011frendiklerini s\u00f6zlerine ekleyen Hamadi, \u00f6lenlerin \u00e7o\u011funun operasyonlar esnas\u0131nda k\u00f6yden ka\u00e7maya \u00e7al\u0131\u015f\u0131rken g\u00fcvenlik g\u00fc\u00e7lerince ate\u015f edilerek \u00f6ld\u00fcr\u00fcld\u00fc\u011f\u00fcn\u00fc anlatt\u0131.<br \/>\nRejime ba\u011fl\u0131 civar k\u00f6ylerin g\u00fcvenlik g\u00fc\u00e7lerine destek verdi\u011fini belirten Hamadi, g\u00fcvenlik g\u00fc\u00e7lerinin b\u00f6lgede \u00e7ok say\u0131da ki\u015fiyi de tutuklad\u0131\u011f\u0131n\u0131 kaydetti.<\/p>\n<!-- Error, Advert is not available at this time due to schedule\/geolocation restrictions! -->\n","protected":false},"excerpt":{"rendered":"<p>Hama&#8217;da katliam s\u00fcr\u00fcyor: \u00d6l\u00fc say\u0131s\u0131 267&#8217;ye y\u00fckseldi&#8230; Suriye&#8217;nin i\u00e7 kesimlerinde yer alan Hama&#8217;n\u0131n Tireymse beldesine ger\u00e7ekle\u015fen katliamda \u00f6l\u00fc say\u0131s\u0131 art\u0131yor.<\/p>\n","protected":false},"author":4,"featured_media":183073,"comment_status":"open","ping_status":"open","sticky":false,"template":"","format":"standard","meta":{"_acf_changed":false,"footnotes":""},"categories":[6769,6665,6155,5005,6772,6202,349,6662],"tags":[65481,77882,806,65482,65473],"class_list":["post-114012","post","type-post","status-publish","format-standard","has-post-thumbnail","hentry","category-asya","category-dunya","category-gundem","category-manset","category-ortadogu","category-politika","category-son-dakika","category-yasam","tag-hama","tag-hama-katliam","tag-suriye","tag-suriye-hama","tag-suriye-olaylari"],"acf":[],"_links":{"self":[{"href":"https:\/\/www.nationalturk.com\/tr\/wp-json\/wp\/v2\/posts\/114012","targetHints":{"allow":["GET"]}}],"collection":[{"href":"https:\/\/www.nationalturk.com\/tr\/wp-json\/wp\/v2\/posts"}],"about":[{"href":"https:\/\/www.nationalturk.com\/tr\/wp-json\/wp\/v2\/types\/post"}],"author":[{"embeddable":true,"href":"https:\/\/www.nationalturk.com\/tr\/wp-json\/wp\/v2\/users\/4"}],"replies":[{"embeddable":true,"href":"https:\/\/www.nationalturk.com\/tr\/wp-json\/wp\/v2\/comments?post=114012"}],"version-history":[{"count":0,"href":"https:\/\/www.nationalturk.com\/tr\/wp-json\/wp\/v2\/posts\/114012\/revisions"}],"wp:featuredmedia":[{"embeddable":true,"href":"https:\/\/www.nationalturk.com\/tr\/wp-json\/wp\/v2\/media\/183073"}],"wp:attachment":[{"href":"https:\/\/www.nationalturk.com\/tr\/wp-json\/wp\/v2\/media?parent=114012"}],"wp:term":[{"taxonomy":"category","embeddable":true,"href":"https:\/\/www.nationalturk.com\/tr\/wp-json\/wp\/v2\/categories?post=114012"},{"taxonomy":"post_tag","embeddable":true,"href":"https:\/\/www.nationalturk.com\/tr\/wp-json\/wp\/v2\/tags?post=114012"}],"curies":[{"name":"wp","href":"https:\/\/api.w.org\/{rel}","templated":true}]}}