{"id":114246,"date":"2012-07-17T10:19:32","date_gmt":"2012-07-17T07:19:32","guid":{"rendered":"http:\/\/www.nationalturk.com\/?p=114246"},"modified":"2022-09-11T01:48:46","modified_gmt":"2022-09-10T22:48:46","slug":"hillary-clinton-israilde-114246","status":"publish","type":"post","link":"https:\/\/www.nationalturk.com\/tr\/hillary-clinton-israilde-114246\/","title":{"rendered":"Hillary Clinton \u0130srail&#8217;deHillary Clinton \u0130srail&#8217;de"},"content":{"rendered":"<h1><img loading=\"lazy\" decoding=\"async\" class=\"alignnone size-large wp-image-114248\" title=\"Clinton Peres\" src=\"http:\/\/www.nationalturk.com\/tr\/wp-content\/uploads\/2012\/07\/clinton_peres-610x352.jpg\" alt=\"\" width=\"610\" height=\"352\" srcset=\"https:\/\/www.nationalturk.com\/tr\/wp-content\/uploads\/2012\/07\/clinton_peres-610x352.jpg 610w, https:\/\/www.nationalturk.com\/tr\/wp-content\/uploads\/2012\/07\/clinton_peres-280x161.jpg 280w, https:\/\/www.nationalturk.com\/tr\/wp-content\/uploads\/2012\/07\/clinton_peres.jpg 640w\" sizes=\"auto, (max-width: 610px) 100vw, 610px\" \/><\/h1>\n<h1>ABD D\u0131\u015fi\u015fleri Bakan\u0131 Hillary Clinton, ABD&#8217;nin g\u00fcc\u00fcn\u00fcn t\u00fcm unsurlar\u0131n\u0131 \u0130ran&#8217;\u0131n n\u00fckleer silah elde etmesini \u00f6nlemek i\u00e7in kullanaca\u011f\u0131n\u0131 s\u00f6yledi. Hillary Clinton \u0130srail&#8217;de&#8230;<\/h1>\n<p>Avrupa ve Ortado\u011fu&#8217;daki 9 \u00fclkeyi kapsayan 12 g\u00fcnl\u00fck seyahatinin son dura\u011f\u0131 olarak d\u00fcn \u0130srail&#8217;e gelen Clinton, \u0130srail Devlet Ba\u015fkan\u0131 \u015eimon Peres ile g\u00f6r\u00fc\u015ft\u00fc. \u00a0Peres ile Clinton aras\u0131nda yar\u0131m saat kadar s\u00fcren g\u00f6r\u00fc\u015fmenin ard\u0131ndan Peres ve Clinton bas\u0131na ayr\u0131 ayr\u0131 a\u00e7\u0131klamalarda bulundu.<\/p>\n<p>Clinton yapt\u0131\u011f\u0131 a\u00e7\u0131klamada, \u00f6zellikle M\u0131s\u0131r, Suriye, Ortado\u011fu&#8217;daki bar\u0131\u015f giri\u015fimleri, \u0130ran, di\u011fer b\u00f6lgesel ve k\u00fcresel sorunlar\u0131n g\u00f6r\u00fc\u015fmede ele al\u0131nd\u0131\u011f\u0131n\u0131 belirti.<\/p>\n<p>&#8220;ABD&#8217;nin \u0130ran&#8217;a y\u00f6nelik bask\u0131lar\u0131n\u0131, bu \u00fclkenin, ihtilaf konusu olan uranyum zenginle\u015ftirme program\u0131 konusunda yapt\u0131\u011f\u0131 ihlalleri itiraf etmekte yetersiz kald\u0131\u011f\u0131 s\u00fcrece s\u00fcrd\u00fcrece\u011fini&#8221; ifade eden Clinton, ABD&#8217;nin bu \u00fclkeye y\u00f6neltti\u011fi \u00fcst\u00fc \u00f6rt\u00fcl\u00fc tehdide kar\u015f\u0131n, herkesin diplomatik bir \u00e7\u00f6z\u00fcm\u00fc tercih etti\u011fini ve \u0130srail ile ABD&#8217;nin \u0130ran konusunda ayn\u0131 noktada bulu\u015ftuklar\u0131n\u0131 vurgulad\u0131.<\/p>\n<p>&#8220;\u0130ranl\u0131 liderler hala do\u011fru karar verme f\u0131rsat\u0131na sahip. Se\u00e7im sonu\u00e7ta \u0130ran&#8217;a aittir&#8221; diye konu\u015fan Clinton, buna kar\u015f\u0131l\u0131k \u0130ran taraf\u0131ndan \u015fimdiye kadar ortaya konulan tekliflerin yeni bir sayfa a\u00e7maktan oldu\u011funu s\u00f6zlerine ekledi.<br \/>\nSuriye konusuna da de\u011finen Clinton, Suriye&#8217;nin neden oldu\u011fu \u015fiddetin durdurulmas\u0131 gerekti\u011fini s\u00f6yledi.<\/p>\n<p>Peres de g\u00f6r\u00fc\u015fmeye ili\u015fkin yapt\u0131\u011f\u0131 a\u00e7\u0131klamada, \u0130srail ile M\u0131s\u0131r aras\u0131nda 30 y\u0131ld\u0131r s\u00fcren bar\u0131\u015fa verdikleri \u00f6neme i\u015faret etti ve Suriye&#8217;deki \u015fiddeti k\u0131nad\u0131klar\u0131n\u0131 belirtti.<\/p>\n<p>Peres, ABD y\u00f6netiminin, n\u00fckleer faaliyetlerini durdurmas\u0131 i\u00e7in \u0130ran&#8217;a yapt\u0131\u011f\u0131 bask\u0131lara da destek verdi\u011fini s\u00f6zlerine ekledi.<\/p>\n<p><img loading=\"lazy\" decoding=\"async\" class=\"alignleft size-medium wp-image-114250\" title=\"\" src=\"http:\/\/www.nationalturk.com\/tr\/wp-content\/uploads\/2012\/07\/clinton_selam_feyyaz-280x195.jpg\" alt=\"\" width=\"280\" height=\"195\" srcset=\"https:\/\/www.nationalturk.com\/tr\/wp-content\/uploads\/2012\/07\/clinton_selam_feyyaz-280x195.jpg 280w, https:\/\/www.nationalturk.com\/tr\/wp-content\/uploads\/2012\/07\/clinton_selam_feyyaz-571x400.jpg 571w, https:\/\/www.nationalturk.com\/tr\/wp-content\/uploads\/2012\/07\/clinton_selam_feyyaz.jpg 712w\" sizes=\"auto, (max-width: 280px) 100vw, 280px\" \/>Clinton ile Peres&#8217;in yapt\u0131klar\u0131 a\u00e7\u0131klamalarda bas\u0131n mensuplar\u0131n\u0131n soru sormas\u0131na izin verilmedi. \u00a0Peres ile yapt\u0131\u011f\u0131 g\u00f6r\u00fc\u015fmenin ard\u0131ndan \u0130srail Ba\u015fbakan\u0131 Binyamin Netanyahu ve Savunma Bakan\u0131 Ehud Barak ile g\u00f6r\u00fc\u015fmelerde bulunan Clinton daha sonra Filistin Ba\u015fbakan\u0131 Selam Feyyad ile de biraraya geldi.<\/p>\n<p>Clinton&#8217;un yapt\u0131\u011f\u0131 \u00e7e\u015fitli a\u00e7\u0131klamalarda ABD Ba\u015fkan\u0131 Obama&#8217;n\u0131n yeniden se\u00e7ilmesi halinde dahi d\u0131\u015fi\u015fleri bakanl\u0131\u011f\u0131 g\u00f6revinden ayr\u0131laca\u011f\u0131n\u0131 ilan etti\u011fini hat\u0131rlatan siyasi g\u00f6zlemciler, bu nedenle gezinin Clinton&#8217;\u0131n d\u0131\u015fi\u015fleri bakan\u0131 olarak \u0130srail&#8217;e yapt\u0131\u011f\u0131 son ziyaret oldu\u011funa dikkati \u00e7ekiyor.<\/p>\n<!-- Error, Advert is not available at this time due to schedule\/geolocation restrictions! -->\n","protected":false},"excerpt":{"rendered":"<p>ABD D\u0131\u015fi\u015fleri Bakan\u0131 Hillary Clinton, ABD&#8217;nin g\u00fcc\u00fcn\u00fcn t\u00fcm unsurlar\u0131n\u0131 \u0130ran&#8217;\u0131n n\u00fckleer silah elde etmesini \u00f6nlemek i\u00e7in kullanaca\u011f\u0131n\u0131 s\u00f6yledi. Hillary Clinton \u0130srail&#8217;de&#8230;<\/p>\n","protected":false},"author":4,"featured_media":183032,"comment_status":"open","ping_status":"open","sticky":false,"template":"","format":"standard","meta":{"_acf_changed":false,"footnotes":""},"categories":[6768,6665,6155,5005,6772,6202],"tags":[16017,7571,1981,15386,10057,806],"class_list":["post-114246","post","type-post","status-publish","format-standard","has-post-thumbnail","hentry","category-amerika","category-dunya","category-gundem","category-manset","category-ortadogu","category-politika","tag-clinton","tag-hillary-clinton","tag-iran","tag-israil-iran","tag-simon-peres","tag-suriye"],"acf":[],"_links":{"self":[{"href":"https:\/\/www.nationalturk.com\/tr\/wp-json\/wp\/v2\/posts\/114246","targetHints":{"allow":["GET"]}}],"collection":[{"href":"https:\/\/www.nationalturk.com\/tr\/wp-json\/wp\/v2\/posts"}],"about":[{"href":"https:\/\/www.nationalturk.com\/tr\/wp-json\/wp\/v2\/types\/post"}],"author":[{"embeddable":true,"href":"https:\/\/www.nationalturk.com\/tr\/wp-json\/wp\/v2\/users\/4"}],"replies":[{"embeddable":true,"href":"https:\/\/www.nationalturk.com\/tr\/wp-json\/wp\/v2\/comments?post=114246"}],"version-history":[{"count":0,"href":"https:\/\/www.nationalturk.com\/tr\/wp-json\/wp\/v2\/posts\/114246\/revisions"}],"wp:featuredmedia":[{"embeddable":true,"href":"https:\/\/www.nationalturk.com\/tr\/wp-json\/wp\/v2\/media\/183032"}],"wp:attachment":[{"href":"https:\/\/www.nationalturk.com\/tr\/wp-json\/wp\/v2\/media?parent=114246"}],"wp:term":[{"taxonomy":"category","embeddable":true,"href":"https:\/\/www.nationalturk.com\/tr\/wp-json\/wp\/v2\/categories?post=114246"},{"taxonomy":"post_tag","embeddable":true,"href":"https:\/\/www.nationalturk.com\/tr\/wp-json\/wp\/v2\/tags?post=114246"}],"curies":[{"name":"wp","href":"https:\/\/api.w.org\/{rel}","templated":true}]}}