{"id":114278,"date":"2012-07-17T13:44:26","date_gmt":"2012-07-17T10:44:26","guid":{"rendered":"http:\/\/www.nationalturk.com\/?p=114278"},"modified":"2012-07-17T14:36:47","modified_gmt":"2012-07-17T11:36:47","slug":"fenerbahce-sampiyonlar-ligine-katilabilecek-mi-sorunun-yaniti-bu-aksam-belli-oluyor-114278","status":"publish","type":"post","link":"https:\/\/www.nationalturk.com\/tr\/fenerbahce-sampiyonlar-ligine-katilabilecek-mi-sorunun-yaniti-bu-aksam-belli-oluyor-114278\/","title":{"rendered":"Fenerbah\u00e7e \u015eampiyonlar Ligine kat\u0131labilecek mi ? Sorunun yan\u0131t\u0131 bu ak\u015fam belli oluyor"},"content":{"rendered":"<h1><a href=\"http:\/\/www.nationalturk.com\/tr\/wp-content\/uploads\/2012\/07\/uefa-logo.jpg\"><img loading=\"lazy\" decoding=\"async\" class=\"alignnone size-large wp-image-114296\" src=\"http:\/\/www.nationalturk.com\/tr\/wp-content\/uploads\/2012\/07\/uefa-logo-610x343.jpg\" alt=\"\" width=\"610\" height=\"343\" title=\"\" srcset=\"https:\/\/www.nationalturk.com\/tr\/wp-content\/uploads\/2012\/07\/uefa-logo-610x343.jpg 610w, https:\/\/www.nationalturk.com\/tr\/wp-content\/uploads\/2012\/07\/uefa-logo-280x157.jpg 280w, https:\/\/www.nationalturk.com\/tr\/wp-content\/uploads\/2012\/07\/uefa-logo.jpg 656w\" sizes=\"auto, (max-width: 610px) 100vw, 610px\" \/><\/a><\/h1>\n<h1>Fenerbah\u00e7e de beklenen g\u00fcn geldi \u00e7att\u0131. UEFA Disiplin Kurulu, sar\u0131-lacivertli tak\u0131m hakk\u0131ndaki karar\u0131n\u0131 a\u00e7\u0131klayacak.<\/h1>\n<p>UEFA Disiplin Kurulu sal\u0131 g\u00fcn\u00fc Nyon&#8217;da toplanarak elinde dosyas\u0131 olan kul\u00fcplerle ilgili son karar\u0131n\u0131 verecek.<\/p>\n<p>Daha \u00f6nce &#8220;Son karar\u0131 Disiplin Kurulu verir&#8221; \u015ferhi konularak \u015eampiyonlar Ligi&#8217;ne al\u0131nan Fenerbah\u00e7e&#8217;nin kaderinin de bu toplant\u0131da belli olmas\u0131 bekleniyor. UEFA kulislerinden gelen bilgilere g\u00f6re Disiplin Kurulu&#8217;nun Sar\u0131-Lacivertli kul\u00fcbe ceza vermesi beklenmiyor.<\/p>\n<p>\u015eenes Erzik ve Levent B\u0131\u00e7ak\u00e7\u0131 da daha \u00f6nce yapt\u0131\u011f\u0131 a\u00e7\u0131klamada Fenerbah\u00e7e&#8217;nin \u00f6n\u00fcm\u00fczdeki sezon \u015eampiyonlar Ligi&#8217;nde oynayaca\u011f\u0131n\u0131n m\u00fcjdesini vermi\u015fti. Fenerbah\u00e7eli y\u00f6neticilerin Nyon&#8217;dan \u00e7\u0131kacak sonucu merakla bekledi\u011fi belirlendi.<\/p>\n<!-- Error, Advert is not available at this time due to schedule\/geolocation restrictions! -->\n","protected":false},"excerpt":{"rendered":"<p>Fenerbah\u00e7e de beklenen g\u00fcn geldi \u00e7att\u0131. UEFA Disiplin Kurulu, sar\u0131-lacivertli tak\u0131m hakk\u0131ndaki karar\u0131n\u0131 a\u00e7\u0131klayacak.<\/p>\n","protected":false},"author":761,"featured_media":183024,"comment_status":"open","ping_status":"open","sticky":false,"template":"","format":"standard","meta":{"_acf_changed":false,"footnotes":""},"categories":[6774,5005,349,6194],"tags":[38764,79098,89346,102455,38594,847,103074,74701,101601],"class_list":["post-114278","post","type-post","status-publish","format-standard","has-post-thumbnail","hentry","category-futbol","category-manset","category-son-dakika","category-spor","tag-fenerbahce-sampiyonlar-ligi","tag-fenerbahce-sampiyonlar-ligi-men","tag-fenerbahce-uefa","tag-fenerbahce-uefa-men","tag-sampiyonlar-ligi-fenerbahce","tag-uefa","tag-uefa-disiplin-kurulu","tag-uefa-fenerbahce","tag-uefa-nyon"],"acf":[],"_links":{"self":[{"href":"https:\/\/www.nationalturk.com\/tr\/wp-json\/wp\/v2\/posts\/114278","targetHints":{"allow":["GET"]}}],"collection":[{"href":"https:\/\/www.nationalturk.com\/tr\/wp-json\/wp\/v2\/posts"}],"about":[{"href":"https:\/\/www.nationalturk.com\/tr\/wp-json\/wp\/v2\/types\/post"}],"author":[{"embeddable":true,"href":"https:\/\/www.nationalturk.com\/tr\/wp-json\/wp\/v2\/users\/761"}],"replies":[{"embeddable":true,"href":"https:\/\/www.nationalturk.com\/tr\/wp-json\/wp\/v2\/comments?post=114278"}],"version-history":[{"count":0,"href":"https:\/\/www.nationalturk.com\/tr\/wp-json\/wp\/v2\/posts\/114278\/revisions"}],"wp:featuredmedia":[{"embeddable":true,"href":"https:\/\/www.nationalturk.com\/tr\/wp-json\/wp\/v2\/media\/183024"}],"wp:attachment":[{"href":"https:\/\/www.nationalturk.com\/tr\/wp-json\/wp\/v2\/media?parent=114278"}],"wp:term":[{"taxonomy":"category","embeddable":true,"href":"https:\/\/www.nationalturk.com\/tr\/wp-json\/wp\/v2\/categories?post=114278"},{"taxonomy":"post_tag","embeddable":true,"href":"https:\/\/www.nationalturk.com\/tr\/wp-json\/wp\/v2\/tags?post=114278"}],"curies":[{"name":"wp","href":"https:\/\/api.w.org\/{rel}","templated":true}]}}