{"id":114358,"date":"2012-07-18T09:42:58","date_gmt":"2012-07-18T06:42:58","guid":{"rendered":"http:\/\/www.nationalturk.com\/?p=114358"},"modified":"2012-07-18T09:42:58","modified_gmt":"2012-07-18T06:42:58","slug":"arda-turan-turk-taraftarlar-futboldan-anlamiyor-114358","status":"publish","type":"post","link":"https:\/\/www.nationalturk.com\/tr\/arda-turan-turk-taraftarlar-futboldan-anlamiyor-114358\/","title":{"rendered":"Arda Turan: T\u00fcrk taraftarlar futboldan anlam\u0131yor"},"content":{"rendered":"<h1><img loading=\"lazy\" decoding=\"async\" class=\"alignleft size-medium wp-image-114359\" title=\"Arda Turan\" src=\"http:\/\/www.nationalturk.com\/tr\/wp-content\/uploads\/2012\/07\/arda_real_madrid1-280x190.jpg\" alt=\"\" width=\"280\" height=\"190\" srcset=\"https:\/\/www.nationalturk.com\/tr\/wp-content\/uploads\/2012\/07\/arda_real_madrid1-280x190.jpg 280w, https:\/\/www.nationalturk.com\/tr\/wp-content\/uploads\/2012\/07\/arda_real_madrid1.jpg 520w\" sizes=\"auto, (max-width: 280px) 100vw, 280px\" \/>Atletico Madrid&#8217;de forma giyen milli futbolcu Arda Turan T\u00fcrk taraftarlar\u0131 yerden yere vurdu. Arda, \u0130spanyollar\u0131 ise &#8216;Sahadaki m\u00fccadelenin fark\u0131ndalar&#8217; s\u00f6zleriyle \u00f6vd\u00fc.<\/h1>\n<p>Gen\u00e7lik ve Spor Dergisi\u2019ne konu\u015fan Arda Turan, T\u00fcrkiye&#8217;deki taraftarlar\u0131n \u00e7o\u011funlu\u011funun futboldan anlamad\u0131\u011f\u0131n\u0131 iddia ederek &#8220;\u0130spanya\u2019da futboldan \u00e7ok iyi anlayan bir seyirci var. Buraya gelirken k\u00f6t\u00fc m\u00fccadele etmeyece\u011fime dair s\u00f6z vermi\u015ftim. S\u00f6z\u00fcm\u00fc tuttum. G\u00fcn\u00fcmde olmasam da hep m\u00fccadele ettim. Zaten insanlara ancak bunun s\u00f6z\u00fcn\u00fc verirsiniz. Fakat biz futbolu \u00e7ok seviyoruz ama \u00e7o\u011fu taraftar futboldan anlam\u0131yor&#8221; ifadelerini kulland\u0131.<\/p>\n<p>Arda Turan T\u00fcrk futbolcular\u0131na Avrupa&#8217;da oynamalar\u0131n\u0131 tavsiye ederek &#8220;Hi\u00e7 durmadan gelsinler. Gelip g\u00f6rs\u00fcnler. \u0130lla Atletico Madrid , Barcelona, Real Madrid olmas\u0131 gerekmez&#8221; diye konu\u015ftu.<\/p>\n<p>Futbol hayat\u0131n\u0131n k\u0131r\u0131lma noktas\u0131n\u0131 2005-06 sezonunda Manisaspor\u2019a kiralanmas\u0131 olarak niteleyen Arda \u201cO s\u0131ralar Galatasaray\u2019da y\u0131ll\u0131k 180 bin al\u0131yordum. Ersun Hoca (Yanal) 35 bin lira ve 2 bin 500 lira maa\u015fla beni istedi. Anla\u015ft\u0131k. Kayseri Erciyes\u2019i \u00e7al\u0131\u015ft\u0131ran B\u00fclent abi (Korkmaz) arad\u0131. Daha fazla para teklif etti. Ona Ersun hocaya s\u00f6z verdi\u011fimi s\u00f6yledim. Anlay\u0131\u015fla kar\u015f\u0131lad\u0131. Ben s\u00f6z\u00fcm\u00fcn eri olmay\u0131 Arif, B\u00fclent, Okan a\u011fabeylerden \u00f6\u011frendim\u201d \u015feklinde konu\u015ftu.<\/p>\n<!-- Error, Advert is not available at this time due to schedule\/geolocation restrictions! -->\n","protected":false},"excerpt":{"rendered":"<p>Atletico Madrid&#8217;de forma giyen milli futbolcu Arda Turan T\u00fcrk taraftarlar\u0131 yerden yere vurdu. Arda, \u0130spanyollar\u0131 ise &#8216;Sahadaki m\u00fccadelenin fark\u0131ndalar&#8217; s\u00f6zleriyle \u00f6vd\u00fc.<\/p>\n","protected":false},"author":4,"featured_media":183012,"comment_status":"open","ping_status":"open","sticky":false,"template":"","format":"standard","meta":{"_acf_changed":false,"footnotes":""},"categories":[6774,5005,6194],"tags":[6335,106438,7932],"class_list":["post-114358","post","type-post","status-publish","format-standard","has-post-thumbnail","hentry","category-futbol","category-manset","category-spor","tag-arda-turan","tag-arda-turan-atletico","tag-atletico-madrid"],"acf":[],"_links":{"self":[{"href":"https:\/\/www.nationalturk.com\/tr\/wp-json\/wp\/v2\/posts\/114358","targetHints":{"allow":["GET"]}}],"collection":[{"href":"https:\/\/www.nationalturk.com\/tr\/wp-json\/wp\/v2\/posts"}],"about":[{"href":"https:\/\/www.nationalturk.com\/tr\/wp-json\/wp\/v2\/types\/post"}],"author":[{"embeddable":true,"href":"https:\/\/www.nationalturk.com\/tr\/wp-json\/wp\/v2\/users\/4"}],"replies":[{"embeddable":true,"href":"https:\/\/www.nationalturk.com\/tr\/wp-json\/wp\/v2\/comments?post=114358"}],"version-history":[{"count":0,"href":"https:\/\/www.nationalturk.com\/tr\/wp-json\/wp\/v2\/posts\/114358\/revisions"}],"wp:featuredmedia":[{"embeddable":true,"href":"https:\/\/www.nationalturk.com\/tr\/wp-json\/wp\/v2\/media\/183012"}],"wp:attachment":[{"href":"https:\/\/www.nationalturk.com\/tr\/wp-json\/wp\/v2\/media?parent=114358"}],"wp:term":[{"taxonomy":"category","embeddable":true,"href":"https:\/\/www.nationalturk.com\/tr\/wp-json\/wp\/v2\/categories?post=114358"},{"taxonomy":"post_tag","embeddable":true,"href":"https:\/\/www.nationalturk.com\/tr\/wp-json\/wp\/v2\/tags?post=114358"}],"curies":[{"name":"wp","href":"https:\/\/api.w.org\/{rel}","templated":true}]}}