{"id":114440,"date":"2012-07-18T16:36:52","date_gmt":"2012-07-18T13:36:52","guid":{"rendered":"http:\/\/www.nationalturk.com\/?p=114440"},"modified":"2012-07-18T17:33:28","modified_gmt":"2012-07-18T14:33:28","slug":"tam-gun-yasasi-iptal-edildi-son-dakika-114440","status":"publish","type":"post","link":"https:\/\/www.nationalturk.com\/tr\/tam-gun-yasasi-iptal-edildi-son-dakika-114440\/","title":{"rendered":"Tam G\u00fcn Yasas\u0131 iptal edildi \/ Son dakika"},"content":{"rendered":"<h1><img loading=\"lazy\" decoding=\"async\" class=\"alignleft size-medium wp-image-114441\" title=\"Anayasa Mahkemesi\" src=\"http:\/\/www.nationalturk.com\/tr\/wp-content\/uploads\/2012\/07\/anayasa_mahkemesi_toplanti-280x140.jpg\" alt=\"\" width=\"280\" height=\"140\" srcset=\"https:\/\/www.nationalturk.com\/tr\/wp-content\/uploads\/2012\/07\/anayasa_mahkemesi_toplanti-280x140.jpg 280w, https:\/\/www.nationalturk.com\/tr\/wp-content\/uploads\/2012\/07\/anayasa_mahkemesi_toplanti.jpg 470w\" sizes=\"auto, (max-width: 280px) 100vw, 280px\" \/>Tam G\u00fcn Yasas\u0131 iptal edildi \/ Son dakika&#8230;\u00a0Anayasa Mahkemesi CHP\u2019nin ba\u015fvurusu \u00fczerinde sa\u011fl\u0131k alan\u0131nda yap\u0131lan tam g\u00fcn yasas\u0131n\u0131n baz\u0131 maddelerini iptal etti.<\/h1>\n<p>CHP, 650 say\u0131l\u0131 Adalet Bakanl\u0131\u011f\u0131\u2019n\u0131n Te\u015fkilat ve G\u00f6revleri Hakk\u0131nda Kanun H\u00fckm\u00fcnde Kararnamenin De\u011fi\u015ftirilerek Kabul\u00fc Hakk\u0131nda Kanun ile Baz\u0131 Kanun ve Kanun H\u00fckm\u00fcnde Kararnamelerde De\u011fi\u015fiklik Yap\u0131lmas\u0131na Dair Kanun H\u00fckm\u00fcnde Kararname\u2019nin baz\u0131 h\u00fck\u00fcmlerinin iptali ve y\u00fcr\u00fcrl\u00fc\u011f\u00fcn\u00fcn durdurulmas\u0131 istemiyle Anayasa Mahkemesi\u2019nde dava a\u00e7m\u0131\u015ft\u0131.<\/p>\n<p>Devlet \u00fcniversite hastaneleri, TSK, GATA gibi de\u011fi\u015fik kurumlarda \u00e7al\u0131\u015fan hekimlere \u00e7al\u0131\u015fma yasaklar\u0131 getiren 650 say\u0131l\u0131 KHK\u2019n\u0131n, iptali istenen 38. maddesi, \u201cMemurlar, mesleki faaliyette veya serbest meslek icras\u0131nda bulunmak \u00fczere ofis, b\u00fcro, muayenehane ve benzeri yerler a\u00e7amaz; ger\u00e7ek ki\u015filere, \u00f6zel hukuk t\u00fczel ki\u015filerine veya kamu kurumu niteli\u011findeki meslek kurulu\u015flar\u0131na ait herhangi bir i\u015f yerinde veya vak\u0131f \u00fcniversitelerinde \u00e7al\u0131\u015famaz\u201d h\u00fckm\u00fcn\u00fc i\u00e7eriyordu.<\/p>\n<p>Anayasa Mahkemesi, hekimlerin muayenehane a\u00e7mas\u0131n\u0131 yasaklayan 650 say\u0131l\u0131 KHK&#8217;n\u0131n, devlet, \u00fcniversite hastaneleri, TSK, GATA gibi de\u011fi\u015fik kurumlarda \u00e7al\u0131\u015fan hekimlere \u00e7al\u0131\u015fma yasaklar\u0131 getiren maddelerini &#8221;Yetki Kanunu kapsam\u0131na girmedi\u011finden&#8221; iptal etti.<\/p>\n<p>CHP, 650 say\u0131l\u0131 Adalet Bakanl\u0131\u011f\u0131n\u0131n Te\u015fkilat ve G\u00f6revleri Hakk\u0131nda Kanun H\u00fckm\u00fcnde Kararnamenin De\u011fi\u015ftirilerek Kabul\u00fc Hakk\u0131nda Kanun ile Baz\u0131 Kanun ve Kanun H\u00fckm\u00fcnde Kararnamelerde De\u011fi\u015fiklik Yap\u0131lmas\u0131na Dair Kanun H\u00fckm\u00fcnde Kararname&#8217;nin baz\u0131 h\u00fck\u00fcmlerinin iptali ve y\u00fcr\u00fcrl\u00fc\u011f\u00fcn\u00fcn durdurulmas\u0131 istemiyle Anayasa Mahkemesi&#8217;nde dava a\u00e7m\u0131\u015ft\u0131.<br \/>\nDavay\u0131 esastan g\u00f6r\u00fc\u015fen Anayasa Mahkemesi heyeti, KHK&#8217;n\u0131n, devlet, \u00fcniversite hastaneleri, TSK, GATA gibi de\u011fi\u015fik kurumlarda \u00e7al\u0131\u015fan hekimlere \u00e7al\u0131\u015fma yasaklar\u0131 getiren maddelerini &#8221;Yetki Kanunu kapsam\u0131na girmedi\u011finden&#8221; iptal etti.<\/p>\n<p>-\u0130ptal edilen h\u00fck\u00fcmler-<\/p>\n<p>650 say\u0131l\u0131 KHK&#8217;n\u0131n, iptal edilen 38. maddesi, &#8221;Memurlar, mesleki faaliyette veya serbest meslek icras\u0131nda bulunmak \u00fczere ofis, b\u00fcro, muayenehane ve benzeri yerler a\u00e7amaz; ger\u00e7ek ki\u015filere, \u00f6zel hukuk t\u00fczel ki\u015filerine veya kamu kurumu niteli\u011findeki meslek kurulu\u015flar\u0131na ait herhangi bir i\u015f yerinde veya vak\u0131f \u00fcniversitelerinde \u00e7al\u0131\u015famaz&#8221; h\u00fckm\u00fcn\u00fc i\u00e7eriyor.<br \/>\nKHK&#8217;n\u0131n 39. maddesi ile T\u00fcrk Silahl\u0131 Kuvvetleri Personel Kanunu&#8217;na eklenen &#8221;Bu Kanun kapsam\u0131na girenler, kanunlarda belirtilen istisnalar d\u0131\u015f\u0131nda mesleki faaliyette veya serbest meslek icras\u0131nda bulunmak \u00fczere ofis, b\u00fcro, muayenehane ve benzeri yerler a\u00e7amaz; ger\u00e7ek ki\u015filere, \u00f6zel hukuk t\u00fczel ki\u015filerine veya kamu kurumu niteli\u011findeki meslek kurulu\u015flar\u0131na ait herhangi bir i\u015f yerinde veya vak\u0131f \u00fcniversitelerinde \u00e7al\u0131\u015famaz&#8221; h\u00fckm\u00fc de iptal edildi.<br \/>\nKHK&#8217;n\u0131n iptal edilen di\u011fer maddeleri \u015f\u00f6yle:<\/p>\n<p>-40. madde: Y\u00fcksek\u00f6\u011fretim kurumlar\u0131n\u0131n kadrolar\u0131nda bulunan \u00f6\u011fretim elemanlar\u0131, kanunlarda belirtilen haller d\u0131\u015f\u0131nda 657 say\u0131l\u0131 Devlet Memurlar\u0131 Kanununun 28. maddesi h\u00fckm\u00fcne tabidir. Ancak \u00f6\u011fretim \u00fcyeleri, y\u00fcksek\u00f6\u011fretim kurumlar\u0131nda yaln\u0131zca e\u011fitim ve ara\u015ft\u0131rma faaliyetlerinde bulunmak ve d\u00f6ner sermaye faaliyetleri kapsam\u0131nda gelir elde edilen hizmetlerde \u00e7al\u0131\u015fmamak kayd\u0131yla mesai saatleri d\u0131\u015f\u0131nda y\u00fcksek\u00f6\u011fretim kurumlar\u0131ndan ba\u015fka yerlerde mesleki faaliyette bulunabilir ve meslek veya sanatlar\u0131n\u0131 serbest olarak icra edebilir. Y\u00fcksek\u00f6\u011fretim kurumlar\u0131ndan ba\u015fka yerlerde \u00e7al\u0131\u015fan \u00f6\u011fretim \u00fcyelerine ek \u00f6deme yap\u0131lmaz; bunlar rekt\u00f6r, dekan, enstit\u00fc, y\u00fcksekokul ve konservatuvar m\u00fcd\u00fcr\u00fc, b\u00f6l\u00fcm ba\u015fkan\u0131, anabilim ve bilim dal\u0131 ba\u015fkan\u0131, ba\u015fhekim ve bunlar\u0131n yard\u0131mc\u0131s\u0131 olamaz.<\/p>\n<p>-41. madde: G\u00fclhane Askeri T\u0131p Akademisindeki kadrolu asker ve sivil \u00f6\u011fretim elemanlar\u0131 926 say\u0131l\u0131 Kanunun ek 27. maddesi h\u00fckm\u00fcne tabidir. Ancak \u00f6\u011fretim \u00fcyesi kadrolar\u0131nda bulunanlar; yaln\u0131zca e\u011fitim ve ara\u015ft\u0131rma faaliyetlerinde bulunmak, 2330 say\u0131l\u0131 Nakdi Tazminat ve Ayl\u0131k Ba\u011flanmas\u0131 Hakk\u0131nda Kanun ve 3713 say\u0131l\u0131 Ter\u00f6rle M\u00fccadele Kanunu kapsam\u0131nda yaralananlar, y\u00fck\u00fcml\u00fc erba\u015f ve erler ile askeri \u00f6\u011frencilere y\u00f6nelik olanlar d\u0131\u015f\u0131nda hasta muayenesi ve tedavisi faaliyetleri kapsam\u0131nda \u00e7al\u0131\u015fmamak kayd\u0131yla, Genelkurmay Ba\u015fkanl\u0131\u011f\u0131n\u0131n izniyle mesai saatleri d\u0131\u015f\u0131nda mesleki faaliyette bulunabilir ve meslek veya sanatlar\u0131n\u0131 serbest olarak icra edebilir.&#8221;<\/p>\n<span style=\"font-weight: bold; color: #f00;\">Error, group does not exist! Check your syntax! (ID: 52)<\/span>\n","protected":false},"excerpt":{"rendered":"<p>Tam G\u00fcn Yasas\u0131 iptal edildi \/ Son dakika&#8230; Anayasa Mahkemesi CHP\u2019nin ba\u015fvurusu \u00fczerinde sa\u011fl\u0131k alan\u0131nda yap\u0131lan tam g\u00fcn yasas\u0131n\u0131n baz\u0131 maddelerini iptal etti.<\/p>\n","protected":false},"author":4,"featured_media":182996,"comment_status":"open","ping_status":"open","sticky":false,"template":"","format":"standard","meta":{"_acf_changed":false,"footnotes":""},"categories":[6155,5005,6669,349,6805],"tags":[11271,8723,14297],"class_list":["post-114440","post","type-post","status-publish","format-standard","has-post-thumbnail","hentry","category-gundem","category-manset","category-saglik","category-son-dakika","category-turkiye","tag-anayasa-mahkemesi","tag-chp","tag-tam-gun-yasasi"],"acf":[],"_links":{"self":[{"href":"https:\/\/www.nationalturk.com\/tr\/wp-json\/wp\/v2\/posts\/114440","targetHints":{"allow":["GET"]}}],"collection":[{"href":"https:\/\/www.nationalturk.com\/tr\/wp-json\/wp\/v2\/posts"}],"about":[{"href":"https:\/\/www.nationalturk.com\/tr\/wp-json\/wp\/v2\/types\/post"}],"author":[{"embeddable":true,"href":"https:\/\/www.nationalturk.com\/tr\/wp-json\/wp\/v2\/users\/4"}],"replies":[{"embeddable":true,"href":"https:\/\/www.nationalturk.com\/tr\/wp-json\/wp\/v2\/comments?post=114440"}],"version-history":[{"count":0,"href":"https:\/\/www.nationalturk.com\/tr\/wp-json\/wp\/v2\/posts\/114440\/revisions"}],"wp:featuredmedia":[{"embeddable":true,"href":"https:\/\/www.nationalturk.com\/tr\/wp-json\/wp\/v2\/media\/182996"}],"wp:attachment":[{"href":"https:\/\/www.nationalturk.com\/tr\/wp-json\/wp\/v2\/media?parent=114440"}],"wp:term":[{"taxonomy":"category","embeddable":true,"href":"https:\/\/www.nationalturk.com\/tr\/wp-json\/wp\/v2\/categories?post=114440"},{"taxonomy":"post_tag","embeddable":true,"href":"https:\/\/www.nationalturk.com\/tr\/wp-json\/wp\/v2\/tags?post=114440"}],"curies":[{"name":"wp","href":"https:\/\/api.w.org\/{rel}","templated":true}]}}