{"id":114469,"date":"2012-07-19T09:16:36","date_gmt":"2012-07-19T06:16:36","guid":{"rendered":"http:\/\/www.nationalturk.com\/?p=114469"},"modified":"2012-07-19T09:17:12","modified_gmt":"2012-07-19T06:17:12","slug":"chp-pm-listesi-belli-oldu-ilhan-cihaner-ve-fikri-saglar-surprizi-114469","status":"publish","type":"post","link":"https:\/\/www.nationalturk.com\/tr\/chp-pm-listesi-belli-oldu-ilhan-cihaner-ve-fikri-saglar-surprizi-114469\/","title":{"rendered":"CHP PM listesi belli oldu \/ \u0130lhan Cihaner ve Fikri Sa\u011flar s\u00fcrprizi!"},"content":{"rendered":"<h1><img loading=\"lazy\" decoding=\"async\" class=\"alignleft size-medium wp-image-114470\" title=\"\" src=\"http:\/\/www.nationalturk.com\/tr\/wp-content\/uploads\/2012\/07\/chp_kongre_sandik-280x186.jpg\" alt=\"\" width=\"280\" height=\"186\" srcset=\"https:\/\/www.nationalturk.com\/tr\/wp-content\/uploads\/2012\/07\/chp_kongre_sandik-280x186.jpg 280w, https:\/\/www.nationalturk.com\/tr\/wp-content\/uploads\/2012\/07\/chp_kongre_sandik-599x400.jpg 599w, https:\/\/www.nationalturk.com\/tr\/wp-content\/uploads\/2012\/07\/chp_kongre_sandik.jpg 712w\" sizes=\"auto, (max-width: 280px) 100vw, 280px\" \/>CHP&#8217;nin 34. Ola\u011fan Kurultay\u0131&#8217;nda yetkili organlara \u00fcyelik se\u00e7im sonu\u00e7lar\u0131 2 s\u00fcrpriz getirdi. \/\u00a0CHP PM listesi belli oldu \/ \u0130lhan Cihaner ve Fikri Sa\u011flar s\u00fcrprizi!<\/h1>\n<p>Ankara Spor Salonu&#8217;nda yap\u0131lan kurultayda 434 ki\u015fi Parti Meclisi(PM) 128 ki\u015fi ise Y\u00fcksek Disiplin Kurulu (YDK) \u00fcyelikleri i\u00e7in ba\u015fvuru yapt\u0131.\u00a0Oylama sonucunda PM&#8217;ye Bilim K\u00fclt\u00fcr ve Y\u00f6netim Platform kontenjan\u0131ndan giren 8 \u00fcyenin d\u0131\u015f\u0131ndaki 52 \u00fcye ile YDK&#8217;n\u0131n 15 \u00fcyesi belirlendi.<\/p>\n<p>\u0130lan edilen s\u0131ralamaya g\u00f6re, Genel Ba\u015fkan Kemal K\u0131l\u0131\u00e7daro\u011flu&#8217;nun anahtar listesinde bulunmayan \u0130lhan Cihaner 702, Fikri Sa\u011flar ise 699 oy alarak Parti Meclisi&#8217;ne girmeyi ba\u015fard\u0131.\u00a0Listede en \u00e7ok oyu 902 ile Haluk Ko\u00e7, 878 ile \u015eafak Pavey, 876 ile Adnan Keskin ald\u0131.<\/p>\n<p>PM \u00fcyelikleri i\u00e7in en y\u00fcksek oyu alan isimler \u015f\u00f6yle s\u0131raland\u0131:<\/p>\n<p>&#8221;Haluk Ko\u00e7 (902), \u015eafak Pavey (878), Adnan Keskin (876), Umut Oran (871), Murat Karayal\u00e7\u0131n (850), Faik \u00d6ztrak (838), Ay\u015fe G\u00fcls\u00fcn Bilgehan (821), G\u00f6khan G\u00fcnayd\u0131n (803), Engin Altay (787), \u0130hsan \u00d6zkes (787), Veli A\u011fbaba (786), Levent G\u00f6k (774), Bihlun Tamayl\u0131gil (772), Perihan Sar\u0131 (754), Candan Y\u00fcceer (748), Osman Faruk Lo\u011fo\u011flu (741), Mehmet Volkan Canalio\u011flu (729), Durdu \u00d6zbolat (728), Hur\u015fit G\u00fcne\u015f (714), Nihad Matkap (714), Sena Kaleli (707), \u0130lhan Cihaner (702), Fikri Sa\u011flar (699), Faruk Demir (696), Z\u00fchal Saml\u0131 (696), Mehmet Emrehan Hal\u0131c\u0131 (686), Sezgin Tanr\u0131kulu (682), Alaattin Y\u00fcksel (678), G\u00fcrsel Tekin (677), Saniye Nazik I\u015f\u0131k (666), Ercan Karaka\u015f (644), G\u00fclseren Onan\u00e7 (644), Onursal Ad\u0131g\u00fczel (643), Halit Toraman (639), B\u00fclent Tezcan (633), Ay\u015fe \u0130nci Be\u015fp\u0131nar (627), Aytun \u00c7\u0131ray (623), H\u00fcseyin Ya\u015far (623), B\u00fclent Ku\u015fo\u011flu (622), Yakup Akkaya (619), Tekin Bing\u00f6l (615), G\u00f6k\u00e7e Pi\u015fkin (613), H\u00fcseyin Sayg\u0131l\u0131 (603), \u00c7etin Soysal (602), Erdo\u011fan Toprak (601), Emel Y\u0131ld\u0131r\u0131m (599), Ekrem Kerem Oktay (595), Meryem G\u00fcl \u00c7ift\u00e7i (582), Lamia Y\u0131ld\u0131z Tokman (580), Kutsiye Benan Baykal (578), Berrin G\u00fcr\u00e7ay Dilek\u00e7i (577), \u0130brahim Yener (574).&#8221;<\/p>\n<p>-YDK \u00fcyelikleri-<\/p>\n<p>Oylama sonucunda Y\u00fcksek Disiplin Kurulu (YDK) \u00fcyeliklerinde ise en y\u00fcksek oyu alan 15 isim \u015f\u00f6yle :<br \/>\n&#8221;\u0130hsan Kalkavan, \u015eenal Sar\u0131han, T\u00fclay Ate\u015f, Atila Emek, S\u00fcleyha Sumru Karaer, Mustafa Moro\u011flu, Saniye Barut, Sezgin Kaya, Soner Karaku\u015f, Refik Ery\u0131lmaz, Z\u00fchal Sirkecio\u011flu D\u00f6nmez, Selahettin Balta, Turan Aydo\u011fan, M\u00fcmin Akg\u00fcn ve Mustafa \u00dclker Caner.&#8221;<\/p>\n<p>-8 ki\u015fi de BKYP kontenjan\u0131ndan PM&#8217;ye girdi-<\/p>\n<p>PM&#8217;nin 8 \u00fcyesi ise Genel Ba\u015fkan Kemal K\u0131l\u0131\u00e7daro\u011flu&#8217;nun \u00f6nerdi\u011fi 8 ki\u015filik Bilim K\u00fclt\u00fcr ve Y\u00f6netim Platformu kontenjan\u0131ndan giren Metin Feyzio\u011flu (941), O\u011fuz Oyan (914), H\u00fclya G\u00fcven (874), Sencer Ayata (864), Gaye Usluer (813), Burhan \u015eenatalar (752), Birg\u00fcl Ayman G\u00fcler (750), Seyhan Erdo\u011fdu (734) oldu.<\/p>\n<p>-10 MYK \u00fcyesi PM&#8217;de-<\/p>\n<p>Parti Meclisi&#8217;ne Atila Emek, Mehmet Zeki G\u00fcnd\u00fcz ve Ayten Kayal\u0131o\u011flu d\u0131\u015f\u0131ndaki MYK \u00fcyeleri Nihad Matkap, Erdo\u011fan Toprak, G\u00f6khan G\u00fcnayd\u0131n, Yakup Akkaya, Sezgin Tanr\u0131kulu, Osman Faruk Lo\u011fo\u011flu, Birg\u00fcn Ayman G\u00fcler, Faik \u00d6ztrak, Sencer Ayata, Perihan Sar\u0131, Emrehan Hal\u0131c\u0131, Bihlun Tamayl\u0131gil yeniden girdi.<\/p>\n<p>MYK \u00fcyesi Atila Emek ise Y\u00fcksek Disiplin Kurulu&#8217;na se\u00e7ildi.<\/p>\n<p>PM&#8217;ye yeniden girmeyi ba\u015faran isimler \u015f\u00f6yle:<\/p>\n<p>&#8221;Engin Altay, Ay\u015fe G\u00fcls\u00fcn Bilgehan, Volkan Canalio\u011flu, Hur\u015fit G\u00fcne\u015f, H\u00fclya G\u00fcven, Sena Kaleli, Ercan Karaka\u015f, B\u00fclent Ku\u015fo\u011flu, Ekrem Kerem Oktay, G\u00fclseren Onan\u00e7, Umut Oran, O\u011fuz Oyan, \u0130hsan \u00d6zkes, Z\u00fchal Saml\u0131, G\u00fcrsel Tekin, H\u00fcseyin Ya\u015far, Alaattin Y\u00fcksel.&#8221;<\/p>\n<p>PM&#8217;de yer alan milletvekilleri ise Levent G\u00f6k, G\u00f6khan G\u00fcnayd\u0131n, Hur\u015fit G\u00fcne\u015f, Emrehan Hal\u0131c\u0131, Sena Kaleli, Adnan Keskin, Haluk Ko\u00e7, B\u00fclent Ku\u015fo\u011flu, Osman Faruk Lo\u011fo\u011flu, Umut Oran, Durdu \u00d6zbolat, \u0130hsan \u00d6zkes, Faik \u00d6ztrak, \u015eafak Pavey, Bihlun Tamayl\u0131gil, Sezgin Tanr\u0131kulu, G\u00fcrsel Tekin, B\u00fclent Tezcan, Erdo\u011fan Toprak, Candan Y\u00fcceer, Alaattin Y\u00fcksel, Veli A\u011fbaba, Engin Altay, Ay\u015fe G\u00fcls\u00fcn Bilgehan, Mehmet Volkan Canalio\u011flu, Aytun \u00c7\u0131ray, O\u011fuz Oyan, H\u00fclya G\u00fcven, Sencer Ayata, Birg\u00fcl Ayman G\u00fcler, \u0130lhan Cihaner.<\/p>\n<p>Sonu\u00e7lar\u0131n a\u00e7\u0131klanmas\u0131n\u0131n ard\u0131ndan partililer ve kazanan baz\u0131 adaylar sevin\u00e7 g\u00f6sterilerinde bulundu. Salonda sonu\u00e7lar\u0131 bekleyen Nihad Matkap, Adnan Keskin&#8217;i tebrik etti.\u00a0Se\u00e7imlerin tamamlanmas\u0131n\u0131n ard\u0131ndan 34. Ola\u011fan Kurultay \u00e7al\u0131\u015fmalar\u0131n\u0131 tamamlad\u0131.<\/p>\n<!-- Error, Advert is not available at this time due to schedule\/geolocation restrictions! -->\n","protected":false},"excerpt":{"rendered":"<p>CHP&#8217;nin 34. Ola\u011fan Kurultay\u0131&#8217;nda yetkili organlara \u00fcyelik se\u00e7im sonu\u00e7lar\u0131 2 s\u00fcrpriz getirdi. \/ CHP PM listesi belli oldu \/ \u0130lhan Cihaner ve Fikri Sa\u011flar s\u00fcrprizi!<\/p>\n","protected":false},"author":4,"featured_media":182990,"comment_status":"open","ping_status":"open","sticky":false,"template":"","format":"standard","meta":{"_acf_changed":false,"footnotes":""},"categories":[6155,5005,6202,349,6805],"tags":[29314,8723,25543,25731,25617,27760,94113,28724,26683,106559,5070,17421,1709,16196,5115],"class_list":["post-114469","post","type-post","status-publish","format-standard","has-post-thumbnail","hentry","category-gundem","category-manset","category-politika","category-son-dakika","category-turkiye","tag-altan-oymen","tag-chp","tag-chp-kongre","tag-chp-kurultay","tag-chp-kurultayi","tag-chp-myk-listesi","tag-chp-olaganustu-kongre","tag-chp-parti-meclisi","tag-chp-parti-meclisi-listesi","tag-chp-pm-listesi","tag-cumhuriyet-halk-partisi","tag-fikri-saglar","tag-gursel-tekin","tag-ilhan-cihaner","tag-kemal-kilicdaroglu"],"acf":[],"_links":{"self":[{"href":"https:\/\/www.nationalturk.com\/tr\/wp-json\/wp\/v2\/posts\/114469","targetHints":{"allow":["GET"]}}],"collection":[{"href":"https:\/\/www.nationalturk.com\/tr\/wp-json\/wp\/v2\/posts"}],"about":[{"href":"https:\/\/www.nationalturk.com\/tr\/wp-json\/wp\/v2\/types\/post"}],"author":[{"embeddable":true,"href":"https:\/\/www.nationalturk.com\/tr\/wp-json\/wp\/v2\/users\/4"}],"replies":[{"embeddable":true,"href":"https:\/\/www.nationalturk.com\/tr\/wp-json\/wp\/v2\/comments?post=114469"}],"version-history":[{"count":0,"href":"https:\/\/www.nationalturk.com\/tr\/wp-json\/wp\/v2\/posts\/114469\/revisions"}],"wp:featuredmedia":[{"embeddable":true,"href":"https:\/\/www.nationalturk.com\/tr\/wp-json\/wp\/v2\/media\/182990"}],"wp:attachment":[{"href":"https:\/\/www.nationalturk.com\/tr\/wp-json\/wp\/v2\/media?parent=114469"}],"wp:term":[{"taxonomy":"category","embeddable":true,"href":"https:\/\/www.nationalturk.com\/tr\/wp-json\/wp\/v2\/categories?post=114469"},{"taxonomy":"post_tag","embeddable":true,"href":"https:\/\/www.nationalturk.com\/tr\/wp-json\/wp\/v2\/tags?post=114469"}],"curies":[{"name":"wp","href":"https:\/\/api.w.org\/{rel}","templated":true}]}}