{"id":115466,"date":"2012-08-01T11:24:48","date_gmt":"2012-08-01T08:24:48","guid":{"rendered":"http:\/\/www.nationalturk.com\/?p=115466"},"modified":"2019-03-28T12:41:17","modified_gmt":"2019-03-28T09:41:17","slug":"turk-futbolcusunun-dostu-alex-de-souza-115466","status":"publish","type":"post","link":"https:\/\/www.nationalturk.com\/tr\/turk-futbolcusunun-dostu-alex-de-souza-115466\/","title":{"rendered":"T\u00fcrk Futbolcusunun Dostu Alex de Souza"},"content":{"rendered":"<h1><img loading=\"lazy\" decoding=\"async\" class=\"alignleft size-full wp-image-115467\" title=\"Ersin Afacan\" src=\"http:\/\/www.nationalturk.com\/tr\/wp-content\/uploads\/2012\/08\/ersin-afacan.jpg\" alt=\"\" width=\"88\" height=\"115\">NationalTurk yorumcusu ve sportif alanda zihinsel performans antren\u00f6rl\u00fc\u011f\u00fc yapan bir sosyal bilim uzman\u0131 Ersin Afacan&#8217;\u0131n &#8216;T\u00fcrk Futbolcusunun Dostu Alex de Souza&#8217; ba\u015fl\u0131kl\u0131 yaz\u0131s\u0131;<\/h1>\n<p>Ge\u00e7ti\u011fimiz g\u00fcnlerde d\u00fczenlenen bir bas\u0131n toplant\u0131s\u0131nda Alex, \u00e7ok \u00e7arp\u0131c\u0131 ifadelerde bulundu. Fenerbah\u00e7e\u2019de, gen\u00e7 oyuncular\u0131n kendisini g\u00f6stermesine imkan tan\u0131mayan bir felsefe oldu\u011funu ileri s\u00fcren Alex, \u201dBen buna \u00fcz\u00fcl\u00fcyorum\u201d dedi. Sambac\u0131, \u201dBir tek Semih\u2019i hat\u0131rl\u0131yorum izin verilen. \u015eu anda Recep Niyaz ve Salih U\u00e7an aram\u0131za kat\u0131lan gen\u00e7 oyuncular. Bu oyuncular\u0131n kendilerini g\u00f6stermesine izin verilmelidir. F\u0131rsat verilirse bu gen\u00e7 oyuncular\u0131n tak\u0131ma \u00e7ok yararl\u0131 olacaklar\u0131na inan\u0131yorum. Bu \u00e7ocuklara f\u0131rsat verilmezse kendilerini g\u00f6steremezler\u201d diye konu\u015ftu.<\/p>\n<p><img loading=\"lazy\" decoding=\"async\" class=\"alignleft size-medium wp-image-115468\" title=\"Alex bas\u0131n toplant\u0131s\u0131\" src=\"http:\/\/www.nationalturk.com\/tr\/wp-content\/uploads\/2012\/08\/alex_de_souza_basintoplantisi-e1343809366563-280x201.jpg\" alt=\"\" width=\"280\" height=\"201\" srcset=\"https:\/\/www.nationalturk.com\/tr\/wp-content\/uploads\/2012\/08\/alex_de_souza_basintoplantisi-e1343809366563-280x201.jpg 280w, https:\/\/www.nationalturk.com\/tr\/wp-content\/uploads\/2012\/08\/alex_de_souza_basintoplantisi-e1343809366563-556x400.jpg 556w, https:\/\/www.nationalturk.com\/tr\/wp-content\/uploads\/2012\/08\/alex_de_souza_basintoplantisi-e1343809366563.jpg 646w\" sizes=\"auto, (max-width: 280px) 100vw, 280px\" \/>Alex, bir \u00f6nceki makalemi destekleyen bir bas\u0131n a\u00e7\u0131klamas\u0131 yapt\u0131 ve dedi ki \u201cFenerbah\u00e7e, felsefesini de\u011fi\u015ftirmelidir.\u201d Peki FB\u2019de bu felsefeyi olu\u015fturan kim? Ba\u015fkan ve y\u00f6netim kurulu ile teknik kadro. Peki bu ki\u015filer Alex\u2019in iste\u011fini yaparlar m\u0131? Tabii ki de hay\u0131r. Neden? \u00c7\u00fcnk\u00fc FB\u2019de \u00f6zellikle son 10 y\u0131lda yabanc\u0131 hayranl\u0131\u011f\u0131na ba\u011fl\u0131 olarak yabanc\u0131 futbolcu say\u0131s\u0131 artm\u0131\u015f ve yabanc\u0131 say\u0131s\u0131n\u0131 artt\u0131rmas\u0131na y\u00f6nelik federasyona bask\u0131lar yap\u0131lm\u0131\u015ft\u0131r.<\/p>\n<p>Sadece futbolda m\u0131? Hay\u0131r di\u011fer bran\u015flarda da bu bask\u0131 olmu\u015ftur. Mesela Mehmet Ali Ayd\u0131nlar, FB\u2019de voleyboldan sorumlu iken Voleybol Federasyonu Ba\u015fkan\u0131 Erol \u00dcnal Karab\u0131y\u0131k\u2019a yabanc\u0131 oyuncu say\u0131s\u0131n\u0131n artt\u0131r\u0131lmas\u0131 konusunda bask\u0131lar yapm\u0131\u015f hatta kul\u00fcplerden imza bile toplam\u0131\u015ft\u0131. Fakat Erol \u00dcnal Karab\u0131y\u0131k, yabanc\u0131 oyuncu say\u0131s\u0131n\u0131n artt\u0131r\u0131lmas\u0131na kar\u015f\u0131 \u00e7\u0131km\u0131\u015ft\u0131 ki bu \u015fekilde hem T\u00fcrk voleybolu geli\u015fti hem de bayan voleybol milli tak\u0131m\u0131 olimpiyatlara kat\u0131ld\u0131. Ayr\u0131ca TFF\u2019nin gelecek sezondan itibaren yabanc\u0131 say\u0131s\u0131n\u0131n d\u00fc\u015f\u00fcr\u00fclece\u011fini a\u00e7\u0131klamas\u0131na ilk kar\u015f\u0131 \u00e7\u0131kanlardan biri de Aykut Kocaman olmu\u015ftu.<\/p>\n<p>FB\u2019deki felsefeyi yani zihniyeti olu\u015fturan bu y\u00f6netici ve teknik kadro, \u00fclke futbolunun 1990\u2019lar\u0131n ba\u015f\u0131nda ba\u015flayan ve 2002\u2019de zirve yapan ba\u015far\u0131s\u0131nda o d\u00f6nemde oynayan yabanc\u0131 say\u0131s\u0131n\u0131n az olmas\u0131n\u0131n da bir etken oldu\u011funu hat\u0131rlamal\u0131. B\u00f6ylelikle yerli futbolcular, o d\u00f6nemde daha \u00e7ok \u015fans bulmu\u015flard\u0131. \u015eimdi ise 1.Lig\u2019de bile 3 yabanc\u0131 oyuncu var ve ya\u015f s\u0131n\u0131r\u0131 kald\u0131r\u0131ld\u0131.<\/p>\n<p>Dolay\u0131s\u0131yla Alex kadar FB\u2019li y\u00f6neticiler ile teknik kadro ve bizler T\u00fcrk futbolcusunu d\u00fc\u015f\u00fcnseydik ve sevip sahip \u00e7\u0131ksayd\u0131k \u00fclke futbolumuz bug\u00fcnk\u00fc d\u00fc\u015f\u00fck seviyesine ula\u015fmazd\u0131. O halde biz de Alex gibi ger\u00e7ekleri g\u00f6r\u00fcp bu ger\u00e7ekleri cesurca s\u00f6ylemeliyiz.<\/p>\n<p><strong>Ersin Afacan \/ NationalTurk<\/strong><\/p>\n<!-- Error, Advert is not available at this time due to schedule\/geolocation restrictions! -->\n","protected":false},"excerpt":{"rendered":"<p>NationalTurk yorumcusu ve sportif alanda zihinsel performans antren\u00f6rl\u00fc\u011f\u00fc yapan bir sosyal bilim uzman\u0131 Ersin Afacan&#8217;\u0131n &#8216;T\u00fcrk Futbolcusunun Dostu Alex de Souza&#8217; ba\u015fl\u0131kl\u0131 yaz\u0131s\u0131;<\/p>\n","protected":false},"author":9192205,"featured_media":115467,"comment_status":"open","ping_status":"open","sticky":false,"template":"","format":"standard","meta":{"_acf_changed":false,"footnotes":""},"categories":[6774,26554,5005,6194],"tags":[9704,107767,107766,8307,2255,1612,196010,32738,849,14279],"class_list":["post-115466","post","type-post","status-publish","format-standard","has-post-thumbnail","hentry","category-futbol","category-haftanin-yorumu","category-manset","category-spor","tag-alex","tag-alex-aykut-kocaman","tag-alex-basin-toplantisi","tag-alex-de-souza","tag-aykut-kocaman","tag-erol-unal-karabiyik","tag-ersin-afacan","tag-ersin-afacan-yazilari","tag-fenerbahce","tag-mehmet-ali-aydinlar"],"acf":[],"_links":{"self":[{"href":"https:\/\/www.nationalturk.com\/tr\/wp-json\/wp\/v2\/posts\/115466","targetHints":{"allow":["GET"]}}],"collection":[{"href":"https:\/\/www.nationalturk.com\/tr\/wp-json\/wp\/v2\/posts"}],"about":[{"href":"https:\/\/www.nationalturk.com\/tr\/wp-json\/wp\/v2\/types\/post"}],"author":[{"embeddable":true,"href":"https:\/\/www.nationalturk.com\/tr\/wp-json\/wp\/v2\/users\/9192205"}],"replies":[{"embeddable":true,"href":"https:\/\/www.nationalturk.com\/tr\/wp-json\/wp\/v2\/comments?post=115466"}],"version-history":[{"count":0,"href":"https:\/\/www.nationalturk.com\/tr\/wp-json\/wp\/v2\/posts\/115466\/revisions"}],"wp:featuredmedia":[{"embeddable":true,"href":"https:\/\/www.nationalturk.com\/tr\/wp-json\/wp\/v2\/media\/115467"}],"wp:attachment":[{"href":"https:\/\/www.nationalturk.com\/tr\/wp-json\/wp\/v2\/media?parent=115466"}],"wp:term":[{"taxonomy":"category","embeddable":true,"href":"https:\/\/www.nationalturk.com\/tr\/wp-json\/wp\/v2\/categories?post=115466"},{"taxonomy":"post_tag","embeddable":true,"href":"https:\/\/www.nationalturk.com\/tr\/wp-json\/wp\/v2\/tags?post=115466"}],"curies":[{"name":"wp","href":"https:\/\/api.w.org\/{rel}","templated":true}]}}