{"id":116237,"date":"2012-08-11T14:11:41","date_gmt":"2012-08-11T11:11:41","guid":{"rendered":"http:\/\/www.nationalturk.com\/?p=116237"},"modified":"2012-08-11T14:11:41","modified_gmt":"2012-08-11T11:11:41","slug":"semdinlide-operasyonlar-tamamlandi-116237","status":"publish","type":"post","link":"https:\/\/www.nationalturk.com\/tr\/semdinlide-operasyonlar-tamamlandi-116237\/","title":{"rendered":"\u015eemdinli&#8217;de operasyonlar tamamland\u0131"},"content":{"rendered":"<h1><img loading=\"lazy\" decoding=\"async\" class=\"alignleft size-medium wp-image-116239\" title=\"\u015eemdinli&#039;de PKK&#039;ya kar\u015f\u0131 y\u00fcr\u00fct\u00fclen operasyon sona erdi\" src=\"http:\/\/www.nationalturk.com\/tr\/wp-content\/uploads\/2012\/08\/semdilli-de-operasyon-sona-erdi-280x140.jpg\" alt=\"\" width=\"280\" height=\"140\" srcset=\"https:\/\/www.nationalturk.com\/tr\/wp-content\/uploads\/2012\/08\/semdilli-de-operasyon-sona-erdi-280x140.jpg 280w, https:\/\/www.nationalturk.com\/tr\/wp-content\/uploads\/2012\/08\/semdilli-de-operasyon-sona-erdi-610x305.jpg 610w, https:\/\/www.nationalturk.com\/tr\/wp-content\/uploads\/2012\/08\/semdilli-de-operasyon-sona-erdi.jpg 620w\" sizes=\"auto, (max-width: 280px) 100vw, 280px\" \/>Hakkari Valili\u011fi, \u015eemdinli k\u0131rsal\u0131nda hava destekli olarak 23 temmuz 2012 g\u00fcn\u00fc ba\u015flat\u0131lan operasyonlar\u0131n bug\u00fcn sabah itibariyle tamamland\u0131\u011f\u0131, \u00e7ok say\u0131da PKK ter\u00f6r \u00f6rg\u00fct\u00fc mensubununda etkisiz hale getirildi\u011fini a\u00e7\u0131klad\u0131.<\/h1>\n<p>Hakkari Valili\u011fi&#8217;nde yap\u0131lan yaz\u0131l\u0131 a\u00e7\u0131lamada: &#8220;B\u00f6lgedeki huzur ve g\u00fcven ortam\u0131n\u0131 bozmak amac\u0131yla, PKK ter\u00f6r \u00f6rg\u00fct\u00fcnce \u015eemdinli k\u0131rsal\u0131nda ger\u00e7ekle\u015ftirilen eylemler \u00fczerine, g\u00fcvenlik g\u00fc\u00e7lerimizce hava destekli olarak 23 temmuz 2012 g\u00fcn\u00fc ba\u015flat\u0131lan operasyonlar, 11 a\u011fustos 2012 Cumartesi sabah\u0131 itibariyle tamamlanm\u0131\u015ft\u0131r. Titizlik ve kararl\u0131l\u0131kla s\u00fcrd\u00fcr\u00fclen operasyonlar sonucunda, PKK ter\u00f6r \u00f6rg\u00fct\u00fc, hain ama\u00e7lar\u0131na ula\u015famam\u0131\u015f ve \u00e7ok say\u0131da PKK ter\u00f6r \u00f6rg\u00fct\u00fc mensubu etkisiz hale getirilmi\u015ftir.&#8221;<\/p>\n<p>M\u00fclki adli ve askeri makamlar e\u015fli\u011finde operasyonun son g\u00fcn\u00fcnde b\u00f6lgede ziyaret ve inceleme yap\u0131lm\u0131\u015f, vatanda\u015flar\u0131m\u0131z\u0131n k\u00f6ylerinde, yerlerinde normal hayatlar\u0131n\u0131 s\u00fcrd\u00fcrd\u00fckleri m\u00fc\u015fahede edilmi\u015ftir. k\u00f6yl\u00fclerimizin do\u011fan baz\u0131 zaruri ihtiya\u00e7lar\u0131 da \u0130l\u00e7e Kaymakaml\u0131\u011f\u0131&#8217;nca kar\u015f\u0131lanm\u0131\u015ft\u0131r.&#8221;<\/p>\n<h2>&#8220;Halk\u0131n sabr\u0131 ve tutumu sayesinde g\u00fc\u00e7l\u00fckler kolayla\u015ft\u0131r\u0131lm\u0131\u015ft\u0131r&#8221;<\/h2>\n<p>&#8220;Resmi makamlar\u0131n ve g\u00fcvenlik kuvvetlerimizin temkinli, itidalli ve basiretli faaliyetleri, \u015eemdinli il\u00e7e halk\u0131m\u0131z\u0131n sa\u011fduyulu ve sab\u0131rl\u0131 tutumu sayesinde g\u00fc\u00e7l\u00fckler kolayla\u015fm\u0131\u015ft\u0131r. G\u00fcvenlik g\u00fc\u00e7lerimiz ve kamu g\u00f6revlileri bundan sonra da ilimizde huzur ve g\u00fcven ortam\u0131n\u0131 sa\u011flay\u0131p s\u00fcrd\u00fcrme hususunda dirayetli, fedakar, azimli ve cesaretli tutumlar\u0131n\u0131 s\u00fcrd\u00fcreceklerdir. Hakkarililer&#8217;in en \u00f6ncelikli talebi; huzur, s\u00fck\u00fbn ve emniyet i\u00e7inde ya\u015famak ve bu saye de kamu hizmetlerinin daha verimli ger\u00e7ekle\u015fmesi ve herkesin kendi i\u015fine g\u00fcc\u00fcne huzur i\u00e7inde devam edebilmesidir.&#8221;<\/p>\n<!-- Error, Advert is not available at this time due to schedule\/geolocation restrictions! -->\n","protected":false},"excerpt":{"rendered":"<p>Hakkari Valili\u011fi, \u015eemdinli k\u0131rsal\u0131nda hava destekli olarak 23 temmuz 2012 g\u00fcn\u00fc ba\u015flat\u0131lan operasyonlar\u0131n bug\u00fcn sabah itibariyle tamamland\u0131.<\/p>\n","protected":false},"author":651,"featured_media":116239,"comment_status":"open","ping_status":"open","sticky":false,"template":"","format":"standard","meta":{"_acf_changed":false,"footnotes":""},"categories":[6155,5005,349,6805],"tags":[30382,39495,5592,83496,78562,11024,107717],"class_list":["post-116237","post","type-post","status-publish","format-standard","has-post-thumbnail","hentry","category-gundem","category-manset","category-son-dakika","category-turkiye","tag-hakkari-ili-semdinli-ilcesi","tag-hakkari-valiligi","tag-pkk","tag-pkk-teror","tag-pkk-teror-orgutu","tag-semdinli","tag-semdinli-operasyon"],"acf":[],"_links":{"self":[{"href":"https:\/\/www.nationalturk.com\/tr\/wp-json\/wp\/v2\/posts\/116237","targetHints":{"allow":["GET"]}}],"collection":[{"href":"https:\/\/www.nationalturk.com\/tr\/wp-json\/wp\/v2\/posts"}],"about":[{"href":"https:\/\/www.nationalturk.com\/tr\/wp-json\/wp\/v2\/types\/post"}],"author":[{"embeddable":true,"href":"https:\/\/www.nationalturk.com\/tr\/wp-json\/wp\/v2\/users\/651"}],"replies":[{"embeddable":true,"href":"https:\/\/www.nationalturk.com\/tr\/wp-json\/wp\/v2\/comments?post=116237"}],"version-history":[{"count":0,"href":"https:\/\/www.nationalturk.com\/tr\/wp-json\/wp\/v2\/posts\/116237\/revisions"}],"wp:featuredmedia":[{"embeddable":true,"href":"https:\/\/www.nationalturk.com\/tr\/wp-json\/wp\/v2\/media\/116239"}],"wp:attachment":[{"href":"https:\/\/www.nationalturk.com\/tr\/wp-json\/wp\/v2\/media?parent=116237"}],"wp:term":[{"taxonomy":"category","embeddable":true,"href":"https:\/\/www.nationalturk.com\/tr\/wp-json\/wp\/v2\/categories?post=116237"},{"taxonomy":"post_tag","embeddable":true,"href":"https:\/\/www.nationalturk.com\/tr\/wp-json\/wp\/v2\/tags?post=116237"}],"curies":[{"name":"wp","href":"https:\/\/api.w.org\/{rel}","templated":true}]}}