{"id":116245,"date":"2012-08-11T14:47:29","date_gmt":"2012-08-11T11:47:29","guid":{"rendered":"http:\/\/www.nationalturk.com\/?p=116245"},"modified":"2022-09-11T13:12:25","modified_gmt":"2022-09-11T10:12:25","slug":"afganistanda-3-nato-askeri-olduruldu-116245","status":"publish","type":"post","link":"https:\/\/www.nationalturk.com\/tr\/afganistanda-3-nato-askeri-olduruldu-116245\/","title":{"rendered":"Afganistan&#8217;da 3 NATO askeri \u00f6ld\u00fcr\u00fcld\u00fc"},"content":{"rendered":"<h1><a href=\"http:\/\/www.nationalturk.com\/tr\/wp-content\/uploads\/2012\/08\/afganistan-nato-askerleri.jpg\"><img loading=\"lazy\" decoding=\"async\" class=\"alignleft size-medium wp-image-116246\" title=\"Afganistan&#039;da 3 NATO askeri \u00f6ld\u00fcr\u00fcld\u00fc\" src=\"http:\/\/www.nationalturk.com\/tr\/wp-content\/uploads\/2012\/08\/afganistan-nato-askerleri-280x170.jpg\" alt=\"\" width=\"280\" height=\"170\" srcset=\"https:\/\/www.nationalturk.com\/tr\/wp-content\/uploads\/2012\/08\/afganistan-nato-askerleri-280x170.jpg 280w, https:\/\/www.nationalturk.com\/tr\/wp-content\/uploads\/2012\/08\/afganistan-nato-askerleri.jpg 530w\" sizes=\"auto, (max-width: 280px) 100vw, 280px\" \/><\/a>Afganistan&#8217;\u0131n g\u00fcneyinde yer alan Hilmend vilayetindeki askeri \u00fcste \u00e7al\u0131\u015fan bir Afgan&#8217;\u0131n 3 NATO askerini \u00f6ld\u00fcrd\u00fc\u011f\u00fc bildirildi.<\/h1>\n<p>Uluslararas\u0131 G\u00fcvenlik Destek G\u00fcc\u00fc (ISAF), ayn\u0131 vilayette bir Afgan polisinin 3 ABD askerini \u00f6ld\u00fcrmesinden birka\u00e7 saat sonra Garmser b\u00f6lgesinde d\u00fczenlenen sald\u0131r\u0131da bir askerin de yaraland\u0131\u011f\u0131n\u0131 a\u00e7\u0131klad\u0131.<\/p>\n<p>ISAF, \u00f6len ve yaralanan NATO askerlerinin milliyetleri ile ilgili bilgi vermedi.<\/p>\n<p>Taliban s\u00f6zc\u00fcs\u00fc Yusuf Ahmadi ise her iki sald\u0131r\u0131y\u0131 da \u00f6rg\u00fct\u00fcn d\u00fczenledi\u011fini ileri s\u00fcrd\u00fc.<\/p>\n<p>Y\u0131l ba\u015f\u0131ndan bu yana ordu ya da polis \u00fcniformas\u0131 giyen Afganlar\u0131n d\u00fczenledi\u011fi 26 sald\u0131r\u0131da 34 NATO askeri ya\u015fam\u0131n\u0131 yitirdi.<\/p>\n<!-- Error, Advert is not available at this time due to schedule\/geolocation restrictions! -->\n","protected":false},"excerpt":{"rendered":"<p>Afganistan&#8217;\u0131n g\u00fcneyinde yer alan Hilmend vilayetindeki askeri \u00fcste \u00e7al\u0131\u015fan bir Afgan&#8217;\u0131n 3 NATO askerini \u00f6ld\u00fcrd\u00fc\u011f\u00fc bildirildi.<\/p>\n","protected":false},"author":3,"featured_media":182673,"comment_status":"open","ping_status":"open","sticky":false,"template":"","format":"standard","meta":{"_acf_changed":false,"footnotes":""},"categories":[6768,6769,6770,6665,6155,5005,6772],"tags":[6628,33551,100056,87044,21305],"class_list":["post-116245","post","type-post","status-publish","format-standard","has-post-thumbnail","hentry","category-amerika","category-asya","category-avrupa","category-dunya","category-gundem","category-manset","category-ortadogu","tag-afganistan","tag-afganistan-nato","tag-afganistan-nato-askerleri","tag-nato-askeri","tag-taliban"],"acf":[],"_links":{"self":[{"href":"https:\/\/www.nationalturk.com\/tr\/wp-json\/wp\/v2\/posts\/116245","targetHints":{"allow":["GET"]}}],"collection":[{"href":"https:\/\/www.nationalturk.com\/tr\/wp-json\/wp\/v2\/posts"}],"about":[{"href":"https:\/\/www.nationalturk.com\/tr\/wp-json\/wp\/v2\/types\/post"}],"author":[{"embeddable":true,"href":"https:\/\/www.nationalturk.com\/tr\/wp-json\/wp\/v2\/users\/3"}],"replies":[{"embeddable":true,"href":"https:\/\/www.nationalturk.com\/tr\/wp-json\/wp\/v2\/comments?post=116245"}],"version-history":[{"count":0,"href":"https:\/\/www.nationalturk.com\/tr\/wp-json\/wp\/v2\/posts\/116245\/revisions"}],"wp:featuredmedia":[{"embeddable":true,"href":"https:\/\/www.nationalturk.com\/tr\/wp-json\/wp\/v2\/media\/182673"}],"wp:attachment":[{"href":"https:\/\/www.nationalturk.com\/tr\/wp-json\/wp\/v2\/media?parent=116245"}],"wp:term":[{"taxonomy":"category","embeddable":true,"href":"https:\/\/www.nationalturk.com\/tr\/wp-json\/wp\/v2\/categories?post=116245"},{"taxonomy":"post_tag","embeddable":true,"href":"https:\/\/www.nationalturk.com\/tr\/wp-json\/wp\/v2\/tags?post=116245"}],"curies":[{"name":"wp","href":"https:\/\/api.w.org\/{rel}","templated":true}]}}