{"id":116279,"date":"2012-08-13T09:28:31","date_gmt":"2012-08-13T06:28:31","guid":{"rendered":"http:\/\/www.nationalturk.com\/?p=116279"},"modified":"2012-08-13T09:28:31","modified_gmt":"2012-08-13T06:28:31","slug":"chpli-huseyin-aygunun-kacirilmasi-icisleri-bakanindan-aciklama-116279","status":"publish","type":"post","link":"https:\/\/www.nationalturk.com\/tr\/chpli-huseyin-aygunun-kacirilmasi-icisleri-bakanindan-aciklama-116279\/","title":{"rendered":"CHP&#8217;li H\u00fcseyin Ayg\u00fcn&#8217;\u00fcn ka\u00e7\u0131r\u0131lmas\u0131 \/ \u0130\u00e7i\u015fleri Bakan\u0131ndan a\u00e7\u0131klama"},"content":{"rendered":"<h1><img loading=\"lazy\" decoding=\"async\" class=\"alignleft size-medium wp-image-116280\" title=\"\u0130dris Naim \u015eahin\" src=\"http:\/\/www.nationalturk.com\/tr\/wp-content\/uploads\/2012\/08\/idris_naim_sahin-280x186.jpg\" alt=\"\" width=\"280\" height=\"186\" srcset=\"https:\/\/www.nationalturk.com\/tr\/wp-content\/uploads\/2012\/08\/idris_naim_sahin-280x186.jpg 280w, https:\/\/www.nationalturk.com\/tr\/wp-content\/uploads\/2012\/08\/idris_naim_sahin.jpg 500w\" sizes=\"auto, (max-width: 280px) 100vw, 280px\" \/>\u0130\u00e7i\u015fleri Bakan\u0131 \u0130dris Naim \u015eahin, CHP Tunceli Milletvekili H\u00fcseyin Ayg\u00fcn&#8217;\u00fcn ka\u00e7\u0131r\u0131lmas\u0131yla ilgili olarak a\u00e7\u0131klamalarda bulundu.<\/h1>\n<p>Zigana&#8217;da gazetecilerin sorular\u0131n\u0131 yan\u0131tlayan \u0130dris Naim \u015eahin,\u00a0CHP Tunceli Milletvekili Ayg\u00fcn&#8217;\u00fcn ka\u00e7\u0131r\u0131lmas\u0131yla ilgili soru \u00fczerine &#8220;Ovac\u0131k il\u00e7esinden Tunceli&#8217;ye seyir halindeyken saat 18.00 ile 19.00 s\u0131ralar\u0131nda yolun orta noktas\u0131ndaki bir mevkide ter\u00f6r \u00f6rg\u00fctleri mensuplar\u0131 taraf\u0131ndan yollar\u0131 kesilmek suretiyle yan\u0131ndaki ki\u015filer b\u0131rak\u0131larak kendisi al\u0131konulup ka\u00e7\u0131rma eylemine maruz kalm\u0131\u015ft\u0131r. Yakla\u015f\u0131k 1 saat sonra g\u00fcvenlik g\u00fc\u00e7lerimizin olaydan haberi olmu\u015ftur. Haber al\u0131n\u0131r al\u0131nmaz b\u00fct\u00fcn g\u00fcvenlik g\u00fc\u00e7lerimiz, m\u00fclki makamlar\u0131m\u0131z olay\u0131n takibine ba\u015flam\u0131\u015ft\u0131r&#8221; dedi.<\/p>\n<p>G\u00fcvenlik g\u00fc\u00e7lerinin olay\u0131n ard\u0131ndan ba\u015flatt\u0131\u011f\u0131 \u00e7al\u0131\u015fmalar\u0131 s\u00fcrd\u00fcrd\u00fc\u011f\u00fcn\u00fc vurgulayan \u015eahin, &#8221;Gerek istihbarat, gerekse operasyon planlamalar\u0131 a\u00e7\u0131s\u0131ndan konu takibimizdedir. B\u00f6l\u00fcc\u00fc ter\u00f6r \u00f6rg\u00fct\u00fcn\u00fcn k\u00f6t\u00fc niyetli ve hi\u00e7 olmamas\u0131 gereken eylemlerinden bir tanesini daha g\u00f6rm\u00fc\u015f olduk. Ama g\u00fcvenlik g\u00fc\u00e7lerimiz olay\u0131 takip ediyor. Sansasyonel ama\u00e7l\u0131 oldu\u011funu ve bunu hedeflediklerini tahmin ediyoruz. Yani ka\u00e7\u0131r\u0131lan milletvekilimizdir, milletvekili s\u0131fat\u0131n\u0131 \u00f6nemseyerek bu eyleme ba\u015fvurduklar\u0131n\u0131 de\u011ferlendirebiliriz&#8221; diye konu\u015ftu.<\/p>\n<!-- Error, Advert is not available at this time due to schedule\/geolocation restrictions! -->\n","protected":false},"excerpt":{"rendered":"<p>\u0130\u00e7i\u015fleri Bakan\u0131 \u0130dris Naim \u015eahin, CHP Tunceli Milletvekili H\u00fcseyin Ayg\u00fcn&#8217;\u00fcn ka\u00e7\u0131r\u0131lmas\u0131yla ilgili olarak a\u00e7\u0131klamalarda bulundu.<\/p>\n","protected":false},"author":4,"featured_media":182666,"comment_status":"open","ping_status":"open","sticky":false,"template":"","format":"standard","meta":{"_acf_changed":false,"footnotes":""},"categories":[6155,5005,6202,6805],"tags":[8723,108744,85386,108746,85553,108739,108740,108742,108743,74304,101152,5592,108741],"class_list":["post-116279","post","type-post","status-publish","format-standard","has-post-thumbnail","hentry","category-gundem","category-manset","category-politika","category-turkiye","tag-chp","tag-chp-milletvekili-huseyin-aygun","tag-huseyin-aygun","tag-huseyin-aygun-akp","tag-huseyin-aygun-chp","tag-huseyin-aygun-kacirildi","tag-huseyin-aygun-pkk","tag-huseyin-aygun-tunceli","tag-huseyin-aygun-tuncelide-kacirildi","tag-idris-naim-sahin","tag-idris-naim-sahin-aciklama","tag-pkk","tag-pkk-huseyin-aygun"],"acf":[],"_links":{"self":[{"href":"https:\/\/www.nationalturk.com\/tr\/wp-json\/wp\/v2\/posts\/116279","targetHints":{"allow":["GET"]}}],"collection":[{"href":"https:\/\/www.nationalturk.com\/tr\/wp-json\/wp\/v2\/posts"}],"about":[{"href":"https:\/\/www.nationalturk.com\/tr\/wp-json\/wp\/v2\/types\/post"}],"author":[{"embeddable":true,"href":"https:\/\/www.nationalturk.com\/tr\/wp-json\/wp\/v2\/users\/4"}],"replies":[{"embeddable":true,"href":"https:\/\/www.nationalturk.com\/tr\/wp-json\/wp\/v2\/comments?post=116279"}],"version-history":[{"count":0,"href":"https:\/\/www.nationalturk.com\/tr\/wp-json\/wp\/v2\/posts\/116279\/revisions"}],"wp:featuredmedia":[{"embeddable":true,"href":"https:\/\/www.nationalturk.com\/tr\/wp-json\/wp\/v2\/media\/182666"}],"wp:attachment":[{"href":"https:\/\/www.nationalturk.com\/tr\/wp-json\/wp\/v2\/media?parent=116279"}],"wp:term":[{"taxonomy":"category","embeddable":true,"href":"https:\/\/www.nationalturk.com\/tr\/wp-json\/wp\/v2\/categories?post=116279"},{"taxonomy":"post_tag","embeddable":true,"href":"https:\/\/www.nationalturk.com\/tr\/wp-json\/wp\/v2\/tags?post=116279"}],"curies":[{"name":"wp","href":"https:\/\/api.w.org\/{rel}","templated":true}]}}