{"id":116481,"date":"2012-08-14T18:03:21","date_gmt":"2012-08-14T15:03:21","guid":{"rendered":"http:\/\/www.nationalturk.com\/?p=116481"},"modified":"2012-08-14T18:03:21","modified_gmt":"2012-08-14T15:03:21","slug":"kamer-genc-beni-de-kaciracaklar-116481","status":"publish","type":"post","link":"https:\/\/www.nationalturk.com\/tr\/kamer-genc-beni-de-kaciracaklar-116481\/","title":{"rendered":"Kamer Gen\u00e7: Beni de ka\u00e7\u0131racaklar!"},"content":{"rendered":"<h1><img loading=\"lazy\" decoding=\"async\" class=\"alignleft size-medium wp-image-116482\" title=\"Kamer Gen\u00e7\" src=\"http:\/\/www.nationalturk.com\/tr\/wp-content\/uploads\/2012\/08\/kamer_genc__adliyeaciklama-280x185.jpg\" alt=\"\" width=\"280\" height=\"185\" srcset=\"https:\/\/www.nationalturk.com\/tr\/wp-content\/uploads\/2012\/08\/kamer_genc__adliyeaciklama-280x185.jpg 280w, https:\/\/www.nationalturk.com\/tr\/wp-content\/uploads\/2012\/08\/kamer_genc__adliyeaciklama.jpg 500w\" sizes=\"auto, (max-width: 280px) 100vw, 280px\" \/>CHP&#8217;li H\u00fcseyin Ayg\u00fcn&#8217;\u00fcn ka\u00e7\u0131r\u0131lmas\u0131yla ilgili olarak Tunceli Valisi Mustafa Ta\u015fkesen&#8217;i bilgi almak i\u00e7in ziyaret eden CHP Tunceli Milletvekili Kamer Gen\u00e7 ilgin\u00e7 a\u00e7\u0131klamalar yapt\u0131: Beni de ka\u00e7\u0131racaklar!<\/h1>\n<p>PKK\u2019l\u0131lar\u0131n Tunceli Milletvekili H\u00fcseyin Ayg\u00fcn\u2019\u00fc \u00f6nceki ak\u015fam ka\u00e7\u0131rmas\u0131n\u0131n ard\u0131ndan Tunceli\u2019de bulunan CHP heyeti ve Ayg\u00fcn\u2019\u00fcn e\u015fi Emine Ayg\u00fcn, Vali Mustafa Ta\u015fkesen\u2019i ziyaret edip geli\u015fmeler hakk\u0131nda g\u00f6r\u00fc\u015ft\u00fc. CHP Tunceli Milletvekili Kamer Gen\u00e7, valili\u011fe girmeden \u00f6nce gazetecilere yapt\u0131\u011f\u0131 a\u00e7\u0131klamada, \u00e7ok kirli bilgilerin geldi\u011fini ve bilgi kirlili\u011fi yarat\u0131ld\u0131\u011f\u0131n\u0131 s\u00f6yledi.<\/p>\n<p>Gazetecilerin H\u00fcseyin Ayg\u00fcn\u2019\u00fcn neden ka\u00e7\u0131r\u0131ld\u0131\u011f\u0131n\u0131 sormas\u0131 \u00fczerine Kamer Gen\u00e7 \u015fu yan\u0131t\u0131 verdi:<\/p>\n<p>&#8220;Bunu bilemem. Ben 30 senedir burada politika yap\u0131yorum. Ama gider gelirken ihtiyatl\u0131 hareket ediyorum. Bazen sabah\u0131n 6\u2019s\u0131nda kalk\u0131p bir il\u00e7eye gidiyorum. Yol \u00fczerinde iki vadi tehlikeli, P\u00fcl\u00fcm\u00fcr Vadisi\u2019yle Ovac\u0131k Vadisi. \u015eimdiye kadar bir olayla kar\u015f\u0131la\u015fmad\u0131m ama kula\u011f\u0131ma baz\u0131 \u015feyler geliyor. Ankara\u2019daki korumadan da bize d\u00fcn bir ikaz geldi. \u2019Seninle ilgili iyi s\u00f6ylemleri yok, kendinize dikkat edin\u2019 denildi. Ankara bu konuda istihbarat alm\u0131\u015f KCK ve PKK davalar\u0131yla ilgili. Ama bizim kimseye bir k\u00f6t\u00fcl\u00fc\u011f\u00fcm\u00fcz yok. Bizim istedi\u011fimiz laik T\u00fcrkiye Cumhuriyeti devletinin b\u00fct\u00fcnl\u00fc\u011f\u00fcd\u00fcr, demokrasidir, \u00f6zg\u00fcrl\u00fckt\u00fcr, i\u015fkencelerin olmamas\u0131, tam demokrasinin var oldu\u011fu bir T\u00fcrkiye\u2019de ya\u015famakt\u0131r. M\u00fccadelemiz bu yoldad\u0131r, bu m\u00fccadelemden rahats\u0131z olan herkes her \u015feyi yapabilir.&#8221;<\/p>\n<!-- Error, Advert is not available at this time due to schedule\/geolocation restrictions! -->\n","protected":false},"excerpt":{"rendered":"<p>CHP&#8217;li H\u00fcseyin Ayg\u00fcn&#8217;\u00fcn ka\u00e7\u0131r\u0131lmas\u0131yla ilgili olarak Tunceli Valisi Mustafa Ta\u015fkesen&#8217;i bilgi almak i\u00e7in ziyaret eden CHP Tunceli Milletvekili Kamer Gen\u00e7 ilgin\u00e7 a\u00e7\u0131klamalar yapt\u0131: Beni de ka\u00e7\u0131racaklar!<\/p>\n","protected":false},"author":4,"featured_media":182635,"comment_status":"open","ping_status":"open","sticky":false,"template":"","format":"standard","meta":{"_acf_changed":false,"footnotes":""},"categories":[6155,5005,6202,6805],"tags":[8723,88255,85386,11850,59898,108969,5592,4134,108966],"class_list":["post-116481","post","type-post","status-publish","format-standard","has-post-thumbnail","hentry","category-gundem","category-manset","category-politika","category-turkiye","tag-chp","tag-chp-tunceli","tag-huseyin-aygun","tag-kamer-genc","tag-kamer-genc-tunceli","tag-mustafa-taskesen","tag-pkk","tag-tunceli","tag-tunceli-ovacik"],"acf":[],"_links":{"self":[{"href":"https:\/\/www.nationalturk.com\/tr\/wp-json\/wp\/v2\/posts\/116481","targetHints":{"allow":["GET"]}}],"collection":[{"href":"https:\/\/www.nationalturk.com\/tr\/wp-json\/wp\/v2\/posts"}],"about":[{"href":"https:\/\/www.nationalturk.com\/tr\/wp-json\/wp\/v2\/types\/post"}],"author":[{"embeddable":true,"href":"https:\/\/www.nationalturk.com\/tr\/wp-json\/wp\/v2\/users\/4"}],"replies":[{"embeddable":true,"href":"https:\/\/www.nationalturk.com\/tr\/wp-json\/wp\/v2\/comments?post=116481"}],"version-history":[{"count":0,"href":"https:\/\/www.nationalturk.com\/tr\/wp-json\/wp\/v2\/posts\/116481\/revisions"}],"wp:featuredmedia":[{"embeddable":true,"href":"https:\/\/www.nationalturk.com\/tr\/wp-json\/wp\/v2\/media\/182635"}],"wp:attachment":[{"href":"https:\/\/www.nationalturk.com\/tr\/wp-json\/wp\/v2\/media?parent=116481"}],"wp:term":[{"taxonomy":"category","embeddable":true,"href":"https:\/\/www.nationalturk.com\/tr\/wp-json\/wp\/v2\/categories?post=116481"},{"taxonomy":"post_tag","embeddable":true,"href":"https:\/\/www.nationalturk.com\/tr\/wp-json\/wp\/v2\/tags?post=116481"}],"curies":[{"name":"wp","href":"https:\/\/api.w.org\/{rel}","templated":true}]}}