{"id":116673,"date":"2012-08-16T18:22:36","date_gmt":"2012-08-16T15:22:36","guid":{"rendered":"http:\/\/www.nationalturk.com\/?p=116673"},"modified":"2012-08-16T18:23:20","modified_gmt":"2012-08-16T15:23:20","slug":"engin-baytarin-cezasi-aciklandi-son-dakika-116673","status":"publish","type":"post","link":"https:\/\/www.nationalturk.com\/tr\/engin-baytarin-cezasi-aciklandi-son-dakika-116673\/","title":{"rendered":"Engin Baytar&#8217;\u0131n cezas\u0131 a\u00e7\u0131kland\u0131 \/ Son dakika"},"content":{"rendered":"<h1><img loading=\"lazy\" decoding=\"async\" class=\"alignleft size-medium wp-image-116674\" title=\"Engin Baytar\" src=\"http:\/\/www.nationalturk.com\/tr\/wp-content\/uploads\/2012\/08\/engin_baytar_kirmizi_kart1-280x215.jpg\" alt=\"\" width=\"280\" height=\"215\" srcset=\"https:\/\/www.nationalturk.com\/tr\/wp-content\/uploads\/2012\/08\/engin_baytar_kirmizi_kart1-280x215.jpg 280w, https:\/\/www.nationalturk.com\/tr\/wp-content\/uploads\/2012\/08\/engin_baytar_kirmizi_kart1.jpg 427w\" sizes=\"auto, (max-width: 280px) 100vw, 280px\" \/>Galatasaray ile Fenerbah\u00e7e aras\u0131nda oynanan S\u00fcper Kupa ma\u00e7\u0131nda hakem C\u00fcneyt \u00c7ak\u0131r&#8217;\u0131n yakas\u0131na yap\u0131\u015fan Engin Baytar&#8217;a PFDK 11 ma\u00e7 ceza verdi. \/\u00a0Engin Baytar&#8217;\u0131n cezas\u0131 a\u00e7\u0131kland\u0131 \/ Son dakika&#8230;<\/h1>\n<p>Profesyonel Futbol Disiplin Kurulu (PFDK), TFF S\u00fcper Kupa ma\u00e7\u0131nda hakem C\u00fcneyt \u00c7ak\u0131r&#8217;a sald\u0131ran ve yakas\u0131na yap\u0131\u015fan Galatasarayl\u0131 oyuncu Engin Baytar&#8217;a 11 ma\u00e7 ceza verdi.<\/p>\n<p>Trabzonspor Ba\u015fkan\u0131 Sadri \u015eener de kurul taraf\u0131ndan 21 g\u00fcn hak mahrumiyetiyle cezaland\u0131r\u0131ld\u0131. Kurul ayr\u0131ca Fenerbah\u00e7e Teknik Direkt\u00f6r\u00fc Aykut Kocaman ve Galatasaray kul\u00fcb\u00fcne para cezas\u0131 verdi.<\/p>\n<!-- Error, Advert is not available at this time due to schedule\/geolocation restrictions! -->\n","protected":false},"excerpt":{"rendered":"<p>Galatasaray ile Fenerbah\u00e7e aras\u0131nda oynanan S\u00fcper Kupa ma\u00e7\u0131nda hakem C\u00fcneyt \u00c7ak\u0131r&#8217;\u0131n yakas\u0131na yap\u0131\u015fan Engin Baytar&#8217;a PFDK 11 ma\u00e7 ceza verdi. \/ Engin Baytar&#8217;\u0131n cezas\u0131 a\u00e7\u0131kland\u0131 \/ Son dakika&#8230;<\/p>\n","protected":false},"author":4,"featured_media":182600,"comment_status":"open","ping_status":"open","sticky":false,"template":"","format":"standard","meta":{"_acf_changed":false,"footnotes":""},"categories":[6774,5005,349,6194],"tags":[12376,6271,108775,108777,108776,108778,108779,6235,18973,7801,9726],"class_list":["post-116673","post","type-post","status-publish","format-standard","has-post-thumbnail","hentry","category-futbol","category-manset","category-son-dakika","category-spor","tag-cuneyt-cakir","tag-engin-baytar","tag-engin-baytar-cuneyt-cakir","tag-engin-baytar-cuneyt-cakir-saldiri","tag-engin-baytar-cuneyt-cakir-video","tag-engin-baytar-cuneyt-cakir-videosu","tag-engin-baytar-video","tag-fenerbahce-galatasaray","tag-galatasaray-fenerbahce","tag-pfdk","tag-sadri-sener"],"acf":[],"_links":{"self":[{"href":"https:\/\/www.nationalturk.com\/tr\/wp-json\/wp\/v2\/posts\/116673","targetHints":{"allow":["GET"]}}],"collection":[{"href":"https:\/\/www.nationalturk.com\/tr\/wp-json\/wp\/v2\/posts"}],"about":[{"href":"https:\/\/www.nationalturk.com\/tr\/wp-json\/wp\/v2\/types\/post"}],"author":[{"embeddable":true,"href":"https:\/\/www.nationalturk.com\/tr\/wp-json\/wp\/v2\/users\/4"}],"replies":[{"embeddable":true,"href":"https:\/\/www.nationalturk.com\/tr\/wp-json\/wp\/v2\/comments?post=116673"}],"version-history":[{"count":0,"href":"https:\/\/www.nationalturk.com\/tr\/wp-json\/wp\/v2\/posts\/116673\/revisions"}],"wp:featuredmedia":[{"embeddable":true,"href":"https:\/\/www.nationalturk.com\/tr\/wp-json\/wp\/v2\/media\/182600"}],"wp:attachment":[{"href":"https:\/\/www.nationalturk.com\/tr\/wp-json\/wp\/v2\/media?parent=116673"}],"wp:term":[{"taxonomy":"category","embeddable":true,"href":"https:\/\/www.nationalturk.com\/tr\/wp-json\/wp\/v2\/categories?post=116673"},{"taxonomy":"post_tag","embeddable":true,"href":"https:\/\/www.nationalturk.com\/tr\/wp-json\/wp\/v2\/tags?post=116673"}],"curies":[{"name":"wp","href":"https:\/\/api.w.org\/{rel}","templated":true}]}}