{"id":116738,"date":"2012-08-17T17:03:43","date_gmt":"2012-08-17T14:03:43","guid":{"rendered":"http:\/\/www.nationalturk.com\/?p=116738"},"modified":"2012-08-17T17:08:03","modified_gmt":"2012-08-17T14:08:03","slug":"kadikoy-kartal-metro-hatti-acildi-116738","status":"publish","type":"post","link":"https:\/\/www.nationalturk.com\/tr\/kadikoy-kartal-metro-hatti-acildi-116738\/","title":{"rendered":"Kad\u0131k\u00f6y Kartal metro hatt\u0131 a\u00e7\u0131ld\u0131"},"content":{"rendered":"<h1><img loading=\"lazy\" decoding=\"async\" class=\"alignnone size-full wp-image-116739\" title=\"Kad\u0131k\u00f6y Kartal Metro Hatt\u0131\" src=\"http:\/\/www.nationalturk.com\/tr\/wp-content\/uploads\/2012\/08\/kadikoy_kartal_metro_hatti_acilis.jpg\" alt=\"\" width=\"610\" height=\"375\"><\/h1>\n<h1>\u0130stanbul&#8217;da Anadolu yakas\u0131n\u0131n ilk metro hatt\u0131 olan Kad\u0131k\u00f6y Kartal metrosu bug\u00fcn Ba\u015fbakan Recep Tayyip Erdo\u011fan&#8217;\u0131n da kat\u0131ld\u0131\u011f\u0131 t\u00f6renle a\u00e7\u0131ld\u0131.<\/h1>\n<p>3.1 milyar liraya mal olan ve 16 istasyondan olu\u015fan Kad\u0131k\u00f6y Kartal metro hatt\u0131n\u0131n uzunlu\u011fu 22 kilometre. Kad\u0131k\u00f6y Kartal metrosunun a\u00e7\u0131l\u0131\u015f t\u00f6reninde konu\u015fan Ba\u015fbakan Recep Tayyip Erdo\u011fan, \u0130stanbullular\u0131 daha fazla toplu ta\u015f\u0131ma kullanmaya davet etti.<\/p>\n<p>Kad\u0131k\u00f6y Kartal metrosunun bayram \u00f6ncesi bir m\u00fcjde oldu\u011funu dile getiren Erdo\u011fan, &#8220;Hatt\u0131, \u0130stanbul&#8217;a kazand\u0131ran Belediye Ba\u015fkan ve ekibine ve di\u011fer t\u00fcm \u00e7al\u0131\u015fanlara y\u00fcrekten \u015f\u00fckranlar\u0131m\u0131 sunuyorum.\u00a0Her 2.5 dakikada bir ara\u00e7 hareketiyle bu hatta bir farkl\u0131l\u0131k geliyor. Daha sonra bu 90 saniyeye inecek.\u00a0Anadolu yakas\u0131ndaki bu ilk metro hatt\u0131m\u0131z\u0131n teknolojik altyap\u0131s\u0131 bir devrim niteli\u011finde. Bu hattaki trenlerde makinist bulunmayacak. Kumanda merkezindeki makinist bu trenleri y\u00f6netecek.\u00a0G\u00fcvenlik sistemleri en \u00fcst d\u00fczeyde kuruldu. Uyar\u0131, bilgi, acil durum sistemleriyle bu hat d\u00fcnyan\u0131n en ileri hatlar\u0131ndan biri olarak in\u015fa edildi&#8221; diye konu\u015ftu.<\/p>\n<p>Ba\u015fbakan Erdo\u011fan hatla birlikte ki\u015fi ba\u015f\u0131 y\u0131lda 15 g\u00fcne varan zaman tasarrufu sa\u011flanaca\u011f\u0131n\u0131 ifade ederek &#8220;Bu hatla birlikte y\u0131ll\u0131k 1.153 milyar liral\u0131k bir tasarrufu kazand\u0131rm\u0131\u015f olaca\u011f\u0131z. Bu hat yap\u0131lmasayd\u0131, Kad\u0131k\u00f6y &#8211; Kartal aras\u0131nda 32 minib\u00fcs, 67 otob\u00fcs\u00fcn devreye al\u0131nmas\u0131 gerekiyordu. Aksine, trafikten ara\u00e7 \u00e7ekerek trafi\u011fi rahatlatt\u0131k.\u00a0\u0130stanbul&#8217;a g\u00fcnde giren motorlu ta\u015f\u0131t say\u0131s\u0131 450. Bunun neye tekab\u00fcl etti\u011fini bir d\u00fc\u015f\u00fcn\u00fcn. Toplu ta\u015f\u0131ma ara\u00e7lar\u0131na daha tam anlam\u0131yla ilgi g\u00f6stermiyoruz. Halbuki Bat\u0131 toplumlar\u0131 b\u00f6yle de\u011fil. Arac\u0131yla toplu ta\u015f\u0131ma arac\u0131na kadar gelir sonra yoluna toplu ta\u015f\u0131mayla devam eder. Bunun verim ekonomisi konusunda da \u00e7ok b\u00fcy\u00fck faydalar\u0131 var. Biz bunu hen\u00fcz halledemedik. O nedenle \u0130stanbul trafi\u011finde b\u00fcy\u00fck sorunlar ya\u015fan\u0131yor&#8221; dedi.<\/p>\n<p>Erdo\u011fan&#8217;\u0131n konu\u015fmas\u0131ndan di\u011fer sat\u0131r ba\u015flar\u0131 \u015f\u00f6yle;<\/p>\n<p>Metro ile Haldun Taner Meydan\u0131 trafi\u011fi kapat\u0131lacak. B\u00f6ylelikle, Kad\u0131k\u00f6y&#8217;e 60 bin metrekare b\u00fcy\u00fckl\u00fc\u011f\u00fcnde bir meydan\u0131 da kazand\u0131rm\u0131\u015f oluyoruz.<\/p>\n<p>Hi\u00e7 h\u0131z kesmeden b\u00f6yle b\u00fcy\u00fck yat\u0131r\u0131mlar\u0131 yapmaya devam edece\u011fiz.<\/p>\n<p>\u0130stanbul \u00e7ok uzun y\u0131llar \u00e7arp\u0131k kentle\u015fti. \u0130stikbali d\u00fc\u015f\u00fcn\u00fclmedi. Ba\u015ftan sa\u011fl\u0131kl\u0131 \u00f6nlemler al\u0131nmad\u0131. Biz hem ge\u00e7mi\u015fteki sorunlar\u0131 gidermeye hem de gelecek i\u00e7in \u00e7\u00f6z\u00fcmler \u00fcretmeyi ama\u00e7l\u0131yoruz.<\/p>\n<p>\u015eu anda \u0130stanbul&#8217;da 1.951.114 otomobil var. Sadece \u0130stanbul&#8217;da bu rakam iki kat\u0131na \u00e7\u0131kt\u0131. T\u00fcrkiye genelinde de 8.4 milyon otomobil var bu da 10 y\u0131lda iki kat art\u0131\u015f g\u00f6sterdi. Refah artt\u0131k\u00e7a ara\u00e7 say\u0131s\u0131 da y\u00fckseldi.<\/p>\n<p>\u00dc\u00e7\u00fcnc\u00fc k\u00f6pr\u00fcn\u00fcn ihalesiyle birlikte a\u011f\u0131r vas\u0131talar\u0131 bu k\u00f6pr\u00fcye kayd\u0131rmak suretiyle, di\u011fer iki k\u00f6pr\u00fcy\u00fc rahatlataca\u011f\u0131z.<\/p>\n<p>Karadeniz k\u0131y\u0131s\u0131nda y\u0131ll\u0131k 100 milyon kapasiteli bir havaliman\u0131 \u00e7al\u0131\u015fmas\u0131 yap\u0131yoruz. Yer tespit \u00e7al\u0131\u015fmalar\u0131 bitti, ihalesini de s\u00fcratli \u015fekilde yapaca\u011f\u0131z.<\/p>\n<p>Bir di\u011fer s\u00f6z\u00fcm\u00fcz de Kanal \u0130stanbul&#8217;du&#8230; Onun da \u015fu anda proje \u00e7al\u0131\u015fmalar\u0131 b\u00fcy\u00fck \u00f6l\u00e7\u00fcde bitmi\u015f vaziyette.<\/p>\n<p>Bu projelerin yakla\u015f\u0131k maliyetli 60 milyar lira. Bunlar \u0130stanbul&#8217;umuza farkl\u0131 bir s\u0131\u00e7rama getirecektir.<\/p>\n<!-- Error, Advert is not available at this time due to schedule\/geolocation restrictions! -->\n","protected":false},"excerpt":{"rendered":"<p>\u0130stanbul&#8217;da Anadolu yakas\u0131n\u0131n ilk metro hatt\u0131 olan Kad\u0131k\u00f6y Kartal metrosu bug\u00fcn Ba\u015fbakan Recep Tayyip Erdo\u011fan&#8217;\u0131n da kat\u0131ld\u0131\u011f\u0131 t\u00f6renle a\u00e7\u0131ld\u0131. <\/p>\n","protected":false},"author":4,"featured_media":116739,"comment_status":"open","ping_status":"open","sticky":false,"template":"","format":"standard","meta":{"_acf_changed":false,"footnotes":""},"categories":[6155,5005,6805],"tags":[3888,52656,71053,52657,109293],"class_list":["post-116738","post","type-post","status-publish","format-standard","has-post-thumbnail","hentry","category-gundem","category-manset","category-turkiye","tag-basbakan-erdogan","tag-kadikoy-kartal","tag-kadikoy-kartal-metro","tag-kadikoy-kartal-metrosu","tag-kadikoy-meydani"],"acf":[],"_links":{"self":[{"href":"https:\/\/www.nationalturk.com\/tr\/wp-json\/wp\/v2\/posts\/116738","targetHints":{"allow":["GET"]}}],"collection":[{"href":"https:\/\/www.nationalturk.com\/tr\/wp-json\/wp\/v2\/posts"}],"about":[{"href":"https:\/\/www.nationalturk.com\/tr\/wp-json\/wp\/v2\/types\/post"}],"author":[{"embeddable":true,"href":"https:\/\/www.nationalturk.com\/tr\/wp-json\/wp\/v2\/users\/4"}],"replies":[{"embeddable":true,"href":"https:\/\/www.nationalturk.com\/tr\/wp-json\/wp\/v2\/comments?post=116738"}],"version-history":[{"count":0,"href":"https:\/\/www.nationalturk.com\/tr\/wp-json\/wp\/v2\/posts\/116738\/revisions"}],"wp:featuredmedia":[{"embeddable":true,"href":"https:\/\/www.nationalturk.com\/tr\/wp-json\/wp\/v2\/media\/116739"}],"wp:attachment":[{"href":"https:\/\/www.nationalturk.com\/tr\/wp-json\/wp\/v2\/media?parent=116738"}],"wp:term":[{"taxonomy":"category","embeddable":true,"href":"https:\/\/www.nationalturk.com\/tr\/wp-json\/wp\/v2\/categories?post=116738"},{"taxonomy":"post_tag","embeddable":true,"href":"https:\/\/www.nationalturk.com\/tr\/wp-json\/wp\/v2\/tags?post=116738"}],"curies":[{"name":"wp","href":"https:\/\/api.w.org\/{rel}","templated":true}]}}