{"id":116922,"date":"2012-08-23T12:23:09","date_gmt":"2012-08-23T09:23:09","guid":{"rendered":"http:\/\/www.nationalturk.com\/?p=116922"},"modified":"2012-08-23T12:23:09","modified_gmt":"2012-08-23T09:23:09","slug":"ataturk-havalimaninda-tum-zamanlarin-rekoru-kirildi-116922","status":"publish","type":"post","link":"https:\/\/www.nationalturk.com\/tr\/ataturk-havalimaninda-tum-zamanlarin-rekoru-kirildi-116922\/","title":{"rendered":"Atat\u00fcrk Havaliman\u0131&#8217;nda t\u00fcm zamanlar\u0131n rekoru k\u0131r\u0131ld\u0131"},"content":{"rendered":"<h1><img loading=\"lazy\" decoding=\"async\" class=\"alignleft size-medium wp-image-116923\" title=\"Atat\u00fcrk Havaliman\u0131\" src=\"http:\/\/www.nationalturk.com\/tr\/wp-content\/uploads\/2012\/08\/ataturk_airport-280x186.jpg\" alt=\"\" width=\"280\" height=\"186\" srcset=\"https:\/\/www.nationalturk.com\/tr\/wp-content\/uploads\/2012\/08\/ataturk_airport-280x186.jpg 280w, https:\/\/www.nationalturk.com\/tr\/wp-content\/uploads\/2012\/08\/ataturk_airport.jpeg 450w\" sizes=\"auto, (max-width: 280px) 100vw, 280px\" \/>17 A\u011fustos&#8217;ta Atat\u00fcrk Havaliman\u0131&#8217;nda 1.127 u\u00e7ak ini\u015f ve kalk\u0131\u015f yapt\u0131. Bu rakam, Atat\u00fcrk Havaliman\u0131&#8217;nda t\u00fcm zamanlar\u0131n rekoru olarak kayda ge\u00e7ti.<\/h1>\n<p>Devlet Hava Meydanlar\u0131 \u0130\u015fletmesi (DHM\u0130) Genel M\u00fcd\u00fcrl\u00fc\u011f\u00fc\u2019nden al\u0131nan bilgiye g\u00f6re, Atat\u00fcrk Havaliman\u0131\u2019na 17 A\u011fustos\u2019ta 558 u\u00e7ak ini\u015f, 569 u\u00e7ak da kalk\u0131\u015f yapt\u0131. S\u00f6z konusu tarihte d\u0131\u015f hatlara 38 bin 533 yolcu geldi, 38 bin 121 yolcu da yurt d\u0131\u015f\u0131na \u00e7\u0131k\u0131\u015f yapt\u0131. \u0130\u00e7 hatlarda ise 22 bin 417 yolcu \u0130stanbul\u2019a geldi, 26 bin 626 yolcu da \u015fehir d\u0131\u015f\u0131na \u00e7\u0131kt\u0131.<\/p>\n<p>18 A\u011fustos\u2019ta ise 1.062 u\u00e7ak Atat\u00fcrk Havaliman\u0131&#8217;n\u0131 kulland\u0131. Toplam 1.056 u\u00e7a\u011f\u0131n ini\u015f kalk\u0131\u015f yapt\u0131\u011f\u0131 Atat\u00fcrk Havaliman\u0131\u2019na 19 A\u011fustos\u2019ta da 519 u\u00e7ak ini\u015f, 537 u\u00e7ak da kalk\u0131\u015f yapt\u0131. D\u0131\u015f hatlardan 35 bin 710 yolcu geldi, 35 bin 948 yolcu da yurt d\u0131\u015f\u0131na \u00e7\u0131k\u0131\u015f yapt\u0131. \u0130\u00e7 hatlarda ise 18 bin 35 yolcu \u0130stanbul\u2019a geldi, 22 bin 780 yolcu da \u015fehir d\u0131\u015f\u0131na gitti.<\/p>\n<p>Atat\u00fcrk Havaliman\u0131\u2019nda, 1.084 u\u00e7a\u011f\u0131n ini\u015f kalk\u0131\u015f yapt\u0131\u011f\u0131 20 A\u011fustos\u2019ta da 545 u\u00e7ak indi, 539 u\u00e7ak kalkt\u0131. D\u0131\u015f hatlardan 38 bin 674 yolcu \u00fclkeye giri\u015f yaparken, 33 bin 784 yolcu da yurt d\u0131\u015f\u0131na \u00e7\u0131kt\u0131. \u0130\u00e7 hatlarda da 20 bin 242 yolcu \u0130stanbul\u2019a gelirken, 20 bin 513 yolcu da \u015fehirden ayr\u0131ld\u0131.<\/p>\n<p>Ramazan Bayram\u0131\u2019n\u0131n son g\u00fcn\u00fc olan 21 A\u011fustos\u2019ta ise 1.073 u\u00e7a\u011f\u0131n 544\u2019\u00fc ini\u015f, 529\u2019u kalk\u0131\u015f yapt\u0131. D\u0131\u015f hatlardan da 38 bin 85 yolcu geldi, 32 bin 210 yolcu yurt d\u0131\u015f\u0131na \u00e7\u0131k\u0131\u015f yapt\u0131. \u0130\u00e7 hatlarda ise 24 bin 999 yolcu \u0130stanbul\u2019a geldi, 20 bin 265 yolcu ise \u0130stanbul d\u0131\u015f\u0131na \u00e7\u0131kt\u0131.<\/p>\n<span style=\"font-weight: bold; color: #f00;\">Error, group does not exist! Check your syntax! (ID: 52)<\/span>\n","protected":false},"excerpt":{"rendered":"<p>17 A\u011fustos&#8217;ta Atat\u00fcrk Havaliman\u0131&#8217;nda 1.127 u\u00e7ak ini\u015f ve kalk\u0131\u015f yapt\u0131. Bu rakam, Atat\u00fcrk Havaliman\u0131&#8217;nda t\u00fcm zamanlar\u0131n rekoru olarak kayda ge\u00e7ti.<\/p>\n","protected":false},"author":4,"featured_media":182553,"comment_status":"open","ping_status":"open","sticky":false,"template":"","format":"standard","meta":{"_acf_changed":false,"footnotes":""},"categories":[6199,6155,5005,6671,6805],"tags":[681,54873,682,683],"class_list":["post-116922","post","type-post","status-publish","format-standard","has-post-thumbnail","hentry","category-ekonomi","category-gundem","category-manset","category-seyahat","category-turkiye","tag-ataturk-havalimani","tag-ataturk-havalimani-rekor","tag-devlet-hava-meydanlari-isletmesi","tag-dhmi"],"acf":[],"_links":{"self":[{"href":"https:\/\/www.nationalturk.com\/tr\/wp-json\/wp\/v2\/posts\/116922","targetHints":{"allow":["GET"]}}],"collection":[{"href":"https:\/\/www.nationalturk.com\/tr\/wp-json\/wp\/v2\/posts"}],"about":[{"href":"https:\/\/www.nationalturk.com\/tr\/wp-json\/wp\/v2\/types\/post"}],"author":[{"embeddable":true,"href":"https:\/\/www.nationalturk.com\/tr\/wp-json\/wp\/v2\/users\/4"}],"replies":[{"embeddable":true,"href":"https:\/\/www.nationalturk.com\/tr\/wp-json\/wp\/v2\/comments?post=116922"}],"version-history":[{"count":0,"href":"https:\/\/www.nationalturk.com\/tr\/wp-json\/wp\/v2\/posts\/116922\/revisions"}],"wp:featuredmedia":[{"embeddable":true,"href":"https:\/\/www.nationalturk.com\/tr\/wp-json\/wp\/v2\/media\/182553"}],"wp:attachment":[{"href":"https:\/\/www.nationalturk.com\/tr\/wp-json\/wp\/v2\/media?parent=116922"}],"wp:term":[{"taxonomy":"category","embeddable":true,"href":"https:\/\/www.nationalturk.com\/tr\/wp-json\/wp\/v2\/categories?post=116922"},{"taxonomy":"post_tag","embeddable":true,"href":"https:\/\/www.nationalturk.com\/tr\/wp-json\/wp\/v2\/tags?post=116922"}],"curies":[{"name":"wp","href":"https:\/\/api.w.org\/{rel}","templated":true}]}}