{"id":117001,"date":"2012-08-24T15:18:31","date_gmt":"2012-08-24T12:18:31","guid":{"rendered":"http:\/\/www.nationalturk.com\/?p=117001"},"modified":"2012-08-24T15:18:31","modified_gmt":"2012-08-24T12:18:31","slug":"yildiz-tilbeden-orhan-gencebaya-buyuk-ayip-117001","status":"publish","type":"post","link":"https:\/\/www.nationalturk.com\/tr\/yildiz-tilbeden-orhan-gencebaya-buyuk-ayip-117001\/","title":{"rendered":"Y\u0131ld\u0131z Tilbe&#8217;den Orhan Gencebay&#8217;a b\u00fcy\u00fck ay\u0131p!"},"content":{"rendered":"<h1><img loading=\"lazy\" decoding=\"async\" class=\"alignleft size-medium wp-image-117002\" title=\"Y\u0131ld\u0131z Tilbe\" src=\"http:\/\/www.nationalturk.com\/tr\/wp-content\/uploads\/2012\/08\/yildiz_tilbe-e1345810621895-280x193.jpg\" alt=\"\" width=\"280\" height=\"193\" srcset=\"https:\/\/www.nationalturk.com\/tr\/wp-content\/uploads\/2012\/08\/yildiz_tilbe-e1345810621895-280x193.jpg 280w, https:\/\/www.nationalturk.com\/tr\/wp-content\/uploads\/2012\/08\/yildiz_tilbe-e1345810621895.jpg 391w\" sizes=\"auto, (max-width: 280px) 100vw, 280px\" \/>\u00dcnl\u00fc pop\u00e7u Y\u0131ld\u0131z Tilbe, Orhan Gencebay&#8217;\u0131n yeni alb\u00fcm projesinde s\u0131r gibi saklanan \u015fark\u0131y\u0131 internetten yay\u0131nlad\u0131! \/\u00a0Y\u0131ld\u0131z Tilbe&#8217;den Orhan Gencebay&#8217;a b\u00fcy\u00fck ay\u0131p!<\/h1>\n<p>M\u00fczik severlerin merakla bekledi\u011fi Orhan Gencebay&#8217;\u0131n yeni alb\u00fcm\u00fcnde bir\u00e7ok \u00fcnl\u00fcyle beraber konuk sanat\u00e7\u0131 olarak yer alan Y\u0131ld\u0131z Tilbe s\u0131r gibi saklanan par\u00e7ay\u0131 internetten yay\u0131nlayarak bir skandala imza att\u0131.<\/p>\n<p>Alb\u00fcmde Tarkan, Ajda Pekkan ve Sibel Can Orhan Gencebay&#8217;\u0131n unutulmaz \u015fark\u0131lar\u0131n\u0131 farkl\u0131 bir tarzda seslendirdi. Ancak kimin hangi \u015fark\u0131y\u0131 s\u00f6yledi\u011fi bile bas\u0131ndan gizlendi.<\/p>\n<p>Y\u0131ld\u0131z Tilbe ise\u00a0hen\u00fcz \u00e7\u0131kmam\u0131\u015f alb\u00fcm\u00fcn \u015fark\u0131s\u0131n\u0131 video halinde milyonlarla payla\u015ft\u0131. Videoda Y\u0131ld\u0131z Tilbe, direksiyon ba\u015f\u0131nda ilerlerken \u015fark\u0131y\u0131 bir yandan \u00e7al\u0131yor bir yandan da s\u00f6yl\u00fcyor. Yan koltuktaki arkada\u015f\u0131 da bu olay\u0131 kayda al\u0131yor.<\/p>\n<p>Orhan Gencebay, Y\u0131ld\u0131z Tilbe&#8217;nin b\u00f6yle bir \u015fey yapmas\u0131n\u0131n m\u00fcmk\u00fcn olmad\u0131\u011f\u0131n\u0131 ifade ederek &#8220;E\u011fer o \u015fark\u0131ysa bile ba\u015fka bir yorumda s\u00f6ylemi\u015ftir. Sanat\u00e7\u0131lar eme\u011fe sayg\u0131 g\u00f6sterir. Korsan\u0131n, bilincindeler. Ayr\u0131ca alb\u00fcmdeki b\u00fct\u00fcn sanat\u00e7\u0131lar tarz\u0131n\u0131n d\u0131\u015f\u0131nda s\u00f6yledi&#8221; ifadelerini kulland\u0131.<\/p>\n<span style=\"font-weight: bold; color: #f00;\">Error, group does not exist! Check your syntax! (ID: 52)<\/span>\n","protected":false},"excerpt":{"rendered":"<p>\u00dcnl\u00fc pop\u00e7u Y\u0131ld\u0131z Tilbe, Orhan Gencebay&#8217;\u0131n yeni alb\u00fcm projesinde s\u0131r gibi saklanan \u015fark\u0131y\u0131 internetten yay\u0131nlad\u0131! \/ Y\u0131ld\u0131z Tilbe&#8217;den Orhan Gencebay&#8217;a b\u00fcy\u00fck ay\u0131p!<\/p>\n","protected":false},"author":4,"featured_media":182536,"comment_status":"open","ping_status":"open","sticky":false,"template":"","format":"standard","meta":{"_acf_changed":false,"footnotes":""},"categories":[6232,5005,36154,6805],"tags":[3610,13395,3314,3277,109616],"class_list":["post-117001","post","type-post","status-publish","format-standard","has-post-thumbnail","hentry","category-magazin","category-manset","category-muzik","category-turkiye","tag-ajda-pekkan","tag-orhan-gencebay","tag-sibel-can","tag-tarkan","tag-yildiz-tilbe"],"acf":[],"_links":{"self":[{"href":"https:\/\/www.nationalturk.com\/tr\/wp-json\/wp\/v2\/posts\/117001","targetHints":{"allow":["GET"]}}],"collection":[{"href":"https:\/\/www.nationalturk.com\/tr\/wp-json\/wp\/v2\/posts"}],"about":[{"href":"https:\/\/www.nationalturk.com\/tr\/wp-json\/wp\/v2\/types\/post"}],"author":[{"embeddable":true,"href":"https:\/\/www.nationalturk.com\/tr\/wp-json\/wp\/v2\/users\/4"}],"replies":[{"embeddable":true,"href":"https:\/\/www.nationalturk.com\/tr\/wp-json\/wp\/v2\/comments?post=117001"}],"version-history":[{"count":0,"href":"https:\/\/www.nationalturk.com\/tr\/wp-json\/wp\/v2\/posts\/117001\/revisions"}],"wp:featuredmedia":[{"embeddable":true,"href":"https:\/\/www.nationalturk.com\/tr\/wp-json\/wp\/v2\/media\/182536"}],"wp:attachment":[{"href":"https:\/\/www.nationalturk.com\/tr\/wp-json\/wp\/v2\/media?parent=117001"}],"wp:term":[{"taxonomy":"category","embeddable":true,"href":"https:\/\/www.nationalturk.com\/tr\/wp-json\/wp\/v2\/categories?post=117001"},{"taxonomy":"post_tag","embeddable":true,"href":"https:\/\/www.nationalturk.com\/tr\/wp-json\/wp\/v2\/tags?post=117001"}],"curies":[{"name":"wp","href":"https:\/\/api.w.org\/{rel}","templated":true}]}}