{"id":117009,"date":"2012-08-24T16:01:32","date_gmt":"2012-08-24T13:01:32","guid":{"rendered":"http:\/\/www.nationalturk.com\/?p=117009"},"modified":"2012-08-24T16:01:32","modified_gmt":"2012-08-24T13:01:32","slug":"rusyanin-ilk-devlet-baskaninin-anitina-saldiri-117009","status":"publish","type":"post","link":"https:\/\/www.nationalturk.com\/tr\/rusyanin-ilk-devlet-baskaninin-anitina-saldiri-117009\/","title":{"rendered":"Rusya\u2019n\u0131n ilk devlet ba\u015fkan\u0131n\u0131n an\u0131t\u0131na sald\u0131r\u0131"},"content":{"rendered":"<h1><a href=\"http:\/\/www.nationalturk.com\/tr\/wp-content\/uploads\/2012\/08\/rusya-ilk-devlet-baskani-aniti-saldiri.jpg\"><img loading=\"lazy\" decoding=\"async\" class=\"alignleft size-medium wp-image-117010\" title=\"Rusya\u2019n\u0131n ilk devlet ba\u015fkan\u0131n\u0131n an\u0131t\u0131na sald\u0131r\u0131\" src=\"http:\/\/www.nationalturk.com\/tr\/wp-content\/uploads\/2012\/08\/rusya-ilk-devlet-baskani-aniti-saldiri-280x185.jpg\" alt=\"\" width=\"280\" height=\"185\" srcset=\"https:\/\/www.nationalturk.com\/tr\/wp-content\/uploads\/2012\/08\/rusya-ilk-devlet-baskani-aniti-saldiri-280x185.jpg 280w, https:\/\/www.nationalturk.com\/tr\/wp-content\/uploads\/2012\/08\/rusya-ilk-devlet-baskani-aniti-saldiri.jpg 500w\" sizes=\"auto, (max-width: 280px) 100vw, 280px\" \/><\/a>Rusya\u2019n\u0131n ilk Devlet Ba\u015fkan\u0131 Boris Yeltsin\u2019in, do\u011fdu\u011fu \u015fehir Yekaterinburg\u2019daki 10 metrelik an\u0131t\u0131na kimli\u011fi belirsiz ki\u015filerce sald\u0131r\u0131 d\u00fczenlendi.<\/h1>\n<p>An\u0131t maviye boyan\u0131rken, \u00fczerindeki yaz\u0131lar da k\u0131r\u0131ld\u0131.<\/p>\n<p>Sverdlosvk Emniyet M\u00fcd\u00fcrl\u00fc\u011f\u00fc, Yeltsin\u2019in an\u0131t\u0131na y\u00f6nelik sald\u0131r\u0131n\u0131n holiganlar taraf\u0131ndan gece ge\u00e7 saatlerinde yap\u0131ld\u0131\u011f\u0131n\u0131 bildirdi.<\/p>\n<p>Vakayla ilgili a\u00e7\u0131klama yapan Yeltsin\u2019in Devlet Ba\u015fkanl\u0131\u011f\u0131 Merkezi isimli kurumun Ba\u015fkan\u0131 Vadim Naumenko, \u201cBu barbarl\u0131ktan \u00f6fke duyuyoruz! Holiganlar\u0131n yak\u0131n zamanda yakalanaca\u011f\u0131na ve gereken cezay\u0131 alacaklar\u0131na inan\u0131yoruz\u201d \u015feklinde konu\u015ftu. Naumenko, an\u0131t\u0131n resmi bir tesis oldu\u011funa da dikkat \u00e7ekti.<\/p>\n<p>An\u0131ta y\u00f6nelik sald\u0131r\u0131ya destek b\u00f6lge kom\u00fcnistlerinden geldi. Rusya Kom\u00fcnist Partisi Sverdlovsk B\u00f6lge yetkilisi Aleksandr \u0130va\u00e7ev, blogunda konuya de\u011finerek,Yeltsin\u2019in an\u0131t\u0131n\u0131 boyayan ki\u015filerle ayn\u0131 duygular\u0131 payla\u015ft\u0131\u011f\u0131n\u0131 ifade etti.<\/p>\n<p>\u0130va\u00e7ev, zanl\u0131lar\u0131n kurtulabilmeleri i\u00e7in avukat tutaca\u011f\u0131n\u0131 da belirtti. \u0130nterfaks ajans\u0131na da konu\u015fan \u0130va\u00e7ev, \u201c\u015eimdiki iktidar da Yeltsin\u2019in politikalar\u0131n\u0131 devam ettiriyor, fark\u0131 yok.\u201d dedi.<\/p>\n<p>Rus polis g\u00f6revlileri, sald\u0131rganlar\u0131n 3 aya kadar hapis cezas\u0131yla yarg\u0131lanaca\u011f\u0131n\u0131 da tahmin ediyor. Yeltsin\u2019in an\u0131t\u0131 1 \u015eubat 2011\u2019de a\u00e7\u0131lm\u0131\u015ft\u0131.<\/p>\n<!-- Error, Advert is not available at this time due to schedule\/geolocation restrictions! -->\n","protected":false},"excerpt":{"rendered":"<p>Rusya\u2019n\u0131n ilk Devlet Ba\u015fkan\u0131 Boris Yeltsin\u2019in, do\u011fdu\u011fu \u015fehir Yekaterinburg\u2019daki 10 metrelik an\u0131t\u0131na kimli\u011fi belirsiz ki\u015filerce sald\u0131r\u0131 d\u00fczenlendi.<\/p>\n","protected":false},"author":3,"featured_media":182534,"comment_status":"open","ping_status":"open","sticky":false,"template":"","format":"standard","meta":{"_acf_changed":false,"footnotes":""},"categories":[6769,6770,6665,6155,5005,6202],"tags":[52679,721,56026],"class_list":["post-117009","post","type-post","status-publish","format-standard","has-post-thumbnail","hentry","category-asya","category-avrupa","category-dunya","category-gundem","category-manset","category-politika","tag-boris-yeltsin","tag-rusya","tag-rusya-komunist-partisi"],"acf":[],"_links":{"self":[{"href":"https:\/\/www.nationalturk.com\/tr\/wp-json\/wp\/v2\/posts\/117009","targetHints":{"allow":["GET"]}}],"collection":[{"href":"https:\/\/www.nationalturk.com\/tr\/wp-json\/wp\/v2\/posts"}],"about":[{"href":"https:\/\/www.nationalturk.com\/tr\/wp-json\/wp\/v2\/types\/post"}],"author":[{"embeddable":true,"href":"https:\/\/www.nationalturk.com\/tr\/wp-json\/wp\/v2\/users\/3"}],"replies":[{"embeddable":true,"href":"https:\/\/www.nationalturk.com\/tr\/wp-json\/wp\/v2\/comments?post=117009"}],"version-history":[{"count":0,"href":"https:\/\/www.nationalturk.com\/tr\/wp-json\/wp\/v2\/posts\/117009\/revisions"}],"wp:featuredmedia":[{"embeddable":true,"href":"https:\/\/www.nationalturk.com\/tr\/wp-json\/wp\/v2\/media\/182534"}],"wp:attachment":[{"href":"https:\/\/www.nationalturk.com\/tr\/wp-json\/wp\/v2\/media?parent=117009"}],"wp:term":[{"taxonomy":"category","embeddable":true,"href":"https:\/\/www.nationalturk.com\/tr\/wp-json\/wp\/v2\/categories?post=117009"},{"taxonomy":"post_tag","embeddable":true,"href":"https:\/\/www.nationalturk.com\/tr\/wp-json\/wp\/v2\/tags?post=117009"}],"curies":[{"name":"wp","href":"https:\/\/api.w.org\/{rel}","templated":true}]}}