{"id":117249,"date":"2012-08-29T12:28:07","date_gmt":"2012-08-29T09:28:07","guid":{"rendered":"http:\/\/www.nationalturk.com\/?p=117249"},"modified":"2012-08-29T12:28:07","modified_gmt":"2012-08-29T09:28:07","slug":"serikte-orman-yangini-bir-koy-bosaltiliyor-117249","status":"publish","type":"post","link":"https:\/\/www.nationalturk.com\/tr\/serikte-orman-yangini-bir-koy-bosaltiliyor-117249\/","title":{"rendered":"Serik&#8217;te orman yang\u0131n\u0131! Bir k\u00f6y bo\u015falt\u0131l\u0131yor"},"content":{"rendered":"<h1><img loading=\"lazy\" decoding=\"async\" class=\"alignleft size-medium wp-image-117250\" title=\"Orman yang\u0131n\u0131\" src=\"http:\/\/www.nationalturk.com\/tr\/wp-content\/uploads\/2012\/08\/orman_yangini_antalya1-280x186.jpg\" alt=\"\" width=\"280\" height=\"186\" srcset=\"https:\/\/www.nationalturk.com\/tr\/wp-content\/uploads\/2012\/08\/orman_yangini_antalya1-280x186.jpg 280w, https:\/\/www.nationalturk.com\/tr\/wp-content\/uploads\/2012\/08\/orman_yangini_antalya1.jpg 500w\" sizes=\"auto, (max-width: 280px) 100vw, 280px\" \/>Antalya&#8217;n\u0131n Serik il\u00e7esinde \u00e7\u0131kan orman yang\u0131n\u0131 r\u00fczgar\u0131n etkisiyle b\u00fcy\u00fcd\u00fc. Bilginler k\u00f6y\u00fcndeki baz\u0131 evler bo\u015falt\u0131ld\u0131.<\/h1>\n<p>Orman yang\u0131n\u0131yla ilgili a\u00e7\u0131klama yapan Serik Kaymakam\u0131 Ahmet \u00dcmit, Bilginler ve Ye\u015filyurt k\u00f6yleri aras\u0131ndaki ormanl\u0131k alanda \u00e7\u0131kan yang\u0131n\u0131n r\u00fczgar\u0131n etkisiyle h\u0131zla yay\u0131ld\u0131\u011f\u0131n\u0131 ifade ederek &#8220;Serik itfaiyesi ve \u00e7evre b\u00f6lgelerden ekipler m\u00fcdahale ediyor. R\u00fczgar\u00a0yang\u0131n\u0131n kontrol alt\u0131na al\u0131nmas\u0131n\u0131 zorla\u015ft\u0131r\u0131yor&#8221; dedi.<\/p>\n<p>Ahmet \u00dcmit, da\u011f\u0131n\u0131k bir yerle\u015fime sahip olan Bilginler k\u00f6y\u00fcnde, alevlerin yakla\u015ft\u0131\u011f\u0131 baz\u0131 evleri bo\u015faltt\u0131klar\u0131n\u0131 ifade etti.\u00a0\u00dcmit, yang\u0131n\u0131n etkili oldu\u011fu arazi ve yol a\u00e7t\u0131\u011f\u0131 hasara ili\u015fkin bilgilerin ise hen\u00fcz netle\u015fmedi\u011fini kaydetti.<\/p>\n<!-- Error, Advert is not available at this time due to schedule\/geolocation restrictions! -->\n","protected":false},"excerpt":{"rendered":"<p>Antalya&#8217;n\u0131n Serik il\u00e7esinde \u00e7\u0131kan orman yang\u0131n\u0131 r\u00fczgar\u0131n etkisiyle b\u00fcy\u00fcd\u00fc. Bilginler k\u00f6y\u00fcndeki baz\u0131 evler bo\u015falt\u0131ld\u0131.<\/p>\n","protected":false},"author":4,"featured_media":182483,"comment_status":"open","ping_status":"open","sticky":false,"template":"","format":"standard","meta":{"_acf_changed":false,"footnotes":""},"categories":[6155,349,6805],"tags":[730,42153,43086,24784],"class_list":["post-117249","post","type-post","status-publish","format-standard","has-post-thumbnail","hentry","category-gundem","category-son-dakika","category-turkiye","tag-antalya","tag-antalya-orman-yangini","tag-serik","tag-yesilyurt"],"acf":[],"_links":{"self":[{"href":"https:\/\/www.nationalturk.com\/tr\/wp-json\/wp\/v2\/posts\/117249","targetHints":{"allow":["GET"]}}],"collection":[{"href":"https:\/\/www.nationalturk.com\/tr\/wp-json\/wp\/v2\/posts"}],"about":[{"href":"https:\/\/www.nationalturk.com\/tr\/wp-json\/wp\/v2\/types\/post"}],"author":[{"embeddable":true,"href":"https:\/\/www.nationalturk.com\/tr\/wp-json\/wp\/v2\/users\/4"}],"replies":[{"embeddable":true,"href":"https:\/\/www.nationalturk.com\/tr\/wp-json\/wp\/v2\/comments?post=117249"}],"version-history":[{"count":0,"href":"https:\/\/www.nationalturk.com\/tr\/wp-json\/wp\/v2\/posts\/117249\/revisions"}],"wp:featuredmedia":[{"embeddable":true,"href":"https:\/\/www.nationalturk.com\/tr\/wp-json\/wp\/v2\/media\/182483"}],"wp:attachment":[{"href":"https:\/\/www.nationalturk.com\/tr\/wp-json\/wp\/v2\/media?parent=117249"}],"wp:term":[{"taxonomy":"category","embeddable":true,"href":"https:\/\/www.nationalturk.com\/tr\/wp-json\/wp\/v2\/categories?post=117249"},{"taxonomy":"post_tag","embeddable":true,"href":"https:\/\/www.nationalturk.com\/tr\/wp-json\/wp\/v2\/tags?post=117249"}],"curies":[{"name":"wp","href":"https:\/\/api.w.org\/{rel}","templated":true}]}}