{"id":117308,"date":"2012-08-30T10:15:40","date_gmt":"2012-08-30T07:15:40","guid":{"rendered":"http:\/\/www.nationalturk.com\/?p=117308"},"modified":"2012-08-30T10:16:15","modified_gmt":"2012-08-30T07:16:15","slug":"30-agustos-zafer-bayramimiz-kutlu-olsun-117308","status":"publish","type":"post","link":"https:\/\/www.nationalturk.com\/tr\/30-agustos-zafer-bayramimiz-kutlu-olsun-117308\/","title":{"rendered":"30 A\u011fustos Zafer Bayram\u0131m\u0131z kutlu olsun"},"content":{"rendered":"<h1><img loading=\"lazy\" decoding=\"async\" class=\"alignleft size-medium wp-image-117310\" title=\"30 A\u011fustos Zafer Bayram\u0131 90. y\u0131l d\u00f6n\u00fcm\u00fc\" src=\"http:\/\/www.nationalturk.com\/tr\/wp-content\/uploads\/2012\/08\/zafer-bayramimiz-kutlu-olsun-280x210.jpg\" alt=\"\" width=\"280\" height=\"210\" srcset=\"https:\/\/www.nationalturk.com\/tr\/wp-content\/uploads\/2012\/08\/zafer-bayramimiz-kutlu-olsun-280x210.jpg 280w, https:\/\/www.nationalturk.com\/tr\/wp-content\/uploads\/2012\/08\/zafer-bayramimiz-kutlu-olsun.jpg 350w\" sizes=\"auto, (max-width: 280px) 100vw, 280px\" \/>30 A\u011fustos Zafer Bayram\u0131 90. y\u0131l d\u00f6n\u00fcm\u00fc t\u00f6renlerle kutlan\u0131yor.<\/h1>\n<p>Cumhurba\u015fkan\u0131 Abdullah G\u00fcl , 30 A\u011fustos Zafer Bayram\u0131 nedeniyle yay\u0131nlad\u0131\u011f\u0131 mesaj\u0131nda, \u201cTarih boyunca farkl\u0131l\u0131klar\u0131m\u0131z, birli\u011fimizi tamamlayan zenginliklerimiz olmu\u015ftur. 1000 y\u0131ld\u0131r ho\u015fg\u00f6r\u00fcy\u00fc, sayg\u0131y\u0131, sevgiyi, birlikte bar\u0131\u015f i\u00e7inde ya\u015fama k\u00fclt\u00fcr\u00fcn\u00fc en iyi bi\u00e7imde g\u00f6steren bir milletiz. Birlik ve beraberli\u011fimize as\u0131rlard\u0131r kimse zarar veremedi\u011fi gibi bundan sonra da buna yeltenenler h\u00fcsrana u\u011frayacakt\u0131r\u201d dedi.<\/p>\n<p>Cumhurba\u015fkan\u0131 G\u00fcl 30 A\u011fustos Zafer Bayram\u0131&#8217; n\u0131n 90. y\u0131l d\u00f6n\u00fcm\u00fcnde mesaj\u0131na \u015fu \u015fekilde devam etti, &#8220;Ordumuzun vatan savunmas\u0131nda ve uluslararas\u0131 g\u00f6revlerdeki ba\u015far\u0131lar\u0131yla iftihar ediyoruz. G\u00f6rev ve sorumluluklar\u0131n\u0131 y\u00fcksek bir vazife bilinciyle yerine getiren TSK \u2019ya ter\u00f6rle m\u00fccadeledeki \u00fcst\u00fcn fedak\u00e2rl\u0131klar\u0131ndan dolay\u0131 \u015f\u00fckranlar\u0131m\u0131 sunuyorum. T\u00fcrkiye , \u00f6nemli jeostratejik konumunun da bir gere\u011fi olarak ordusunu g\u00fc\u00e7l\u00fc tutmak, etkinli\u011fini ve cayd\u0131r\u0131c\u0131l\u0131\u011f\u0131n\u0131 art\u0131rmak durumundad\u0131r. Bu ama\u00e7la ger\u00e7ekle\u015ftirilen modernizasyon \u00e7al\u0131\u015fmalar\u0131n\u0131 takdirle kar\u015f\u0131l\u0131yoruz.&#8221;<\/p>\n<p>TBMM Ba\u015fkan\u0131 Cemil \u00c7i\u00e7ek 30 A\u011fustos hakk\u0131nda yapt\u0131\u011f\u0131 a\u00e7\u0131klamada, &#8220;B\u00fcy\u00fck Taarruz ile tarihi bir m\u00fccadele veren ecdad\u0131m\u0131z bize \u015fanl\u0131 bir tarih ve ba\u011f\u0131ms\u0131z bir \u00fclke b\u0131rakm\u0131\u015flard\u0131r. B\u0131rakt\u0131klar\u0131 b\u00fcy\u00fck mirasa sahip \u00e7\u0131karak, ondan ilham almaya devam edece\u011fiz&#8221; dedi.<\/p>\n<h2>30 A\u011fustos Zafer Bayram\u0131&#8217; n\u0131n 90. y\u0131l d\u00f6n\u00fcm\u00fcnde siyasi liderlerin mesajlar\u0131<\/h2>\n<p><strong>Ba\u015fbakan Recep Tayyip Erdo\u011fan 30 A\u011fustos Zafer Bayram\u0131 mesaj\u0131<\/strong><\/p>\n<p>&#8220;Tarih boyunca birlik ve beraberli\u011fimizi y\u0131kmaya tevess\u00fcl eden her t\u00fcrl\u00fc giri\u015fimi, her t\u00fcrl\u00fc sald\u0131r\u0131y\u0131 bo\u015fa \u00e7\u0131karan aziz milletimiz, 30 A\u011fustos 1922\u2019de Dumlup\u0131nar\u2019da elde etti\u011fi b\u00fcy\u00fck zaferle birlikte ayr\u0131lmaz bir b\u00fct\u00fcn oldu\u011funu t\u00fcm d\u00fcnyaya ilan etmi\u015ftir. Bug\u00fcn, bizlere d\u00fc\u015fen, b\u00fct\u00fcn imk\u00e2ns\u0131zl\u0131klara, b\u00fct\u00fcn yokluklara ra\u011fmen t\u00fcrl\u00fc zorluklar\u0131 a\u015farak kurdu\u011fumuz Cumhuriyetimizi, birlik ve beraberlik i\u00e7inde, bin y\u0131ldan bu yana s\u00fcrd\u00fcrd\u00fc\u011f\u00fcm\u00fcz karde\u015flik ruhu i\u00e7inde daha da y\u00fcceltmek, daha da g\u00fc\u00e7lendirmek olmal\u0131d\u0131r. Bar\u0131\u015f i\u00e7inde bir arada ya\u015fama tecr\u00fcbesini, tarihten tevar\u00fcs etti\u011fi adalet ve e\u015fitlik ilkesini Cumhuriyet\u2019ini demokrasiyle ta\u00e7land\u0131rarak g\u00f6steren T\u00fcrkiye , bug\u00fcn b\u00f6lgesinin \u00fcst\u00fcn bir g\u00fcc\u00fc ve istikrar unsuru olarak, b\u00f6lgesel ve k\u00fcresel bar\u0131\u015fa da de\u011ferli katk\u0131lar sa\u011flamaktad\u0131r. \u0130nan\u0131yorum ki T\u00fcrkiye , milletiyle b\u00f6l\u00fcnmez bir b\u00fct\u00fcn olarak, bug\u00fcn karde\u015fli\u011fimize kasteden ter\u00f6r ve benzeri t\u00fcm tehditlerin \u00fcstesinden gelecek, \u00e7ok daha parlak, \u00e7ok daha ayd\u0131nl\u0131k bir gelece\u011fe kavu\u015facakt\u0131r.&#8221;<\/p>\n<p><strong>CHP Genel Ba\u015fkan\u0131 Kemal K\u0131l\u0131\u00e7daro\u011flu 30 A\u011fustos Zafer Bayram\u0131 mesaj\u0131<\/strong><\/p>\n<p>&#8220;30 A\u011fustos; ulusumuzu esir etmek isteyen emperyalist g\u00fc\u00e7lere kar\u015f\u0131, toplumun t\u00fcm kesimlerinin dil, din, \u0131rk, mezhep ve inan\u00e7 fark\u0131 g\u00f6zetmeksizin bir araya geldi\u011fi, yan yana, omuz omuza m\u00fccadele vererek zafer destan\u0131n\u0131n yaz\u0131ld\u0131\u011f\u0131 g\u00fcnd\u00fcr. 30 A\u011fustos Zafer Bayram\u0131 hem Cumhuriyet\u2019e ve demokrasiye a\u00e7\u0131lan bir kap\u0131, hem de \u00e7o\u011fulculu\u011fa ve \u00e7ok seslili\u011fe giden yoldur. 30 A\u011fustos, Atat\u00fcrk ilke ve devrimlerinin filizlenerek k\u00f6k salmaya ba\u015flayaca\u011f\u0131 s\u00fcrecin yolunu a\u00e7an Zafer Bayram\u0131\u2019n\u0131n tarihe kaydedili\u015fidir. Birlik ve beraberli\u011fimizi ge\u00e7mi\u015fte oldu\u011fu gibi bug\u00fcn de bozmak isteyen baz\u0131 g\u00fc\u00e7ler olacakt\u0131r. Ancak bu g\u00fc\u00e7lere kar\u015f\u0131 90 y\u0131l \u00f6nce nas\u0131l m\u00fccadele ettiysek bug\u00fcn de ayn\u0131 m\u00fccadeleyi verme karar ve azmindeyiz. Milletimizi b\u00f6lmek isteyen ter\u00f6re kar\u015f\u0131 hep birlikte, karde\u015fli\u011fimizi koruyarak m\u00fccadele edece\u011fiz.&#8221;<\/p>\n<p><strong>MHP Genel Ba\u015fkan\u0131 Devlet Bah\u00e7eli\u00a030 A\u011fustos Zafer Bayram\u0131 mesaj\u0131<\/strong><\/p>\n<p><strong><\/strong>&#8220;Ge\u00e7ti\u011fimiz y\u0131ldan itibaren milli g\u00fcn, bayram ve haftalarla ilgili kutlamalar\u0131n suland\u0131r\u0131ld\u0131\u011f\u0131 ve a\u015f\u0131nd\u0131r\u0131lmaya \u00e7al\u0131\u015f\u0131ld\u0131\u011f\u0131 herkesin malumudur. Bundan 30 A\u011fustos Zafer Bayram\u0131 kutlamalar\u0131 da ziyadesiyle nasibini alm\u0131\u015ft\u0131r. Unutulmamal\u0131d\u0131r ki 30 A\u011fustos Zaferi, T\u00fcrk ordusunun milletiyle tam olarak birle\u015fmesinin ve b\u00fct\u00fcnle\u015fmesinin eseri olarak hepimizin hakl\u0131 gururudur. Bu nedenle aziz milletimiz ahde vefas\u0131n\u0131 g\u00f6stererek 30 A\u011fustos Zaferi\u2019nin manevi itibar\u0131n\u0131, temsilcili\u011fini ve onurunu T\u00fcrk ordusuna vermi\u015ftir. 23 Nisan Ulusal Egemenlik ve \u00c7ocuk Bayram\u0131 TBMM \u2019nin h\u00fckm\u00fc \u015fahs\u0131yla veya 29 Ekim Cumhuriyet Bayram\u0131 Cumhurba\u015fkanl\u0131\u011f\u0131 makam\u0131yla nas\u0131l i\u00e7i\u00e7e ge\u00e7mi\u015fse, 30 A\u011fustos Zafer kutlamas\u0131 da d\u00fcne kadar Genelkurmay Ba\u015fkanl\u0131\u011f\u0131yla \u00f6zde\u015fle\u015fmi\u015ftir. Ne var ki bu durum ge\u00e7ti\u011fimiz y\u0131l de\u011fi\u015ftirilmi\u015f ve s\u00f6zde yeni d\u00fczenlemeyle tahrip edilmi\u015ftir. Unutulmamal\u0131d\u0131r ki Zafer Bayram\u0131\u2019ndaki tebrikat kabul makam\u0131n\u0131n farkl\u0131la\u015fmas\u0131 ne demokrasiye, ne siville\u015fmeye, ne de \u00f6zg\u00fcrle\u015fmeye hi\u00e7bir katk\u0131 sa\u011flamayacak ve \u00fcstelik bunlar\u0131n geli\u015fmesine de hizmet etmeyecektir.&#8221;<\/p>\n<!-- Error, Advert is not available at this time due to schedule\/geolocation restrictions! -->\n","protected":false},"excerpt":{"rendered":"<p>30 A\u011fustos Zafer Bayram\u0131 90. y\u0131l d\u00f6n\u00fcm\u00fc t\u00f6renlerle kutlan\u0131yor. 30 A\u011fustos Zafer Bayram\u0131&#8217; n\u0131n 90. y\u0131l d\u00f6n\u00fcm\u00fcnde siyasi liderlerin mesajlar\u0131<\/p>\n","protected":false},"author":651,"featured_media":117310,"comment_status":"open","ping_status":"open","sticky":false,"template":"","format":"standard","meta":{"_acf_changed":false,"footnotes":""},"categories":[6155,763,5005,6805],"tags":[78766,42649,42650,4353,78768],"class_list":["post-117308","post","type-post","status-publish","format-standard","has-post-thumbnail","hentry","category-gundem","category-gunun-olayi","category-manset","category-turkiye","tag-30-agustos","tag-30-agustos-zafer-bayrami","tag-30-agustos-zafer-bayrami-kutlamalari","tag-cumhurbaskani-abdullah-gul","tag-zafer-bayrami"],"acf":[],"_links":{"self":[{"href":"https:\/\/www.nationalturk.com\/tr\/wp-json\/wp\/v2\/posts\/117308","targetHints":{"allow":["GET"]}}],"collection":[{"href":"https:\/\/www.nationalturk.com\/tr\/wp-json\/wp\/v2\/posts"}],"about":[{"href":"https:\/\/www.nationalturk.com\/tr\/wp-json\/wp\/v2\/types\/post"}],"author":[{"embeddable":true,"href":"https:\/\/www.nationalturk.com\/tr\/wp-json\/wp\/v2\/users\/651"}],"replies":[{"embeddable":true,"href":"https:\/\/www.nationalturk.com\/tr\/wp-json\/wp\/v2\/comments?post=117308"}],"version-history":[{"count":0,"href":"https:\/\/www.nationalturk.com\/tr\/wp-json\/wp\/v2\/posts\/117308\/revisions"}],"wp:featuredmedia":[{"embeddable":true,"href":"https:\/\/www.nationalturk.com\/tr\/wp-json\/wp\/v2\/media\/117310"}],"wp:attachment":[{"href":"https:\/\/www.nationalturk.com\/tr\/wp-json\/wp\/v2\/media?parent=117308"}],"wp:term":[{"taxonomy":"category","embeddable":true,"href":"https:\/\/www.nationalturk.com\/tr\/wp-json\/wp\/v2\/categories?post=117308"},{"taxonomy":"post_tag","embeddable":true,"href":"https:\/\/www.nationalturk.com\/tr\/wp-json\/wp\/v2\/tags?post=117308"}],"curies":[{"name":"wp","href":"https:\/\/api.w.org\/{rel}","templated":true}]}}