{"id":117448,"date":"2012-08-31T15:38:45","date_gmt":"2012-08-31T12:38:45","guid":{"rendered":"http:\/\/www.nationalturk.com\/?p=117448"},"modified":"2012-08-31T15:38:45","modified_gmt":"2012-08-31T12:38:45","slug":"universitelerde-inkilap-tarihi-dersi-kalkiyor-117448","status":"publish","type":"post","link":"https:\/\/www.nationalturk.com\/tr\/universitelerde-inkilap-tarihi-dersi-kalkiyor-117448\/","title":{"rendered":"\u00dcniversitelerde \u0130nk\u0131lap Tarihi dersi tarih oluyor ! \u0130nkilap Dersi kalk\u0131yor"},"content":{"rendered":"<figure id=\"attachment_117452\" aria-describedby=\"caption-attachment-117452\" style=\"width: 313px\" class=\"wp-caption alignleft\"><img loading=\"lazy\" decoding=\"async\" class=\"size-full wp-image-117452\" title=\"\u00dcniversitelerde \u0130nk\u0131lap Tarihi dersi tarih oluyor ! \" src=\"http:\/\/www.nationalturk.com\/tr\/wp-content\/uploads\/2012\/08\/universitelerde-yok-inkilap-tarihi-kaldiriliyor-nationalturk-0455.jpg\" alt=\"\u00dcniversitelerde \u0130nk\u0131lap Tarihi dersi tarih oluyor ! \" width=\"313\" height=\"215\" srcset=\"https:\/\/www.nationalturk.com\/tr\/wp-content\/uploads\/2012\/08\/universitelerde-yok-inkilap-tarihi-kaldiriliyor-nationalturk-0455.jpg 313w, https:\/\/www.nationalturk.com\/tr\/wp-content\/uploads\/2012\/08\/universitelerde-yok-inkilap-tarihi-kaldiriliyor-nationalturk-0455-280x192.jpg 280w\" sizes=\"auto, (max-width: 313px) 100vw, 313px\" \/><figcaption id=\"caption-attachment-117452\" class=\"wp-caption-text\">\u00dcniversitelerde \u0130nk\u0131lap Tarihi dersi tarih oluyor !<\/figcaption><\/figure>\n<h1>Y\u00d6K Ba\u015fkan\u0131 G\u00f6khan \u00c7etinsaya, \u00fcniversitelerde okutulmas\u0131 zorunlu dersler aras\u0131nda yer alan Atat\u00fcrk \u0130lkeleri ve \u0130nk\u0131lap Tarihi dersinin kald\u0131r\u0131lmas\u0131yla ilgili \u00e7al\u0131\u015fmay\u0131 g\u00fcndemlerine ald\u0131klar\u0131n\u0131 belirtti. \u0130nkilap Tarihi Kald\u0131r\u0131l\u0131yor!<\/h1>\n<p>Ankara \/ NationalTurk &#8211; \u00dcniversitelerde okutulmas\u0131 zorunlu dersler aras\u0131nda yer alan Atat\u00fcrk \u0130lkeleri ve \u0130nk\u0131lap Tarihi dersinin kald\u0131r\u0131laca\u011f\u0131 iddia edildi.<\/p>\n<p>Y\u00fcksek\u00f6\u011fretim kanunundaki &#8216;Atat\u00fcrk milliyet\u00e7ili\u011fine ba\u011fl\u0131&#8217; \u00f6\u011frenciler yeti\u015ftirme amac\u0131yla konulmu\u015f olan \u0130nkilap Tarihi dersinin kald\u0131r\u0131lmas\u0131yla ilgili Y\u00d6K Ba\u015fkan\u0131 G\u00f6khan \u00c7etinsaya, Taraf gazetesine a\u00e7\u0131klamalarda bulundu.<\/p>\n<p>\u00c7etinsaya, \u201cDersin ve \u00fcniversitelerdeki Atat\u00fcrk \u0130lkeleri ve \u0130nk\u0131l\u00e2p Tarihi Enstit\u00fcleri\u2019nin kald\u0131r\u0131lmas\u0131 i\u00e7in \u00e7al\u0131\u015fmalar yap\u0131l\u0131yor mu?\u201d sorusuna \u00a0&#8216;Y\u00fcksek\u00f6\u011fretim yasas\u0131 de\u011fi\u015fikli\u011fi kapsam\u0131nda bu konular g\u00fcndemimizde, tart\u0131\u015f\u0131l\u0131yor&#8217; cevab\u0131 vermesi iddialar\u0131 g\u00fc\u00e7lendirdi.<\/p>\n<h2>\u00dcniverstelerde \u0130nkilap Dersi 1981 Anayasas\u0131 kaynakl\u0131<\/h2>\n<p>\u00dcniversitelerde T\u00fcrk Dili ve Edebiyat\u0131 dersiyle birlikte t\u00fcm \u00f6\u011frencilerin almas\u0131 zorunlu olan Atat\u00fcrk \u0130lkeleri dersinin yasal dayana\u011f\u0131n\u0131 1981 tarihli y\u00fcksek\u00f6\u011fretim yasas\u0131 olu\u015fturuyor.<\/p>\n<p>Yasada y\u00fcksek\u00f6\u011fretimin ama\u00e7lar\u0131 s\u0131ralan\u0131rken \u00f6\u011frencileri, \u201cAtat\u00fcrk \u0130nk\u0131l\u00e2plar\u0131 ve ilkeleri do\u011frultusunda Atat\u00fcrk milliyet\u00e7ili\u011fine ba\u011fl\u0131\u201d yeti\u015ftirmek birinci s\u0131rada yer al\u0131yor. \u00c7etinsaya\u2019n\u0131n a\u00e7\u0131klamas\u0131, bu ifadenin de de\u011fi\u015febilece\u011fine delalet ediyor.<\/p>\n<!-- Error, Advert is not available at this time due to schedule\/geolocation restrictions! -->\n<span style=\"font-weight: bold; color: #f00;\">Error, group does not exist! Check your syntax! (ID: 68)<\/span>\n","protected":false},"excerpt":{"rendered":"<p>Y\u00d6K Ba\u015fkan\u0131 G\u00f6khan \u00c7etinsaya, \u00fcniversitelerde okutulmas\u0131 zorunlu dersler aras\u0131nda yer alan Atat\u00fcrk \u0130lkeleri ve \u0130nk\u0131lap Tarihi dersinin kald\u0131r\u0131lmas\u0131yla ilgili \u00e7al\u0131\u015fmay\u0131 g\u00fcndemlerine ald\u0131klar\u0131n\u0131 belirtti. \u0130nkilap Tarihi Kald\u0131r\u0131l\u0131yor<\/p>\n","protected":false},"author":683,"featured_media":117452,"comment_status":"open","ping_status":"open","sticky":false,"template":"","format":"standard","meta":{"_acf_changed":false,"footnotes":""},"categories":[6663,6155,5005,6202,349,6805],"tags":[103943,101142,7328,12850],"class_list":["post-117448","post","type-post","status-publish","format-standard","has-post-thumbnail","hentry","category-egitim","category-gundem","category-manset","category-politika","category-son-dakika","category-turkiye","tag-gokhan-cetinsaya","tag-inkilap-tarihi","tag-yok","tag-yok-baskani"],"acf":[],"_links":{"self":[{"href":"https:\/\/www.nationalturk.com\/tr\/wp-json\/wp\/v2\/posts\/117448","targetHints":{"allow":["GET"]}}],"collection":[{"href":"https:\/\/www.nationalturk.com\/tr\/wp-json\/wp\/v2\/posts"}],"about":[{"href":"https:\/\/www.nationalturk.com\/tr\/wp-json\/wp\/v2\/types\/post"}],"author":[{"embeddable":true,"href":"https:\/\/www.nationalturk.com\/tr\/wp-json\/wp\/v2\/users\/683"}],"replies":[{"embeddable":true,"href":"https:\/\/www.nationalturk.com\/tr\/wp-json\/wp\/v2\/comments?post=117448"}],"version-history":[{"count":0,"href":"https:\/\/www.nationalturk.com\/tr\/wp-json\/wp\/v2\/posts\/117448\/revisions"}],"wp:featuredmedia":[{"embeddable":true,"href":"https:\/\/www.nationalturk.com\/tr\/wp-json\/wp\/v2\/media\/117452"}],"wp:attachment":[{"href":"https:\/\/www.nationalturk.com\/tr\/wp-json\/wp\/v2\/media?parent=117448"}],"wp:term":[{"taxonomy":"category","embeddable":true,"href":"https:\/\/www.nationalturk.com\/tr\/wp-json\/wp\/v2\/categories?post=117448"},{"taxonomy":"post_tag","embeddable":true,"href":"https:\/\/www.nationalturk.com\/tr\/wp-json\/wp\/v2\/tags?post=117448"}],"curies":[{"name":"wp","href":"https:\/\/api.w.org\/{rel}","templated":true}]}}