{"id":117562,"date":"2012-09-03T15:14:28","date_gmt":"2012-09-03T12:14:28","guid":{"rendered":"http:\/\/www.nationalturk.com\/?p=117562"},"modified":"2012-09-03T15:59:03","modified_gmt":"2012-09-03T12:59:03","slug":"fenerbahce-transfer-chelsea-nin-portekizli-yildizi-meireles-fenerbahce-de-117562","status":"publish","type":"post","link":"https:\/\/www.nationalturk.com\/tr\/fenerbahce-transfer-chelsea-nin-portekizli-yildizi-meireles-fenerbahce-de-117562\/","title":{"rendered":"Fenerbah\u00e7e&#8217;nin yeni transferi Raul Meireles \u0130stanbul&#8217;da"},"content":{"rendered":"<h1><a href=\"http:\/\/www.nationalturk.com\/tr\/wp-content\/uploads\/2012\/09\/raul-meireles-fenerbahce-de-nationalturk1.jpg\"><img loading=\"lazy\" decoding=\"async\" class=\"alignnone size-full wp-image-117564\" title=\"Raul Meireles Fenerbah\u00e7e&#039;de NationalTurk\" src=\"http:\/\/www.nationalturk.com\/tr\/wp-content\/uploads\/2012\/09\/raul-meireles-fenerbahce-de-nationalturk1.jpg\" alt=\"\" width=\"613\" height=\"248\" srcset=\"https:\/\/www.nationalturk.com\/tr\/wp-content\/uploads\/2012\/09\/raul-meireles-fenerbahce-de-nationalturk1.jpg 613w, https:\/\/www.nationalturk.com\/tr\/wp-content\/uploads\/2012\/09\/raul-meireles-fenerbahce-de-nationalturk1-280x113.jpg 280w, https:\/\/www.nationalturk.com\/tr\/wp-content\/uploads\/2012\/09\/raul-meireles-fenerbahce-de-nationalturk1-610x246.jpg 610w\" sizes=\"auto, (max-width: 613px) 100vw, 613px\" \/><\/a><\/h1>\n<h1>Chelsea&#8217;nin Portekizli y\u0131ld\u0131z\u0131 Meireles Fenerbah\u00e7e&#8217;de&#8230; Sar\u0131-lacivertli kul\u00fcp uzun zamand\u0131r g\u00fcndemi me\u015fgul eden orta saha transferi i\u00e7in arad\u0131\u011f\u0131 ismi buldu \/ Fenerbah\u00e7e Transfer Haberleri<\/h1>\n<p>Transfer \u00e7al\u0131\u015fmalar\u0131n\u0131 s\u00fcrd\u00fcren Fenerbah\u00e7e, Chelsea\u2019nin Portekizli orta saha oyuncusu Raul Meireles\u2019le g\u00f6r\u00fc\u015fmelere ba\u015fland\u0131\u011f\u0131n\u0131 borsaya bildirdi. Milliyet Gazetesi&#8217;nin haberine g\u00f6re, sar\u0131-lacivertli kul\u00fcp taraf\u0131ndan KAP&#8217;a yap\u0131lan a\u00e7\u0131klamada, &#8220;Chelsea Futbol Kul\u00fcb\u00fc oyuncusu Raul Meireles&#8217;in Kul\u00fcb\u00fcm\u00fcze transferi i\u00e7in g\u00f6r\u00fc\u015f\u00fclmelere ba\u015flanm\u0131\u015ft\u0131r&#8221; denildi.<\/p>\n<p>Emre&#8217;nin gidi\u015finin ard\u0131ndan sar\u0131-lacivertli ekip orta sahada b\u00fcy\u00fck s\u0131k\u0131nt\u0131lar ya\u015famas\u0131yla birlikte \u00e7ok ele\u015ftiri alm\u0131\u015ft\u0131. Bu sonu \u00e7\u00f6zmek i\u00e7in kollar\u0131n\u0131 s\u0131vayan y\u00f6netim transfer i\u00e7in \u015eampiyonlar Ligi \u00f6n eleme ma\u00e7lar\u0131n\u0131n sonu\u00e7lanmas\u0131n\u0131 beklemi\u015fti.Fenerbah\u00e7e, Raul Meireles&#8217;in transferi konusunda Chelsea ile g\u00f6r\u00fc\u015fmelere ba\u015flad\u0131\u011f\u0131n\u0131 borsaya bildirdi.<\/p>\n<h2>Raul Meireles \u0130stanbul&#8217;da<\/h2>\n<p>Transfer \u00e7al\u0131\u015fmalar\u0131n\u0131 s\u00fcrd\u00fcren Fenerbah\u00e7e&#8217;nin g\u00f6r\u00fc\u015fmelere ba\u015fland\u0131\u011f\u0131n\u0131 bildirdi\u011fi, Chelsea\u2019nin Portekizli orta saha oyuncusu Raul Meireles \u0130stanbul&#8217;a geldi.<\/p>\n<h3>Raul Meireles kimdir?<\/h3>\n<p>17 Mart 1983\u2019te Portekiz\u2019in Porto \u015fehrinde d\u00fcnyaya gelen Raul Jos\u00e9 Trindade Meireles futbola 1999 y\u0131l\u0131nda Boavista\u2019n\u0131n alt yap\u0131s\u0131nda ba\u015flad\u0131. Orta saha mevkiinde oynayan Raul Meireles 2001 yaz\u0131nda Portekiz \u0130kinci Lig ekiplerinden Aves\u2019e kiraland\u0131. 2 sezon Aves\u2019te oynayan ve 42 ma\u00e7a \u00e7\u0131kan Portekizli y\u0131ld\u0131z 2003-2004 sezonunda yeniden Boavista\u2019ya d\u00f6nd\u00fc. Boavista ile Portekiz Birinci Ligi\u2019nde 29 ma\u00e7ta forma giyen Meireles 2004 y\u0131l\u0131n\u0131n Temmuz ay\u0131nda Porto ile 5 y\u0131ll\u0131k s\u00f6zle\u015fme imzalad\u0131.<\/p>\n<p>2004-2010 y\u0131llar\u0131 aras\u0131nda Porto ile 138 lig ma\u00e7\u0131na \u00e7\u0131kan raul Meireles 15 gol att\u0131. gollerinin yan\u0131 s\u0131ra ligde yapt\u0131\u011f\u0131 21 asist ve sergiledi\u011fi futbolla da \u00f6n plana \u00e7\u0131kan y\u0131ld\u0131z futbolcu tak\u0131m\u0131na lig \u015fampiyonluklar\u0131nda b\u00fcy\u00fck katk\u0131 sa\u011flad\u0131. Meireles 2005\/06, 2006\/07, 2007\/08 ve 2008\/09 sezonlar\u0131nda Porto ile lig \u015fampiyonlu\u011fu ya\u015fad\u0131.<br \/>\nPorto ile 2006, 2009 ve 2010 y\u0131llar\u0131nda Portekiz Kupas\u0131 ve Portekiz S\u00fcper Kupas\u0131\u2019n\u0131 da kazanan y\u0131ld\u0131z futbolcu 2010 y\u0131l\u0131n\u0131n a\u011fustos ay\u0131nda \u0130ngiltere Premier Lig ekiplerinden Liverpool\u2019a transfer oldu. 1 sezon Liverpool formas\u0131 giyen Raul Meireles ligde 35 ma\u00e7a \u00e7\u0131karken 5 gol kaydetti.<\/p>\n<p>2011 y\u0131l\u0131nda Chelsea\u2019ye transfer olan Meireles, mavilerde 31 lig ma\u00e7\u0131nda 2 gol att\u0131. Portekizli y\u0131ld\u0131z ge\u00e7en sezon Chelsea\u2019nin \u015eampiyonlar Ligi \u015eampiyonlu\u011fu\u2019na ula\u015fmas\u0131nda da b\u00fcy\u00fck pay sahibiydi. Avrupa kupalar\u0131nda Chelsea ile 11 ma\u00e7a \u00e7\u0131kan ve 2 gol &#8211; 1 asistlik performans sergileyen Meireles \u0130ngiliz ekibiyle FA Cup \u015fampiyonlu\u011fu da ya\u015fad\u0131.<\/p>\n<p>Kul\u00fcp kariyerinde \u00f6nemli ba\u015far\u0131lar kazanan Raul Meireles Portekiz Milli Tak\u0131m\u0131\u2019n\u0131n da en etkili oyuncular\u0131ndan. Portekiz 16 Ya\u015f Alt\u0131 Milli Tak\u0131m\u0131 ile 2000 y\u0131l\u0131nda Avrupa \u015fampiyonlu\u011fu ya\u015fayan Meireles 2006 y\u0131l\u0131nda ilk kez Portekiz A Milli Tak\u0131m\u0131\u2019na \u00e7a\u011fr\u0131ld\u0131. Y\u0131ld\u0131z futbolcu Portekiz ile ilk gol\u00fcn\u00fc 2008 Avrupa Futbol \u015eampiyonas\u0131 A Grubu\u2019nda T\u00fcrkiye ile oynanan ma\u00e7ta att\u0131. Portekiz Milli Tak\u0131m\u0131 ile 62 ma\u00e7a \u00e7\u0131kan Raul Meireles 8 gol kaydetti.<\/p>\n<!-- Error, Advert is not available at this time due to schedule\/geolocation restrictions! -->\n","protected":false},"excerpt":{"rendered":"<p>Chelsea&#8217;nin Portekizli y\u0131ld\u0131z\u0131 Meireles Fenerbah\u00e7e&#8217;de&#8230; Sar\u0131-lacivertli kul\u00fcp uzun zamand\u0131r g\u00fcndemi me\u015fgul eden orta saha transferi i\u00e7in arad\u0131\u011f\u0131 ismi buldu \/ Fenerbah\u00e7e Transfer Haberleri<\/p>\n","protected":false},"author":28,"featured_media":117564,"comment_status":"open","ping_status":"open","sticky":false,"template":"","format":"standard","meta":{"_acf_changed":false,"footnotes":""},"categories":[6774,6155,5005,6667,349,6194],"tags":[1036,110237,10555,26981,849,109856,110239,10061,31126,109853,828],"class_list":["post-117562","post","type-post","status-publish","format-standard","has-post-thumbnail","hentry","category-futbol","category-gundem","category-manset","category-medya","category-son-dakika","category-spor","tag-chelsea","tag-chelsea-raul-meireles","tag-emre","tag-emre-belozoglu","tag-fenerbahce","tag-fenerbahce-raul-meireles","tag-meireles","tag-nationalturk","tag-raul-meireles","tag-raul-meireles-fenerbahcede","tag-sampiyonlar-ligi"],"acf":[],"_links":{"self":[{"href":"https:\/\/www.nationalturk.com\/tr\/wp-json\/wp\/v2\/posts\/117562","targetHints":{"allow":["GET"]}}],"collection":[{"href":"https:\/\/www.nationalturk.com\/tr\/wp-json\/wp\/v2\/posts"}],"about":[{"href":"https:\/\/www.nationalturk.com\/tr\/wp-json\/wp\/v2\/types\/post"}],"author":[{"embeddable":true,"href":"https:\/\/www.nationalturk.com\/tr\/wp-json\/wp\/v2\/users\/28"}],"replies":[{"embeddable":true,"href":"https:\/\/www.nationalturk.com\/tr\/wp-json\/wp\/v2\/comments?post=117562"}],"version-history":[{"count":0,"href":"https:\/\/www.nationalturk.com\/tr\/wp-json\/wp\/v2\/posts\/117562\/revisions"}],"wp:featuredmedia":[{"embeddable":true,"href":"https:\/\/www.nationalturk.com\/tr\/wp-json\/wp\/v2\/media\/117564"}],"wp:attachment":[{"href":"https:\/\/www.nationalturk.com\/tr\/wp-json\/wp\/v2\/media?parent=117562"}],"wp:term":[{"taxonomy":"category","embeddable":true,"href":"https:\/\/www.nationalturk.com\/tr\/wp-json\/wp\/v2\/categories?post=117562"},{"taxonomy":"post_tag","embeddable":true,"href":"https:\/\/www.nationalturk.com\/tr\/wp-json\/wp\/v2\/tags?post=117562"}],"curies":[{"name":"wp","href":"https:\/\/api.w.org\/{rel}","templated":true}]}}