{"id":117576,"date":"2012-09-03T15:59:00","date_gmt":"2012-09-03T12:59:00","guid":{"rendered":"http:\/\/www.nationalturk.com\/?p=117576"},"modified":"2012-09-03T16:01:42","modified_gmt":"2012-09-03T13:01:42","slug":"bursaspor-transfer-tuncay-sanli-bursaspor-da-117576","status":"publish","type":"post","link":"https:\/\/www.nationalturk.com\/tr\/bursaspor-transfer-tuncay-sanli-bursaspor-da-117576\/","title":{"rendered":"Son dakika; Tuncay \u015eanl\u0131 Bursaspor&#8217;da"},"content":{"rendered":"<h1><a href=\"http:\/\/www.nationalturk.com\/tr\/wp-content\/uploads\/2012\/09\/tuncay-sanli-bursaspor-da-nationalturk1.jpeg\"><img loading=\"lazy\" decoding=\"async\" class=\"alignnone size-full wp-image-117578\" title=\"Tuncay \u015eanl\u0131 Bursaspor&#039;a NationalTurk \" src=\"http:\/\/www.nationalturk.com\/tr\/wp-content\/uploads\/2012\/09\/tuncay-sanli-bursaspor-da-nationalturk1.jpeg\" alt=\"\" width=\"613\" height=\"250\" srcset=\"https:\/\/www.nationalturk.com\/tr\/wp-content\/uploads\/2012\/09\/tuncay-sanli-bursaspor-da-nationalturk1.jpeg 613w, https:\/\/www.nationalturk.com\/tr\/wp-content\/uploads\/2012\/09\/tuncay-sanli-bursaspor-da-nationalturk1-280x114.jpg 280w, https:\/\/www.nationalturk.com\/tr\/wp-content\/uploads\/2012\/09\/tuncay-sanli-bursaspor-da-nationalturk1-610x248.jpg 610w\" sizes=\"auto, (max-width: 613px) 100vw, 613px\" \/><\/a><\/h1>\n<h1>Tuncay \u015eanl\u0131 Bursaspor&#8217;da&#8230; Bursaspor, Tuncay \u015eanl\u0131&#8217;y\u0131 renklerine ba\u011flad\u0131&#8230; Ye\u015fil beyazl\u0131lar, Wolfsburg&#8217;dan ayr\u0131lan tecr\u00fcbeli oyuncuyla 3 y\u0131ll\u0131k s\u00f6zle\u015fme imzalad\u0131 \/ Bursaspor Transfer Haberleri<\/h1>\n<p>Bursaspor, Wolfsburg&#8217;la yollar\u0131n\u0131 ay\u0131ran ve bo\u015fta olan Tuncay \u015eanl\u0131 ile yapt\u0131\u011f\u0131 g\u00f6r\u00fc\u015fmeleri olumlu sonu\u00e7land\u0131rd\u0131. Ye\u015fil beyazl\u0131lar, tecr\u00fcbeli oyuncuyla 3 y\u0131ll\u0131k s\u00f6zle\u015fme imzalad\u0131.<\/p>\n<!-- Error, Advert is not available at this time due to schedule\/geolocation restrictions! -->\n","protected":false},"excerpt":{"rendered":"<p>Tuncay \u015eanl\u0131 Bursaspor&#8217;da&#8230; Bursaspor, Tuncay \u015eanl\u0131&#8217;y\u0131 renklerine ba\u011flad\u0131&#8230; Ye\u015fil beyazl\u0131lar, Wolfsburg&#8217;dan ayr\u0131lan tecr\u00fcbeli oyuncuyla 3 y\u0131ll\u0131k s\u00f6zle\u015fme imzalad\u0131 \/ Bursaspor Transfer Haberleri<\/p>\n","protected":false},"author":28,"featured_media":117578,"comment_status":"open","ping_status":"open","sticky":false,"template":"","format":"standard","meta":{"_acf_changed":false,"footnotes":""},"categories":[6774,6155,5005,6667,349,6194],"tags":[4882,8534,29688],"class_list":["post-117576","post","type-post","status-publish","format-standard","has-post-thumbnail","hentry","category-futbol","category-gundem","category-manset","category-medya","category-son-dakika","category-spor","tag-bursaspor","tag-tuncay-sanli","tag-wolfsburg"],"acf":[],"_links":{"self":[{"href":"https:\/\/www.nationalturk.com\/tr\/wp-json\/wp\/v2\/posts\/117576","targetHints":{"allow":["GET"]}}],"collection":[{"href":"https:\/\/www.nationalturk.com\/tr\/wp-json\/wp\/v2\/posts"}],"about":[{"href":"https:\/\/www.nationalturk.com\/tr\/wp-json\/wp\/v2\/types\/post"}],"author":[{"embeddable":true,"href":"https:\/\/www.nationalturk.com\/tr\/wp-json\/wp\/v2\/users\/28"}],"replies":[{"embeddable":true,"href":"https:\/\/www.nationalturk.com\/tr\/wp-json\/wp\/v2\/comments?post=117576"}],"version-history":[{"count":0,"href":"https:\/\/www.nationalturk.com\/tr\/wp-json\/wp\/v2\/posts\/117576\/revisions"}],"wp:featuredmedia":[{"embeddable":true,"href":"https:\/\/www.nationalturk.com\/tr\/wp-json\/wp\/v2\/media\/117578"}],"wp:attachment":[{"href":"https:\/\/www.nationalturk.com\/tr\/wp-json\/wp\/v2\/media?parent=117576"}],"wp:term":[{"taxonomy":"category","embeddable":true,"href":"https:\/\/www.nationalturk.com\/tr\/wp-json\/wp\/v2\/categories?post=117576"},{"taxonomy":"post_tag","embeddable":true,"href":"https:\/\/www.nationalturk.com\/tr\/wp-json\/wp\/v2\/tags?post=117576"}],"curies":[{"name":"wp","href":"https:\/\/api.w.org\/{rel}","templated":true}]}}