{"id":117583,"date":"2012-09-03T16:31:44","date_gmt":"2012-09-03T13:31:44","guid":{"rendered":"http:\/\/www.nationalturk.com\/?p=117583"},"modified":"2012-09-03T16:31:44","modified_gmt":"2012-09-03T13:31:44","slug":"suriyeli-siginmacilar-konusunda-cin-turkiye-uyardi-117583","status":"publish","type":"post","link":"https:\/\/www.nationalturk.com\/tr\/suriyeli-siginmacilar-konusunda-cin-turkiye-uyardi-117583\/","title":{"rendered":"T\u00fcrkiye&#8217; yi \u00c7in de uyard\u0131 !"},"content":{"rendered":"<figure id=\"attachment_117585\" aria-describedby=\"caption-attachment-117585\" style=\"width: 610px\" class=\"wp-caption alignnone\"><img loading=\"lazy\" decoding=\"async\" class=\"size-large wp-image-117585\" title=\"Suriye'de s\u0131\u011f\u0131nmac\u0131lar i\u00e7in g\u00fcvenli b\u00f6lge olu\u015fturulmas\u0131 konusunda \u00c7in h\u00f6yt dedi\" src=\"http:\/\/www.nationalturk.com\/tr\/wp-content\/uploads\/2012\/09\/suriye-siginmacilar-cin-nationalturk-0455-610x338.jpg\" alt=\"Suriye'de s\u0131\u011f\u0131nmac\u0131lar i\u00e7in g\u00fcvenli b\u00f6lge olu\u015fturulmas\u0131 konusunda \u00c7in h\u00f6yt dedi\" width=\"610\" height=\"338\" srcset=\"https:\/\/www.nationalturk.com\/tr\/wp-content\/uploads\/2012\/09\/suriye-siginmacilar-cin-nationalturk-0455-610x338.jpg 610w, https:\/\/www.nationalturk.com\/tr\/wp-content\/uploads\/2012\/09\/suriye-siginmacilar-cin-nationalturk-0455-280x155.jpg 280w, https:\/\/www.nationalturk.com\/tr\/wp-content\/uploads\/2012\/09\/suriye-siginmacilar-cin-nationalturk-0455.jpg 640w\" sizes=\"auto, (max-width: 610px) 100vw, 610px\" \/><figcaption id=\"caption-attachment-117585\" class=\"wp-caption-text\">Suriye&#39;de s\u0131\u011f\u0131nmac\u0131lar i\u00e7in g\u00fcvenli b\u00f6lge olu\u015fturulmas\u0131 konusunda \u00c7in h\u00f6yt dedi<\/figcaption><\/figure>\n<h1>\u00c7in&#8217;den T\u00fcrkiye&#8217;ye uyar\u0131 sert oldu: Suriye&#8217;de s\u0131\u011f\u0131nmac\u0131lar i\u00e7in g\u00fcvenli b\u00f6lge olu\u015fturulmas\u0131 konusunda \u00c7in, T\u00fcrkiye&#8217;nin Suriye&#8217;de g\u00fcvenli b\u00f6lge kurulmas\u0131 \u00f6nerisinin sonu\u00e7 vermeyece\u011fini iddia etti.<\/h1>\n<p>Ankara \/ NationalTurk &#8211; \u00c7in Kom\u00fcnist Partisi&#8217;nin s\u00f6zc\u00fcs\u00fc niteli\u011findeki &#8216;Halk\u0131n G\u00fcnl\u00fc\u011f\u00fc&#8217; gazetesi, T\u00fcrkiye&#8217;nin, \u00fclkelerinde ya\u015fanan i\u00e7 sava\u015f ve \u015fiddetten ka\u00e7an Suriyeli siviller i\u00e7in yabanc\u0131 \u00fclkelerin korumas\u0131 alt\u0131nda bir g\u00fcvenlik b\u00f6lgesi kurulmas\u0131 \u00f6nerisinin, Suriye&#8217;de giderek k\u00f6t\u00fcle\u015fen insani krize yarar\u0131 olmayaca\u011f\u0131n\u0131 yazd\u0131.<\/p>\n<p>Gazetedeki yaz\u0131da, &#8216; Tarih, g\u00fcvenli b\u00f6lgelerin m\u00fcltecilere hemen hemen hi\u00e7bir koruma sa\u011flayamad\u0131\u011f\u0131n\u0131 g\u00f6steriyor&#8217; denildi.<\/p>\n<h2>\u00c7in : Suriye&#8217;ye askeri m\u00fcdahale konusunda uyan\u0131k olunmal\u0131<\/h2>\n<p>\u00c7in gazetesi, baz\u0131 \u00fclkelerin, Suriye i\u00e7in insani yard\u0131m kavram\u0131n\u0131 bu \u00fclkenin i\u00e7 i\u015flerine kar\u0131\u015fma ve askeri m\u00fcdahale yolunda kullanma \u00e7abalar\u0131na kar\u015f\u0131 uyan\u0131k olunmas\u0131 gerekti\u011fini de kaydederek, hem T\u00fcrkiye&#8217;nin bu \u00fclkelerin ba\u015f\u0131n\u0131 \u00e7ekti\u011fini ima etti hem de aba alt\u0131ndan sopa g\u00f6sterdi.<\/p>\n<p>Suriye konusunda d\u00fcnya kutupla\u015f\u0131rken, \u00c7in ve Rusya Suriye&#8217;de Esad y\u00f6neteminin kalmas\u0131n\u0131 istiyor.<\/p>\n<!-- Error, Advert is not available at this time due to schedule\/geolocation restrictions! -->\n<!-- Error, Advert is not available at this time due to schedule\/geolocation restrictions! -->\n<p>&nbsp;<\/p>\n","protected":false},"excerpt":{"rendered":"<p>\u00c7in&#8217;den T\u00fcrkiye&#8217;ye uyar\u0131 sert oldu: Suriye&#8217;de s\u0131\u011f\u0131nmac\u0131lar i\u00e7in g\u00fcvenli b\u00f6lge olu\u015fturulmas\u0131 konusunda \u00c7in, T\u00fcrkiye&#8217;nin Suriye&#8217;de g\u00fcvenli b\u00f6lge kurulmas\u0131 \u00f6nerisinin sonu\u00e7 vermeyece\u011fini iddia etti<\/p>\n","protected":false},"author":683,"featured_media":182448,"comment_status":"open","ping_status":"open","sticky":false,"template":"","format":"standard","meta":{"_acf_changed":false,"footnotes":""},"categories":[6769,6665,6155,5005,6772,6202,349,6805],"tags":[87817,110257,109529,109526,61952,80264,72981,57372],"class_list":["post-117583","post","type-post","status-publish","format-standard","has-post-thumbnail","hentry","category-asya","category-dunya","category-gundem","category-manset","category-ortadogu","category-politika","category-son-dakika","category-turkiye","tag-suriye-asker","tag-suriye-askeri-mudahale","tag-suriye-cin","tag-suriye-ic-savas","tag-suriye-turkiye","tag-suriye-turkiye-siniri","tag-suriyeli-siginmacilar","tag-turkiye-suriye"],"acf":[],"_links":{"self":[{"href":"https:\/\/www.nationalturk.com\/tr\/wp-json\/wp\/v2\/posts\/117583","targetHints":{"allow":["GET"]}}],"collection":[{"href":"https:\/\/www.nationalturk.com\/tr\/wp-json\/wp\/v2\/posts"}],"about":[{"href":"https:\/\/www.nationalturk.com\/tr\/wp-json\/wp\/v2\/types\/post"}],"author":[{"embeddable":true,"href":"https:\/\/www.nationalturk.com\/tr\/wp-json\/wp\/v2\/users\/683"}],"replies":[{"embeddable":true,"href":"https:\/\/www.nationalturk.com\/tr\/wp-json\/wp\/v2\/comments?post=117583"}],"version-history":[{"count":0,"href":"https:\/\/www.nationalturk.com\/tr\/wp-json\/wp\/v2\/posts\/117583\/revisions"}],"wp:featuredmedia":[{"embeddable":true,"href":"https:\/\/www.nationalturk.com\/tr\/wp-json\/wp\/v2\/media\/182448"}],"wp:attachment":[{"href":"https:\/\/www.nationalturk.com\/tr\/wp-json\/wp\/v2\/media?parent=117583"}],"wp:term":[{"taxonomy":"category","embeddable":true,"href":"https:\/\/www.nationalturk.com\/tr\/wp-json\/wp\/v2\/categories?post=117583"},{"taxonomy":"post_tag","embeddable":true,"href":"https:\/\/www.nationalturk.com\/tr\/wp-json\/wp\/v2\/tags?post=117583"}],"curies":[{"name":"wp","href":"https:\/\/api.w.org\/{rel}","templated":true}]}}