{"id":117705,"date":"2012-09-05T16:31:28","date_gmt":"2012-09-05T13:31:28","guid":{"rendered":"http:\/\/www.nationalturk.com\/?p=117705"},"modified":"2012-09-05T16:31:28","modified_gmt":"2012-09-05T13:31:28","slug":"first-lady-kursuden-oy-istedi-barack-obama-dolu-gozlerle-izledi-117705","status":"publish","type":"post","link":"https:\/\/www.nationalturk.com\/tr\/first-lady-kursuden-oy-istedi-barack-obama-dolu-gozlerle-izledi-117705\/","title":{"rendered":"First Lady k\u00fcrs\u00fcden oy istedi, Barack Obama dolu g\u00f6zlerle izledi"},"content":{"rendered":"<figure id=\"attachment_117708\" aria-describedby=\"caption-attachment-117708\" style=\"width: 610px\" class=\"wp-caption alignnone\"><img loading=\"lazy\" decoding=\"async\" class=\"size-large wp-image-117708\" title=\"Michelle Obama Demokratlar\u0131n ulusal kongresinde k\u00fcrs\u00fcden seslendi...\" src=\"http:\/\/www.nationalturk.com\/tr\/wp-content\/uploads\/2012\/09\/michelle-obama-konusmasi-first-lady-demokrat-parti-amerika-nationalturk-0455-610x337.jpg\" alt=\"Michelle Obama Demokratlar\u0131n ulusal kongresinde k\u00fcrs\u00fcden seslendi...\" width=\"610\" height=\"340\" \/><figcaption id=\"caption-attachment-117708\" class=\"wp-caption-text\">Michelle Obama Demokratlar\u0131n ulusal kongresinde k\u00fcrs\u00fcden seslendi...<\/figcaption><\/figure>\n<h1>ABD&#8217;de ba\u015fkanl\u0131k se\u00e7imleri kampanyalar\u0131 k\u0131z\u0131\u015f\u0131rken, First Lady Michelle Obama e\u015fi ABD ba\u015fkan\u0131 Barack Obama ad\u0131na Amerikan se\u00e7menlerine seslendi : O 4 y\u0131l \u00f6nceki Obama, ona g\u00fcvenebilirsiniz. &#8216;<\/h1>\n<p>Washington \/ NationalTurk &#8211; Michelle Obama, North Carolina eyaletinin Charlotte \u015fehrinde yap\u0131lan Demokrat Parti Ulusal Kurultay\u0131&#8217;nda k\u00fcrs\u00fcye \u00e7\u0131kt\u0131. Pop\u00fclerli\u011fi e\u015fi Ba\u015fkan Barack Obama&#8217;dan fazla olan Michelle Obama&#8217;n\u0131n, Barack Obama&#8217;n\u0131n \u00fclke ekonomisinin durumu nedeniyle eriyen pop\u00fclerli\u011fini tekrar kazanmas\u0131na yard\u0131m etmesi ve Amerikan ba\u015fkanl\u0131k se\u00e7imlerinde cumhuriyet\u00e7i aday Mitt Romney kar\u015f\u0131s\u0131nda kazanma \u015fans\u0131n\u0131 y\u00fckseltmesine yard\u0131m etmesi bekleniyor.<\/p>\n<p>\u0130\u015fte bu sebeplerle Michelle Obama&#8217;n\u0131n bu konu\u015fmas\u0131 Amerikan se\u00e7menine, ABD Ba\u015fkan\u0131 olarak Obama&#8217;y\u0131 ilk elden anlatmas\u0131 a\u00e7\u0131s\u0131ndan b\u00fcy\u00fck \u00f6nem ta\u015f\u0131yordu.<\/p>\n<p>2012 Amerika ba\u015fkanl\u0131k se\u00e7imlerinde ba\u015fkan adaylar\u0131n\u0131n e\u015flerinin rolleri de adaylar\u0131n i\u015f ya\u015fam\u0131 d\u0131\u015f\u0131ndaki y\u00f6nlerinin Amerikan halk\u0131na daha yak\u0131nen tan\u0131t\u0131lmas\u0131 y\u00f6n\u00fcnden artm\u0131\u015f g\u00f6r\u00fcn\u00fcyor.<\/p>\n<p>Bu yeni kampanya modelinde ge\u00e7en hafta da Mitt Romney&#8217;in e\u015fi Ann Romney, Cumhuriyet\u00e7i Parti&#8217;nin kurultay\u0131ndaki konu\u015fmas\u0131nda Cumhuriyet\u00e7ilerin ba\u015fkan aday\u0131 ve kocas\u0131 Mitt Romney&#8217;yi uzun uzad\u0131ya anlatm\u0131\u015ft\u0131.<\/p>\n<p>Obama&#8217;y\u0131, sahneye 3 \u00e7ocu\u011fu da Amerikan ordusunda grevli olan bir anne takdim etti ve Michelle Obama&#8217;n\u0131n, kendisinin ge\u00e7en y\u0131l g\u00f6nderdi\u011fi yeni y\u0131l kart\u0131na cevap yazmakla kalmay\u0131p, e\u015fi ve kendisini Beyaz Saray&#8217;a yeme\u011fe davet etti\u011fini s\u00f6yledi.<\/p>\n<h2>ABD Ba\u015fkanl\u0131k se\u00e7imleri : Yeni kampanya trendi &#8216; Anne, a\u015f\u0131k ve sad\u0131k e\u015f ve ailenin \u00f6nemi !<\/h2>\n<p>Michelle Obama sahneye alk\u0131\u015flar e\u015fli\u011finde geldi ve uzun s\u00fcren alk\u0131\u015flar ve ismini anan tezah\u00fcratlarla kar\u015f\u0131land\u0131.<br \/>\nBarack Obama&#8217;n\u0131n nas\u0131l bir ABD ba\u015fkan\u0131 oldu\u011funa dair kompozisyon gibi metni birinci elden anlatan First Lady Obama, Barack Obama&#8217;y\u0131 \u00e7ok iyi bir e\u015f, \u00e7ocuklar\u0131yla ilgilenen bir baba ve ulusun &#8216;g\u00fcvenebilece\u011fi&#8217; bir lider olarak tan\u0131mlad\u0131.<\/p>\n<p>Bayan Obama , Barack Obama&#8217;n\u0131n hala Amerikan halk\u0131n\u0131n 4 y\u0131l \u00f6nce se\u00e7tikleri ba\u015fkan oldu\u011funu, onlar i\u00e7in \u00e7al\u0131\u015ft\u0131\u011f\u0131n\u0131, ona kesinlikle g\u00fcvenebileceklerini ifade ederken, \u00a0Obama, &#8216;\u015eu an Barack&#8217;a 4 y\u0131l \u00f6ncesinden bile daha \u00e7ok a\u015f\u0131\u011f\u0131m&#8217; dedi.<\/p>\n<p>Michelle Obama&#8217;n\u0131n hayli duygu y\u00fckl\u00fc konu\u015fmas\u0131 s\u0131ras\u0131nda zaman zaman g\u00f6zlerinin doldu\u011fu g\u00f6r\u00fcld\u00fc.<\/p>\n<figure id=\"attachment_117709\" aria-describedby=\"caption-attachment-117709\" style=\"width: 610px\" class=\"wp-caption alignnone\"><img loading=\"lazy\" decoding=\"async\" class=\"size-large wp-image-117709\" title=\"ABD Ba\u015fkan\u0131 Barack Obama e\u015fini, k\u0131zlar\u0131yla birlikte Beyaz Saray'dan izledi.\" src=\"http:\/\/www.nationalturk.com\/tr\/wp-content\/uploads\/2012\/09\/baskan-obama-esini-beyaz-saraydan-izledi-nationalturk-0455-610x338.jpg\" alt=\"ABD Ba\u015fkan\u0131 Barack Obama e\u015fini, k\u0131zlar\u0131yla birlikte Beyaz Saray'dan izledi.\" width=\"610\" height=\"340\" srcset=\"https:\/\/www.nationalturk.com\/tr\/wp-content\/uploads\/2012\/09\/baskan-obama-esini-beyaz-saraydan-izledi-nationalturk-0455-280x155.jpg 280w, https:\/\/www.nationalturk.com\/tr\/wp-content\/uploads\/2012\/09\/baskan-obama-esini-beyaz-saraydan-izledi-nationalturk-0455.jpg 621w\" sizes=\"auto, (max-width: 610px) 100vw, 610px\" \/><figcaption id=\"caption-attachment-117709\" class=\"wp-caption-text\">ABD Ba\u015fkan\u0131 Barack Obama e\u015fini, k\u0131zlar\u0131yla birlikte Beyaz Saray&#39;dan izledi.<\/figcaption><\/figure>\n<h3>&#8216; G\u00d6ZZLER\u0130MM DOLUYOR\u00a0MICHELLE KONU\u015eUNCA &#8216;<\/h3>\n<p>Barack Obama ve k\u0131zlar\u0131, Michelle Obama&#8217;n\u0131n konu\u015fmas\u0131n\u0131 Beyaz Saray&#8217;da kanepe \u00fczerine televizyondan izledi. ABD ba\u015fkan\u0131 Obama, e\u015fini izlemeden \u00f6nce, &#8221; K\u0131zlar\u0131m\u0131n babalar\u0131n\u0131 a\u011flarken g\u00f6rmemelerini sa\u011flamaya \u00e7al\u0131\u015faca\u011f\u0131m, \u00e7\u00fcnk\u00fc Michelle konu\u015fmaya ba\u015flad\u0131\u011f\u0131 zaman g\u00f6zlerim doluyor&#8217; &#8216; dedi.<\/p>\n<!-- Error, Advert is not available at this time due to schedule\/geolocation restrictions! -->\n","protected":false},"excerpt":{"rendered":"<p>ABD&#8217;de ba\u015fkanl\u0131k se\u00e7imleri kampanyalar\u0131 k\u0131z\u0131\u015f\u0131rken, First Lady Michelle Obama e\u015fi ABD ba\u015fkan\u0131 Barack Obama ad\u0131na Amerikan se\u00e7menlerine seslendi : O 4 y\u0131l \u00f6nceki Obama, ona g\u00fcvenebilirsiniz<\/p>\n","protected":false},"author":683,"featured_media":182438,"comment_status":"open","ping_status":"open","sticky":false,"template":"","format":"standard","meta":{"_acf_changed":false,"footnotes":""},"categories":[6768,6665,6155,5005,6202,349],"tags":[5901,102752,102764,2509,2936,67617,54062,2505,110450,110452,102756],"class_list":["post-117705","post","type-post","status-publish","format-standard","has-post-thumbnail","hentry","category-amerika","category-dunya","category-gundem","category-manset","category-politika","category-son-dakika","tag-abd-baskani-barack-obama","tag-abd-baskanlik-yarisi","tag-amerika-baskanlik-secimi","tag-barack-obama","tag-beyaz-saray","tag-first-lady","tag-first-lady-michelle-obama","tag-michelle-obama","tag-michelle-obama-abd","tag-michelle-obama-barack-obama","tag-mitt-romney"],"acf":[],"_links":{"self":[{"href":"https:\/\/www.nationalturk.com\/tr\/wp-json\/wp\/v2\/posts\/117705","targetHints":{"allow":["GET"]}}],"collection":[{"href":"https:\/\/www.nationalturk.com\/tr\/wp-json\/wp\/v2\/posts"}],"about":[{"href":"https:\/\/www.nationalturk.com\/tr\/wp-json\/wp\/v2\/types\/post"}],"author":[{"embeddable":true,"href":"https:\/\/www.nationalturk.com\/tr\/wp-json\/wp\/v2\/users\/683"}],"replies":[{"embeddable":true,"href":"https:\/\/www.nationalturk.com\/tr\/wp-json\/wp\/v2\/comments?post=117705"}],"version-history":[{"count":0,"href":"https:\/\/www.nationalturk.com\/tr\/wp-json\/wp\/v2\/posts\/117705\/revisions"}],"wp:featuredmedia":[{"embeddable":true,"href":"https:\/\/www.nationalturk.com\/tr\/wp-json\/wp\/v2\/media\/182438"}],"wp:attachment":[{"href":"https:\/\/www.nationalturk.com\/tr\/wp-json\/wp\/v2\/media?parent=117705"}],"wp:term":[{"taxonomy":"category","embeddable":true,"href":"https:\/\/www.nationalturk.com\/tr\/wp-json\/wp\/v2\/categories?post=117705"},{"taxonomy":"post_tag","embeddable":true,"href":"https:\/\/www.nationalturk.com\/tr\/wp-json\/wp\/v2\/tags?post=117705"}],"curies":[{"name":"wp","href":"https:\/\/api.w.org\/{rel}","templated":true}]}}