{"id":117716,"date":"2012-09-05T22:27:55","date_gmt":"2012-09-05T19:27:55","guid":{"rendered":"http:\/\/www.nationalturk.com\/?p=117716"},"modified":"2012-09-05T22:31:31","modified_gmt":"2012-09-05T19:31:31","slug":"afyonda-askeri-muhimmat-deposunda-patlama-117716","status":"publish","type":"post","link":"https:\/\/www.nationalturk.com\/tr\/afyonda-askeri-muhimmat-deposunda-patlama-117716\/","title":{"rendered":"Afyon&#8217;da askeri m\u00fchimmat deposunda patlama"},"content":{"rendered":"<p><img loading=\"lazy\" decoding=\"async\" class=\"alignleft size-medium wp-image-117279\" title=\"Afyon da askeri birlikte patlama\" src=\"http:\/\/www.nationalturk.com\/tr\/wp-content\/uploads\/2012\/08\/son-dakika-yatay16-280x161.jpg\" alt=\"\" width=\"280\" height=\"161\" srcset=\"https:\/\/www.nationalturk.com\/tr\/wp-content\/uploads\/2012\/08\/son-dakika-yatay16-280x161.jpg 280w, https:\/\/www.nationalturk.com\/tr\/wp-content\/uploads\/2012\/08\/son-dakika-yatay16-610x351.jpg 610w, https:\/\/www.nationalturk.com\/tr\/wp-content\/uploads\/2012\/08\/son-dakika-yatay16.jpg 708w\" sizes=\"auto, (max-width: 280px) 100vw, 280px\" \/><\/p>\n<h1>Afyonkarahisar&#8217;\u0131n Kanl\u0131ca Mahallesi&#8217;nde bulunan askeri m\u00fchimmat deposunda b\u00fcy\u00fck bir patlama meydana geldi.<\/h1>\n<p>Saat 21.00 sular\u0131nda meydana gelen patlama \u015fehir merkezinde de duyuldu. Patlaman\u0131n \u015fiddetinden evler sars\u0131ld\u0131. Vatanda\u015flar deprem oldu\u011funu sanarak sokaklara \u00e7\u0131kt\u0131. Patlama sonras\u0131 g\u00f6ky\u00fcz\u00fcnde toz bulutu meydana geldi.<\/p>\n<p>Patlama sonras\u0131, sa\u011fl\u0131k ekipleri, itfaiye ve kurtarma ekipleri olay yerine sevk edildi.<\/p>\n<p>Afyonkarahisar Emniyet M\u00fcd\u00fcr\u00fc \u0130smail T\u00fcrkmenli patlaman\u0131n sebebinin ara\u015ft\u0131r\u0131ld\u0131\u011f\u0131n\u0131, olayda \u00f6len veya yaral\u0131 olup olmad\u0131\u011f\u0131 konusunda herhangi bir bilgi bulunmad\u0131\u011f\u0131n\u0131 s\u00f6yledi.<\/p>\n<!-- Error, Advert is not available at this time due to schedule\/geolocation restrictions! -->\n","protected":false},"excerpt":{"rendered":"<p>Afyonkarahisar&#8217;\u0131n Kanl\u0131ca Mahallesi&#8217;nde bulunan askeri m\u00fchimmat deposunda b\u00fcy\u00fck bir patlama meydana geldi.<\/p>\n","protected":false},"author":651,"featured_media":182437,"comment_status":"open","ping_status":"open","sticky":false,"template":"","format":"standard","meta":{"_acf_changed":false,"footnotes":""},"categories":[6155,5005,349,6805],"tags":[1978,110469,110465,12987,110468,110471],"class_list":["post-117716","post","type-post","status-publish","format-standard","has-post-thumbnail","hentry","category-gundem","category-manset","category-son-dakika","category-turkiye","tag-afyon","tag-afyon-muhimmat-deposu-patlama","tag-afyon-patlama","tag-afyonkarahisar","tag-askeri-muhimmat-deposu-patlama","tag-ismail-turkmenli"],"acf":[],"_links":{"self":[{"href":"https:\/\/www.nationalturk.com\/tr\/wp-json\/wp\/v2\/posts\/117716","targetHints":{"allow":["GET"]}}],"collection":[{"href":"https:\/\/www.nationalturk.com\/tr\/wp-json\/wp\/v2\/posts"}],"about":[{"href":"https:\/\/www.nationalturk.com\/tr\/wp-json\/wp\/v2\/types\/post"}],"author":[{"embeddable":true,"href":"https:\/\/www.nationalturk.com\/tr\/wp-json\/wp\/v2\/users\/651"}],"replies":[{"embeddable":true,"href":"https:\/\/www.nationalturk.com\/tr\/wp-json\/wp\/v2\/comments?post=117716"}],"version-history":[{"count":0,"href":"https:\/\/www.nationalturk.com\/tr\/wp-json\/wp\/v2\/posts\/117716\/revisions"}],"wp:featuredmedia":[{"embeddable":true,"href":"https:\/\/www.nationalturk.com\/tr\/wp-json\/wp\/v2\/media\/182437"}],"wp:attachment":[{"href":"https:\/\/www.nationalturk.com\/tr\/wp-json\/wp\/v2\/media?parent=117716"}],"wp:term":[{"taxonomy":"category","embeddable":true,"href":"https:\/\/www.nationalturk.com\/tr\/wp-json\/wp\/v2\/categories?post=117716"},{"taxonomy":"post_tag","embeddable":true,"href":"https:\/\/www.nationalturk.com\/tr\/wp-json\/wp\/v2\/tags?post=117716"}],"curies":[{"name":"wp","href":"https:\/\/api.w.org\/{rel}","templated":true}]}}