{"id":117831,"date":"2012-09-07T18:56:42","date_gmt":"2012-09-07T15:56:42","guid":{"rendered":"http:\/\/www.nationalturk.com\/?p=117831"},"modified":"2022-10-04T09:27:07","modified_gmt":"2022-10-04T06:27:07","slug":"sami-hostan-ile-birlikte-15-kisi-tutuklanmalari-talebiyle-mahkemeye-sevk-edildi-117831","status":"publish","type":"post","link":"https:\/\/www.nationalturk.com\/tr\/sami-hostan-ile-birlikte-15-kisi-tutuklanmalari-talebiyle-mahkemeye-sevk-edildi-117831\/","title":{"rendered":"Sami Ho\u015ftan ile birlikte 15 ki\u015fi tutuklanmalar\u0131 talebiyle mahkemeye sevk edildi"},"content":{"rendered":"<p>\u0130stanbul Organize Su\u00e7larla M\u00fccadele \u015eube M\u00fcd\u00fcrl\u00fc\u011f\u00fc ekiplerinin \u00f6nceki g\u00fcn d\u00fczenledi\u011fi \u00a0\u015eafak Operasyonu&#8217;nda g\u00f6z alt\u0131na al\u0131nan, Susurluk h\u00fck\u00fcml\u00fcs\u00fc ve Ergenekon san\u0131\u011f\u0131 Sami Ho\u015ftan ile birlikte 15 ki\u015fi tutuklanmalar\u0131 talebiyle mahkemeye sevk edildi.<\/p>\n<p>\u0130stanbul Organize Su\u00e7larla M\u00fccadele \u015eubesi M\u00fcd\u00fcrl\u00fc\u011f\u00fc&#8217;n\u00fcn ge\u00e7ti\u011fimiz g\u00fcnlerde 51 adrese yapt\u0131\u011f\u0131 operasyonda g\u00f6zalt\u0131na al\u0131nan \u015f\u00fcpheliler \u0130stanbul Emniyet M\u00fcd\u00fcrl\u00fc\u011f\u00fc&#8217;ndeki sorgular\u0131n\u0131n ard\u0131ndan adliyeye sevk edildi.<\/p>\n<p>Soru\u015fturma kapsam\u0131nda, aralar\u0131nda Susurluk davas\u0131n\u0131n h\u00fck\u00fcml\u00fcs\u00fc ve Ergenekon davas\u0131n\u0131n tutuksuz san\u0131\u011f\u0131 Sami Ho\u015ftan&#8217;\u0131n da bulundu\u011fu 42 \u015f\u00fcpheli g\u00f6zalt\u0131na al\u0131nm\u0131\u015ft\u0131. Emniyetteki sorgular\u0131 tamamlanan Ho\u015ftan ve di\u011fer zanl\u0131lar \u00c7a\u011flayan\u2019daki \u0130stanbul Adalet Saray\u0131&#8217;na getirildi. \u015e\u00fcpheliler burada soru\u015fturmay\u0131 y\u00fcr\u00fcten Savc\u0131 \u0130smail G\u00f6kt\u00fcrk taraf\u0131ndan sorguland\u0131.<\/p>\n<p>\u00d6te yandan, g\u00f6zalt\u0131na al\u0131nan \u015f\u00fcphelilerden 4\u2019\u00fc sorgular\u0131n\u0131n ard\u0131ndan serbest b\u0131rak\u0131lm\u0131\u015ft\u0131. \u0130fade i\u015flemi tamamlanan 4 ki\u015fi de d\u00fcn adliyeye sevk edilmi\u015f ve 1 \u015f\u00fcpheli tutuklanm\u0131\u015ft\u0131. \u015e\u00fcphelilerin \u00e7\u0131kar ama\u00e7l\u0131 su\u00e7 \u00f6rg\u00fct\u00fc kurmak, r\u00fc\u015fvet almak ve kumar oynatt\u0131klar\u0131 iddia ediliyor.<\/p>\n<h2>Sami Ho\u015ftan Kimdir?<\/h2>\n<p>Sami Ho\u015ftan, 1 Temmuz 1947 tarihinde do\u011fmu\u015ftur. Lakab\u0131 Arnavut Sami\u2019dir.<\/p>\n<p>Eski \u0130stanbul Sheraton Oteli gazinosunun da ortaklar\u0131ndand\u0131r. Casinolar kapat\u0131lana kadar Sheraton otel&#8217;in i\u015fletmi\u015ftir.<\/p>\n<p>2. M\u0130T Raporu&#8217;nda DHKP\/C \u00f6rg\u00fct\u00fc ile ili\u015fkili oldu\u011fu, \u0130spanya, Hollanda ve Kolombiya ba\u011flant\u0131l\u0131 uyu\u015fturucu ka\u00e7ak\u00e7\u0131l\u0131\u011f\u0131 yapt\u0131\u011f\u0131 iddia edilmi\u015ftir. Susurluk davas\u0131 h\u00fck\u00fcml\u00fcs\u00fc Sami Ho\u015ftan ayn\u0131 zamanda Ergenekon davas\u0131 san\u0131\u011f\u0131 olarakta yarg\u0131lanm\u0131\u015ft\u0131r.<\/p>\n<p>M\u0130T Raporun da ayr\u0131ca, Tar\u0131k \u00dcmit&#8217;in ka\u00e7\u0131r\u0131ld\u0131ktan sonra Abdullah \u00c7atl\u0131 taraf\u0131ndan Sami Ho\u015ftan&#8217;\u0131n \u00e7iftli\u011finde sorguland\u0131\u011f\u0131 da iddia edilmi\u015ftir.<\/p>\n<p>1996&#8217;da Susurluk&#8217;taki trafik kazas\u0131n\u0131n sonras\u0131 ortaya \u00e7\u0131kan karanl\u0131k ili\u015fkilerle ilgili 14 san\u0131\u011f\u0131n yarg\u0131land\u0131\u011f\u0131 dava d\u00f6rd\u00fcnc\u00fc y\u0131l\u0131n sonunda davan\u0131n karar\u0131na g\u00f6re, \u00d6zel Harek\u00e2t Dairesi eski Ba\u015fkan Vekili \u0130brahim \u015eahin ve eski M\u0130T g\u00f6revlilerinden Korkut Eken, &#8220;C\u00fcr\u00fcm i\u015flemek i\u00e7in \u00e7ete olu\u015fturmak ve bu \u00e7eteyi y\u00f6netmek&#8221; su\u00e7undan alt\u0131\u015far y\u0131l, Sami Ho\u015ftan&#8217;\u0131n da aralar\u0131nda bulundu\u011fu 12 san\u0131k ise &#8220;C\u00fcr\u00fcm i\u015flemek i\u00e7in \u00e7ete olu\u015fturmak&#8221;tan d\u00f6rder y\u0131l hapis cezas\u0131na \u00e7arpt\u0131r\u0131lm\u0131\u015ft\u0131.<\/p>\n<p><img loading=\"lazy\" decoding=\"async\" class=\"alignnone size-full wp-image-297227\" src=\"https:\/\/www.nationalturk.com\/tr\/wp-content\/uploads\/2012\/09\/Sami-Hostan-NationalTurk.webp\" alt=\"Sami Ho\u015ftan Kumar \u00e7etesi \" width=\"740\" height=\"416\" title=\"\" srcset=\"https:\/\/www.nationalturk.com\/tr\/wp-content\/uploads\/2012\/09\/Sami-Hostan-NationalTurk.webp 740w, https:\/\/www.nationalturk.com\/tr\/wp-content\/uploads\/2012\/09\/Sami-Hostan-NationalTurk-390x220.webp 390w\" sizes=\"auto, (max-width: 740px) 100vw, 740px\" \/><\/p>\n<p>San\u0131klar\u0131n t\u00fcm\u00fcne yurtd\u0131\u015f\u0131na \u00e7\u0131kma yasa\u011f\u0131 konuldu. Ceza onayland\u0131\u011f\u0131 takdirde \u0130nfaz Yasas\u0131&#8217;na g\u00f6re daha \u00f6nce 31 g\u00fcn cezaevinde tutuklu kalan Sami Ho\u015ftan, 555 g\u00fcn daha hapis cezas\u0131na \u00e7arpt\u0131r\u0131ld\u0131.<\/p>\n<p>22 Ocak 2008 tarihinde Ergenekon soru\u015fturmas\u0131n\u0131n 4. dalga operasyonunda g\u00f6zalt\u0131na al\u0131nd\u0131. Ergenekon davas\u0131nda silahl\u0131 ter\u00f6r \u00f6rg\u00fct\u00fcne \u00fcye olma ve 6136 say\u0131l\u0131 kanuna muhalefet su\u00e7lamalar\u0131yla tutuksuz yarg\u0131land\u0131. 5 A\u011fustos 2013&#8217;te \u0130stanbul 13. A\u011f\u0131r Ceza Mahkemesi taraf\u0131ndan karara ba\u011flanan Ergenekon davas\u0131nda 10 y\u0131l hapis cezas\u0131na \u00e7arpt\u0131r\u0131ld\u0131.<\/p>\n<p>Ergenekon soru\u015fturmas\u0131 kapsam\u0131nda 2008 tarihinde tutuklanan i\u015fadam\u0131 Sami Ho\u015ftan, \u015eubat 2009\u2019da Silivri cezaevi\u2019nden tahliye edildi.<\/p>\n<h3>Sami Ho\u015ftan, 7 Eyl\u00fcl 2012 tarihinde \u201cKumar \u00e7etesi\u201d soru\u015fturma kapsam\u0131nda tutukland\u0131.<\/h3>\n<p>Avukatlar\u0131, Sami Ho\u015ftan&#8217;\u0131n \u201cKaraci\u011fer kanseri\u201d oldu\u011fu gerek\u00e7esiyle yarg\u0131lamay\u0131 yapan \u0130stanbul 23. A\u011f\u0131r Ceza Mahkemesi\u2019ne infaz\u0131n durdurulmas\u0131 ve tahliye edilmesi talebinde bulundu. Mahkeme Adli T\u0131p Kurumu\u2019ndan Ho\u015ftan\u2019\u0131n sa\u011fl\u0131k durumuna ili\u015fkin rapor istedi.<\/p>\n<p>Sami Ho\u015ftan, gelen rapor \u00fczerine 10 Aral\u0131k 2013 tarihinde mahkemece tahliye edildi. Ho\u015ftan, 5 A\u011fustos 2013\u2019te \u0130stanbul 13. A\u011f\u0131r Ceza Mahkemesi taraf\u0131ndan karara ba\u011flanan Ergenekon davas\u0131nda silahl\u0131 ter\u00f6r \u00f6rg\u00fct\u00fcne \u00fcye olma ve 6136 say\u0131l\u0131 kanuna muhalefet su\u00e7lamalar\u0131yla 10 y\u0131l hapis cezas\u0131na \u00e7arpt\u0131r\u0131ld\u0131.<br \/>\nSami Ho\u015ftan, Susurluk davas\u0131 kapsam\u0131nda da \u201cC\u00fcr\u00fcm i\u015flemek i\u00e7in \u00e7ete olu\u015fturmak\u201d su\u00e7undan 4 y\u0131l hapis cezas\u0131na \u00e7arpt\u0131r\u0131ld\u0131.<\/p>\n<figure id=\"attachment_297228\" aria-describedby=\"caption-attachment-297228\" style=\"width: 800px\" class=\"wp-caption alignnone\"><img loading=\"lazy\" decoding=\"async\" class=\"wp-image-297228 size-medium\" src=\"https:\/\/www.nationalturk.com\/tr\/wp-content\/uploads\/2012\/09\/Sami-Hostan-Ali-Fevzi-Bir-Susurluk-Kumar-800x450.webp\" alt=\"Sami Ho\u015ftan, 7 Eyl\u00fcl 2012 tarihinde \u201cKumar \u00e7etesi\u201d soru\u015fturma kapsam\u0131nda tutukland\u0131.\" width=\"800\" height=\"450\" title=\"\" srcset=\"https:\/\/www.nationalturk.com\/tr\/wp-content\/uploads\/2012\/09\/Sami-Hostan-Ali-Fevzi-Bir-Susurluk-Kumar-800x450.webp 800w, https:\/\/www.nationalturk.com\/tr\/wp-content\/uploads\/2012\/09\/Sami-Hostan-Ali-Fevzi-Bir-Susurluk-Kumar-1024x576.webp 1024w, https:\/\/www.nationalturk.com\/tr\/wp-content\/uploads\/2012\/09\/Sami-Hostan-Ali-Fevzi-Bir-Susurluk-Kumar-390x220.webp 390w, https:\/\/www.nationalturk.com\/tr\/wp-content\/uploads\/2012\/09\/Sami-Hostan-Ali-Fevzi-Bir-Susurluk-Kumar.webp 1200w\" sizes=\"auto, (max-width: 800px) 100vw, 800px\" \/><figcaption id=\"caption-attachment-297228\" class=\"wp-caption-text\">Sami Ho\u015ftan, 7 Eyl\u00fcl 2012 tarihinde \u201cKumar \u00e7etesi\u201d soru\u015fturma kapsam\u0131nda tutukland\u0131.<\/figcaption><\/figure>\n<p>&nbsp;<\/p>\n","protected":false},"excerpt":{"rendered":"<p>\u0130stanbul Organize Su\u00e7larla M\u00fccadele \u015eube M\u00fcd\u00fcrl\u00fc\u011f\u00fc ekiplerinin \u00f6nceki g\u00fcn d\u00fczenledi\u011fi  \u015eafak Operasyonu&#8217;nda g\u00f6z alt\u0131na al\u0131nan, Susurluk h\u00fck\u00fcml\u00fcs\u00fc ve Ergenekon san\u0131\u011f\u0131 Sami Ho\u015ftan ile birlikte 15 ki\u015fi tutuklanmalar\u0131 talebiyle mahkemeye sevk edildi.<\/p>\n","protected":false},"author":28,"featured_media":117833,"comment_status":"open","ping_status":"open","sticky":false,"template":"","format":"standard","meta":{"_acf_changed":false,"footnotes":""},"categories":[6774,6155,5005,6667,220943,6194,220967],"tags":[27629,8071,110628,91399,94987,22734,87065],"class_list":["post-117831","post","type-post","status-publish","format-standard","has-post-thumbnail","hentry","category-futbol","category-gundem","category-manset","category-medya","category-siyaset","category-spor","category-susurluk","tag-abdullah-catli","tag-ergenekon","tag-istanbul-adalet-sarayi","tag-safak-operasyonu","tag-sami-hostan","tag-susurluk","tag-tarik-umit"],"acf":[],"_links":{"self":[{"href":"https:\/\/www.nationalturk.com\/tr\/wp-json\/wp\/v2\/posts\/117831","targetHints":{"allow":["GET"]}}],"collection":[{"href":"https:\/\/www.nationalturk.com\/tr\/wp-json\/wp\/v2\/posts"}],"about":[{"href":"https:\/\/www.nationalturk.com\/tr\/wp-json\/wp\/v2\/types\/post"}],"author":[{"embeddable":true,"href":"https:\/\/www.nationalturk.com\/tr\/wp-json\/wp\/v2\/users\/28"}],"replies":[{"embeddable":true,"href":"https:\/\/www.nationalturk.com\/tr\/wp-json\/wp\/v2\/comments?post=117831"}],"version-history":[{"count":0,"href":"https:\/\/www.nationalturk.com\/tr\/wp-json\/wp\/v2\/posts\/117831\/revisions"}],"wp:featuredmedia":[{"embeddable":true,"href":"https:\/\/www.nationalturk.com\/tr\/wp-json\/wp\/v2\/media\/117833"}],"wp:attachment":[{"href":"https:\/\/www.nationalturk.com\/tr\/wp-json\/wp\/v2\/media?parent=117831"}],"wp:term":[{"taxonomy":"category","embeddable":true,"href":"https:\/\/www.nationalturk.com\/tr\/wp-json\/wp\/v2\/categories?post=117831"},{"taxonomy":"post_tag","embeddable":true,"href":"https:\/\/www.nationalturk.com\/tr\/wp-json\/wp\/v2\/tags?post=117831"}],"curies":[{"name":"wp","href":"https:\/\/api.w.org\/{rel}","templated":true}]}}