{"id":118255,"date":"2012-09-14T10:45:23","date_gmt":"2012-09-14T07:45:23","guid":{"rendered":"http:\/\/www.nationalturk.com\/?p=118255"},"modified":"2014-06-11T16:17:37","modified_gmt":"2014-06-11T13:17:37","slug":"turkiyede-freni-tutamayan-futbol-118255","status":"publish","type":"post","link":"https:\/\/www.nationalturk.com\/tr\/turkiyede-freni-tutamayan-futbol-118255\/","title":{"rendered":"T\u00fcrkiye&#8217;de Freni Tutamayan Futbol&#8230;"},"content":{"rendered":"<h1><img loading=\"lazy\" decoding=\"async\" class=\"alignleft size-medium wp-image-118256\" title=\"\" src=\"http:\/\/www.nationalturk.com\/tr\/wp-content\/uploads\/2012\/09\/mg-anasayfa-206x220.jpg\" alt=\"\" width=\"206\" height=\"220\" srcset=\"https:\/\/www.nationalturk.com\/tr\/wp-content\/uploads\/2012\/09\/mg-anasayfa-206x220.jpg 206w, https:\/\/www.nationalturk.com\/tr\/wp-content\/uploads\/2012\/09\/mg-anasayfa.jpg 300w\" sizes=\"auto, (max-width: 206px) 100vw, 206px\" \/>NationalTurk yorumcusu M\u00fcsl\u00fcm G\u00fclhan&#8217;\u0131n &#8216;T\u00fcrkiye&#8217;de Freni Tutamayan Futbol&#8230;&#8217; ba\u015fl\u0131kl\u0131 yaz\u0131s\u0131;<\/h1>\n<p>B\u00fclent Y\u00fcksel ile radyoda yapt\u0131\u011f\u0131m\u0131z konu\u015fma esnas\u0131nda; bir \u015feye \u00e7ok sinirlendi\u011fini s\u00f6yledi: &#8220;Bu futbol yap\u0131lanmas\u0131 nedir?..&#8221; diye.<\/p>\n<p>Asl\u0131nda hakl\u0131 oldu\u011fu nokta var; \u00e7\u00fcnk\u00fc herkes bir yap\u0131lanmadan s\u00f6z ediyor ama i\u00e7eri\u011fi konusunda bilgi veremiyor.<br \/>\nSanki bu kelimenin arkas\u0131na saklan\u0131l\u0131yor gibi bir hava var ortada\u2026<br \/>\n\u00d6ncelikle bizim kendimize ait bir \u201ckurumsal\u201d futbol anlay\u0131\u015f\u0131m\u0131z yok.<br \/>\nYani \u2018ekol\u2019\u2026<br \/>\nHal b\u00f6yle olunca bir tak\u0131m savunma mekanizmalar\u0131 geli\u015ftirilerek zaman kazan\u0131lacak c\u00fcmleler ve kelimeler ortaya at\u0131larak s\u00fcre\u00e7 i\u00e7inde tekrar bir zaman kazanma stratejisi ortaya konuluyor.<br \/>\nAma nafile zamanlar oluyor bu s\u00fcre\u00e7ler\u2026<br \/>\n\u0130\u015fte 2008 Terim d\u00f6nemi&#8230;<br \/>\nHiddink d\u00f6nemi\u2026<br \/>\nVe Avc\u0131 d\u00f6nemi\u2026<br \/>\nOrtada futbola ait ve bizim Ulusal tak\u0131ma ait hi\u00e7bir \u015fey yok.<br \/>\nSadece teknik adamlar\u0131n kendilerine ait g\u00fcnl\u00fck ve ma\u00e7l\u0131k stratejileri var.<br \/>\nO y\u00fczdendir ki sonu\u00e7lar bu kadar ini\u015f ve \u00e7\u0131k\u0131\u015fl\u0131d\u0131r.<br \/>\nHele hele d\u00f6nem; siyasi ve bir tak\u0131m insan g\u00fcc\u00fc etkisi alt\u0131ndaysa durum daha da vahimle\u015fiyor.<br \/>\nFutbol bu s\u00fcre\u00e7te \u201cg\u00fc\u00e7ler\u201d i\u00e7in bir ara\u00e7 haline geliyor ki ma\u00e7\u0131n ve kadrolar\u0131n bir \u00f6nemi kalm\u0131yor.<br \/>\nNeyse B\u00fclent Y\u00fcksel\u2019in hakl\u0131 oldu\u011fu kayg\u0131lar\u0131na a\u00e7\u0131kl\u0131k getirelim.<br \/>\nYap\u0131lanma; bir oyuncu tercihi de\u011fildir.<br \/>\nYap\u0131lanma; s\u00fcreklilik arz edecek prensipler silsilesidir.<br \/>\nTabi\u00ee ki bu s\u00fcrece uygun oyuncular belirlenecek ama \u00f6nemli olan prensiplere uygun oyuncu havuzu belirlenip bu kadro istikrar\u0131 ile oyun anlay\u0131\u015f\u0131n\u0131n oturtulmaya \u00e7al\u0131\u015f\u0131lmas\u0131d\u0131r.<br \/>\nBu zaman dilimi i\u00e7inde skor olarak istedi\u011finizi alamayabilirsiniz ama uzun vadede ba\u015far\u0131 ka\u00e7\u0131n\u0131lmaz olur.<br \/>\n\u0130\u015fte L\u00f6w ve Almanya\u2026<br \/>\nVan Gaal ve yeni kadrosu ile Hollanda.<br \/>\nGe\u00e7i\u015f d\u00f6nemi kadrosu ile uzun vade kadroyu i\u00e7 i\u00e7e sokarak istenilen yap\u0131y\u0131 kurmak futbol ad\u0131na istikrar\u0131 sa\u011flar.<br \/>\nAc\u0131 olan ise bizim ne L\u00f6w d\u00f6nemini ne de Van Gaal d\u00f6nemini ya\u015fayamayaca\u011f\u0131m\u0131z\u0131n ger\u00e7e\u011fini bilmemizdir.<br \/>\nTeknik yap\u0131 i\u00e7inde isimler gelip ge\u00e7ecek fakat ayn\u0131 tart\u0131\u015fma y\u0131llarca s\u00fcr\u00fcp devam edecek.<br \/>\nBundan emin olabilirsiniz.<br \/>\n\u00c7\u00fcnk\u00fc kimsenin futbol kayg\u0131s\u0131 yok.<br \/>\nEn az\u0131ndan B\u00fclent Y\u00fcksel kadar\u2026<\/p>\n<p><strong>M\u00fcsl\u00fcm G\u00fclhan \/ NationalTurk<\/strong><\/p>\n<div class=\"a-single a-157\"><!-- nationalturk.com Bali 610x90 -->\r\n<ins data-revive-zoneid=\"412\" data-revive-ct0=\"{clickurl_enc}\" data-revive-id=\"2093837923c3e243d9d78d731533cba1\"><\/ins>\r\n<script async src=\"\/\/www.hot-affiliates.com\/ad\/www\/delivery\/asyncjs.php\"><\/script><\/div>\n","protected":false},"excerpt":{"rendered":"<p>NationalTurk yorumcusu M\u00fcsl\u00fcm G\u00fclhan&#8217;\u0131n &#8216;T\u00fcrkiye&#8217;de Freni Tutamayan Futbol&#8230;&#8217; ba\u015fl\u0131kl\u0131 yaz\u0131s\u0131;<\/p>\n","protected":false},"author":4,"featured_media":182350,"comment_status":"open","ping_status":"open","sticky":false,"template":"","format":"standard","meta":{"_acf_changed":false,"footnotes":""},"categories":[8244],"tags":[64548,11490,5891,17201,31418,6498,195969,5508,10061,8914,6473,195938],"class_list":["post-118255","post","type-post","status-publish","format-standard","has-post-thumbnail","hentry","category-fifa-dunya-kupasi","tag-abdullah-avci","tag-bulent-yuksel","tag-fatih-terim","tag-hiddink","tag-low","tag-milli-takim","tag-muslum-gulhan","tag-national-turk","tag-nationalturk","tag-turk-futbolu","tag-turk-milli-takimi","tag-turkiye"],"acf":[],"_links":{"self":[{"href":"https:\/\/www.nationalturk.com\/tr\/wp-json\/wp\/v2\/posts\/118255","targetHints":{"allow":["GET"]}}],"collection":[{"href":"https:\/\/www.nationalturk.com\/tr\/wp-json\/wp\/v2\/posts"}],"about":[{"href":"https:\/\/www.nationalturk.com\/tr\/wp-json\/wp\/v2\/types\/post"}],"author":[{"embeddable":true,"href":"https:\/\/www.nationalturk.com\/tr\/wp-json\/wp\/v2\/users\/4"}],"replies":[{"embeddable":true,"href":"https:\/\/www.nationalturk.com\/tr\/wp-json\/wp\/v2\/comments?post=118255"}],"version-history":[{"count":0,"href":"https:\/\/www.nationalturk.com\/tr\/wp-json\/wp\/v2\/posts\/118255\/revisions"}],"wp:featuredmedia":[{"embeddable":true,"href":"https:\/\/www.nationalturk.com\/tr\/wp-json\/wp\/v2\/media\/182350"}],"wp:attachment":[{"href":"https:\/\/www.nationalturk.com\/tr\/wp-json\/wp\/v2\/media?parent=118255"}],"wp:term":[{"taxonomy":"category","embeddable":true,"href":"https:\/\/www.nationalturk.com\/tr\/wp-json\/wp\/v2\/categories?post=118255"},{"taxonomy":"post_tag","embeddable":true,"href":"https:\/\/www.nationalturk.com\/tr\/wp-json\/wp\/v2\/tags?post=118255"}],"curies":[{"name":"wp","href":"https:\/\/api.w.org\/{rel}","templated":true}]}}